{"id":485538,"date":"2025-10-24T00:16:13","date_gmt":"2025-10-24T00:16:13","guid":{"rendered":"https:\/\/www.europesays.com\/fr\/485538\/"},"modified":"2025-10-24T00:16:13","modified_gmt":"2025-10-24T00:16:13","slug":"le-prix-marcel-duchamp-2025-attribue-au-peintre-chinois-xie-lei","status":"publish","type":"post","link":"https:\/\/www.europesays.com\/fr\/485538\/","title":{"rendered":"Le Prix Marcel Duchamp 2025 attribu\u00e9 au peintre chinois Xie Lei"},"content":{"rendered":"<p>\n    <strong>DISTINCTION &#8211; <\/strong>Pour une fois, c\u2019est la peinture qui est mise \u00e0 l\u2019honneur \u00e0 travers cet artiste de 42 ans qui unit deux cultures, chinoise et fran\u00e7aise.<\/p>\n<p class=\"fig-paragraph\">Et la gagnante est&#8230;. la peinture, depuis longtemps oubli\u00e9e par les\u00a0<a href=\"http:\/\/www.lefigaro.fr\/culture\/quatre-beaux-finalistes-pour-le-prix-marcel-duchamp-2025-20250109\" data-fig-type=\"Article\" data-gtm-custom-categorie=\"navigation\" data-gtm-custom-action=\"crossclick\" data-gtm-custom-label=\"Contextuel\" data-gtm-event=\"customEventSPE\" data-fig-domain=\"LEFIGARO\" target=\"_blank\" rel=\"noopener\">Prix Marcel Duchamp<\/a>\u00a0qui lui ont pr\u00e9f\u00e9r\u00e9 les installations, les vid\u00e9os et les sculptures. Et le gagnant est\u00a0<a href=\"https:\/\/www.lefigaro.fr\/arts-expositions\/2011\/02\/14\/03015-20110214ARTFIG00751-xie-lei.php\" data-fig-type=\"Article\" data-gtm-custom-categorie=\"navigation\" data-gtm-custom-action=\"crossclick\" data-gtm-custom-label=\"Contextuel\" data-gtm-event=\"customEventSPE\" data-fig-domain=\"LEFIGARO\" target=\"_blank\" rel=\"noopener\">Xie Lei<\/a>, n\u00e9 en 1983 en Chine, repr\u00e9sent\u00e9 avec passion par la Galerie Semiose (Paris), mais aussi \u00e0 l\u2019international par des pointures comme Sies + H\u00f6ke (D\u00fcsseldorf), Meessen (Bruxelles) et Fran\u00e7ois Ghebaly (Los Angeles, New York). \u00ab Les tableaux de Xie Lei sont une expression particuli\u00e8rement aboutie de ce qu\u2019est ce d\u00e9but de XXIe si\u00e8cle. Depuis\u00a0<a href=\"http:\/\/www.lefigaro.fr\/international\/dossier\/11-septembre-2001-il-y-a-vingt-ans-un-attentat-bouleversait-le-monde\" data-fig-type=\"Topic\" data-gtm-custom-categorie=\"navigation\" data-gtm-custom-action=\"crossclick\" data-gtm-custom-label=\"Contextuel\" data-gtm-event=\"customEventSPE\" data-fig-domain=\"LEFIGARO\" target=\"_blank\" rel=\"noopener\">les attentats du 11 septembre 2001<\/a> , l\u2019absence de rep\u00e8res et le vertige sont devenus les sensations les plus commun\u00e9ment ressenties. Ils en offrent une\u00a0<br \/>repr\u00e9sentation \u00e0 la fois concise et envo\u00fbtante qui fait de Xie Lei une des figures les plus remarquables de la nouvelle sc\u00e8ne fran\u00e7aise. Nous sommes heureux de les pr\u00e9senter au Mus\u00e9e d\u2019Art Moderne dans le cadre du 25e et prestigieux Prix Marcel Duchamp\u00a0\u00bb, s\u2019est f\u00e9licit\u00e9 Fabrice Hergott, grand amateur de peinture comme en\u2026<\/p>\n<p class=\"fig-premium-paywall__infos\">\n        Cet article est r\u00e9serv\u00e9 aux abonn\u00e9s.        Il vous reste 86% \u00e0 d\u00e9couvrir.\n    <\/p>\n<p>                <img  data- alt=\"Le Figaro\" class=\"fig-img--complete fig-img\"\/><\/p>\n<p class=\"fig-premium-paywall__title\">Vous avez envie de lire la suite ?<\/p>\n<p class=\"fig-premium-paywall__subtitle\">D\u00e9bloquez tous les articles imm\u00e9diatement.<\/p>\n<p class=\"fig-premium-paywall__connect\">\n                D\u00e9j\u00e0 abonn\u00e9\u00a0?                <a class=\"fig-premium-paywall__connect-link\" href=\"https:\/\/connect.lefigaro.fr\/login?client=horizon_web&amp;type=main&amp;redirect_uri=https%3A%2F%2Fwww.lefigaro.fr%2Farts-expositions%2Fle-prix-marcel-duchamp-2025-attribue-au-peintre-chinois-xie-lei-20251023\" data-js-gtm=\"{&quot;customCategorie&quot;: &quot;conversion&quot;, &quot;customAction&quot;: &quot;before_Landing_Connexion_paywall_auto&quot;, &quot;customLabel&quot;: &quot;bGVmaWdhcm8uZnJfXzFmMGIwMmU4LTk2NWEtNmRkOC05ZjIyLTFiYmM1Y2IzMjljN19fQXJ0aWNsZQ==_Le Prix Marcel Duchamp 2025 attribu\u00e9 au peintre chinois Xie Lei_1000&quot;, &quot;customIDSPE&quot;: &quot;bGVmaWdhcm8uZnJfXzFmMGIwMmU4LTk2NWEtNmRkOC05ZjIyLTFiYmM1Y2IzMjljN19fQXJ0aWNsZQ==&quot;, &quot;event&quot;: &quot;customEventSPE&quot;}\" target=\"_blank\" rel=\"noopener\"><br \/>\n                    Connectez-vous<br \/>\n                <\/a>\n            <\/p>\n","protected":false},"excerpt":{"rendered":"DISTINCTION &#8211; Pour une fois, c\u2019est la peinture qui est mise \u00e0 l\u2019honneur \u00e0 travers cet artiste de&hellip;\n","protected":false},"author":2,"featured_media":485539,"comment_status":"","ping_status":"","sticky":false,"template":"","format":"standard","meta":{"footnotes":""},"categories":[1358],"tags":[1396,1348,1384,1385,1386,58,59,1011,27,53600,2141],"class_list":{"0":"post-485538","1":"post","2":"type-post","3":"status-publish","4":"format-standard","5":"has-post-thumbnail","7":"category-arts-et-design","8":"tag-art-contemporain","9":"tag-arts","10":"tag-arts-and-design","11":"tag-arts-et-design","12":"tag-design","13":"tag-divertissement","14":"tag-entertainment","15":"tag-fr","16":"tag-france","17":"tag-marcel-duchamp","18":"tag-prix"},"share_on_mastodon":{"url":"https:\/\/pubeurope.com\/@fr\/115426268585582872","error":""},"_links":{"self":[{"href":"https:\/\/www.europesays.com\/fr\/wp-json\/wp\/v2\/posts\/485538","targetHints":{"allow":["GET"]}}],"collection":[{"href":"https:\/\/www.europesays.com\/fr\/wp-json\/wp\/v2\/posts"}],"about":[{"href":"https:\/\/www.europesays.com\/fr\/wp-json\/wp\/v2\/types\/post"}],"author":[{"embeddable":true,"href":"https:\/\/www.europesays.com\/fr\/wp-json\/wp\/v2\/users\/2"}],"replies":[{"embeddable":true,"href":"https:\/\/www.europesays.com\/fr\/wp-json\/wp\/v2\/comments?post=485538"}],"version-history":[{"count":0,"href":"https:\/\/www.europesays.com\/fr\/wp-json\/wp\/v2\/posts\/485538\/revisions"}],"wp:featuredmedia":[{"embeddable":true,"href":"https:\/\/www.europesays.com\/fr\/wp-json\/wp\/v2\/media\/485539"}],"wp:attachment":[{"href":"https:\/\/www.europesays.com\/fr\/wp-json\/wp\/v2\/media?parent=485538"}],"wp:term":[{"taxonomy":"category","embeddable":true,"href":"https:\/\/www.europesays.com\/fr\/wp-json\/wp\/v2\/categories?post=485538"},{"taxonomy":"post_tag","embeddable":true,"href":"https:\/\/www.europesays.com\/fr\/wp-json\/wp\/v2\/tags?post=485538"}],"curies":[{"name":"wp","href":"https:\/\/api.w.org\/{rel}","templated":true}]}}