{"id":485540,"date":"2025-10-24T00:17:17","date_gmt":"2025-10-24T00:17:17","guid":{"rendered":"https:\/\/www.europesays.com\/fr\/485540\/"},"modified":"2025-10-24T00:17:17","modified_gmt":"2025-10-24T00:17:17","slug":"cracher-sur-mathieu-bock-cote-sans-se-fatiguer","status":"publish","type":"post","link":"https:\/\/www.europesays.com\/fr\/485540\/","title":{"rendered":"Cracher sur Mathieu Bock-C\u00f4t\u00e9 sans se fatiguer"},"content":{"rendered":"<p><strong>C\u2019est stupide de critiquer un livre sans savoir ce qu\u2019il y a entre ses pages. Mais deux maisons d\u2019\u00e9dition qu\u00e9b\u00e9coises ont choisi d\u2019attaquer le nouveau livre de Mathieu Bock-C\u00f4te, avant m\u00eame la parution, alors que le livre est sous embargo et sort seulement jeudi en France.<\/strong><\/p>\n<p>Venant de maisons d\u2019\u00e9dition qui devraient d\u00e9fendre la libert\u00e9 de penser, c\u2019est \u00e0 la fois stupide, mesquin et honteux.<\/p>\n<p>  <strong>L\u2019ensemble de l\u2019\u0153uvre<\/strong><\/p>\n<p>Mathieu Bock-C\u00f4t\u00e9 (MBC) a un nouveau livre, Les deux Occidents: de la contre-r\u00e9volution trumpiste \u00e0 la d\u00e9rive sovi\u00e9tique de l\u2019Europe occidentale, qui paraissait jeudi aux Presses de la Cit\u00e9.<\/p>\n<p>Mathieu m\u2019a confirm\u00e9 que personne n\u2019a pu lire le livre\u00a0avant jeudi&#8230; m\u00eame pas ses amis les plus proches.<\/p>\n<p>Or, sur sa page Facebook, la maison d\u2019\u00e9dition Lux qualifie le livre de \u00abnouveau roman de l\u2019extr\u00eame droite\u00bb.<\/p>\n<p>Vous n\u2019\u00eates pas sans savoir qu\u2019en 2025 associer un auteur \u00e0 l\u2019extr\u00eame droite, c\u2019est lui mettre une cible dans le dos.<\/p>\n<p>Apr\u00e8s cette accusation grave, la maison Lux \u00e9crit un r\u00e9sum\u00e9 ridiculisant le livre et diabolisant son auteur. Et conclut en disant:\u00a0\u00abVoil\u00e0 un auteur qui met son imagination au pouvoir!\u00bb.<\/p>\n<p>J\u2019ai parl\u00e9 jeudi \u00e0 Mark Fortier, \u00e9diteur de Lux. Il m\u2019a affirm\u00e9 qu\u2019il avait lu \u00abpas au complet, mais en partie\u00bb le livre de Mathieu. Quand je lui ai demand\u00e9 comment il se l\u2019\u00e9tait procur\u00e9, il m\u2019a d\u2019abord r\u00e9pondu \u00abc\u2019est pas de vos affaires\u00bb puis \u00abc\u2019est pas important\u00bb.<\/p>\n<p>Je vous rappelle que m\u00eame les amis proches de Mathieu n\u2019ont pas eu acc\u00e8s au livre, mais passons. Monsieur Fortier m\u2019a ensuite affirm\u00e9 qu\u2019il \u00abrebondissait\u00a0sur le quatri\u00e8me de couverture\u00bb.\u00a0Quand je lui ai demand\u00e9 s\u2019il trouvait professionnel de critiquer un livre en se basant uniquement sur le petit r\u00e9sum\u00e9 \u00e0 l\u2019arri\u00e8re, il m\u2019a r\u00e9pondu: \u00abCe n\u2019est pas juste \u00e7a, c\u2019est l\u2019ensemble de l\u2019\u0153uvre\u00bb. Puis, apr\u00e8s m\u2019avoir dit qu\u2019il n\u2019avait rien \u00e0 ajouter, il a mis fin \u00e0 la conversation.<\/p>\n<p>Mark Fortier a pondu il y a quelques ann\u00e9es un bouquin dans lequel il racontait avoir lu du MBC pendant un an. Pourquoi se pencher sur le nouveau livre de Mathieu? Il suffit d\u2019avoir lu les autres, et voil\u00e0, hop, bingo, on peut cracher sur MBC sans se fatiguer!<\/p>\n<p>Et \u00e7a se pr\u00e9tend des \u00e9diteurs s\u00e9rieux? Et \u00e7a se dit des auteurs rigoureux?<\/p>\n<p>Ce qui me chicote, c\u2019est la r\u00e9action de certains acteurs du milieu du livre qui ont r\u00e9agi \u00e0 cette entr\u00e9e Facebook.<\/p>\n<p>L\u2019\u00abautrice\u00bb Josiane Cossette, qui chronique dans Le Devoir, a ainsi comment\u00e9:\u00a0\u00abOn dirait qu\u2019il a mis des concepts dans un petit sac et qu\u2019il a pig\u00e9 dedans, comme au Scrabble. Et dire \u00e7a s\u2019en prend \u00e0 la pr\u00e9tendue novlangue de la gauche&#8230;!\u00bb. Madame Cossette n\u2019a pas lu le livre de Mathieu. Mais elle a lu le texte du gars qui parle du livre de Mathieu sans l\u2019avoir lu. J\u2019imagine que c\u2019est comme l\u2019homme qui a vu l\u2019homme qui a vu l\u2019ours.<\/p>\n<p>  <strong>De quoi tu parles?<\/strong><\/p>\n<p>Une autre maison d\u2019\u00e9dition qu\u00e9b\u00e9coise, \u00c9cosoci\u00e9t\u00e9, a aussi publi\u00e9 une critique du livre de Mathieu: \u00abL\u2019id\u00e9ologue, faux rebelle et victime devant l\u2019\u00c9ternel, Mathieu Bock-C\u00f4t\u00e9, s\u2019appr\u00eate \u00e0 forcer dans nos gorges sa nouvelle chim\u00e8re\u00bb. Eux non plus n\u2019ont pas lu le livre. Mais ils l\u2019attaquent. Et nous annoncent que dans leur prochain livre sur le fascisme, un chapitre est consacr\u00e9 \u00e0 Mathieu!<\/p>\n<p>Fascisme, extr\u00eame droite: tout ce qui est exag\u00e9r\u00e9 est ridicule&#8230;<\/p>\n","protected":false},"excerpt":{"rendered":"C\u2019est stupide de critiquer un livre sans savoir ce qu\u2019il y a entre ses pages. Mais deux maisons&hellip;\n","protected":false},"author":2,"featured_media":485541,"comment_status":"","ping_status":"","sticky":false,"template":"","format":"standard","meta":{"footnotes":""},"categories":[1357],"tags":[1379,58,59,1011,27,1380],"class_list":{"0":"post-485540","1":"post","2":"type-post","3":"status-publish","4":"format-standard","5":"has-post-thumbnail","7":"category-livres","8":"tag-books","9":"tag-divertissement","10":"tag-entertainment","11":"tag-fr","12":"tag-france","13":"tag-livres"},"share_on_mastodon":{"url":"https:\/\/pubeurope.com\/@fr\/115426272570191122","error":""},"_links":{"self":[{"href":"https:\/\/www.europesays.com\/fr\/wp-json\/wp\/v2\/posts\/485540","targetHints":{"allow":["GET"]}}],"collection":[{"href":"https:\/\/www.europesays.com\/fr\/wp-json\/wp\/v2\/posts"}],"about":[{"href":"https:\/\/www.europesays.com\/fr\/wp-json\/wp\/v2\/types\/post"}],"author":[{"embeddable":true,"href":"https:\/\/www.europesays.com\/fr\/wp-json\/wp\/v2\/users\/2"}],"replies":[{"embeddable":true,"href":"https:\/\/www.europesays.com\/fr\/wp-json\/wp\/v2\/comments?post=485540"}],"version-history":[{"count":0,"href":"https:\/\/www.europesays.com\/fr\/wp-json\/wp\/v2\/posts\/485540\/revisions"}],"wp:featuredmedia":[{"embeddable":true,"href":"https:\/\/www.europesays.com\/fr\/wp-json\/wp\/v2\/media\/485541"}],"wp:attachment":[{"href":"https:\/\/www.europesays.com\/fr\/wp-json\/wp\/v2\/media?parent=485540"}],"wp:term":[{"taxonomy":"category","embeddable":true,"href":"https:\/\/www.europesays.com\/fr\/wp-json\/wp\/v2\/categories?post=485540"},{"taxonomy":"post_tag","embeddable":true,"href":"https:\/\/www.europesays.com\/fr\/wp-json\/wp\/v2\/tags?post=485540"}],"curies":[{"name":"wp","href":"https:\/\/api.w.org\/{rel}","templated":true}]}}