{"id":485542,"date":"2025-10-24T00:18:15","date_gmt":"2025-10-24T00:18:15","guid":{"rendered":"https:\/\/www.europesays.com\/fr\/485542\/"},"modified":"2025-10-24T00:18:15","modified_gmt":"2025-10-24T00:18:15","slug":"sophie-et-jean-louis-se-becotent-dans-les-bois-javais-limpression-detre-une","status":"publish","type":"post","link":"https:\/\/www.europesays.com\/fr\/485542\/","title":{"rendered":"Sophie et Jean-Louis se b\u00e9cotent dans les bois, \u00ab\u00a0J&rsquo;avais l&rsquo;impression d&rsquo;\u00eatre une&#8230;\u201d"},"content":{"rendered":"<p>Les t\u00e9l\u00e9r\u00e9alit\u00e9s amoureuses cristallisent depuis toujours les<br \/>\n\u00e9motions les plus intenses du public fran\u00e7ais. Ces programmes<br \/>\ncapturent n\u00e9anmoins l\u00a0\u00bbessence m\u00eame de la qu\u00eate universelle du<br \/>\nbonheur \u00e0 deux. <strong>L&rsquo;amour est dans le pr\u00e9<\/strong> continue<br \/>\nainsi de fasciner des millions de t\u00e9l\u00e9spectateurs chaque saison. La<br \/>\nvingti\u00e8me \u00e9dition ne d\u00e9roge d&rsquo;ailleurs pas \u00e0 cette r\u00e8gle implacable<br \/>\ndes coups de th\u00e9\u00e2tre.<\/p>\n<p>Cette saison r\u00e9serve effectivement son lot de moments marquants<br \/>\nentre d\u00e9ceptions cuisantes et r\u00e9v\u00e9lations romantiques inattendues.<br \/>\nLes agriculteurs d\u00e9couvrent par cons\u00e9quent leurs pr\u00e9tendantes sous<br \/>\ndes angles parfois surprenants et d\u00e9stabilisants. Les choix<br \/>\ncorn\u00e9liens s&rsquo;encha\u00eenent donc tandis que les c\u0153urs balancent entre<br \/>\nraison et passion d\u00e9vorante.<\/p>\n<p>Anthony brise le c\u0153ur d&rsquo;\u00c9velyne sans m\u00e9nagement<\/p>\n<p><strong>L&rsquo;amour est dans le pr\u00e9<\/strong> a r\u00e9v\u00e9l\u00e9 <a href=\"https:\/\/www.melty.fr\/tele\/il-ny-a-plus-dattirance-anthony-de-lamour-est-dans-le-pre-quitte-evelyne-en-larmes-2270274.html\" target=\"_blank\" rel=\"noopener\"><br \/>\nune rupture brutale qui a profond\u00e9ment choqu\u00e9 les fid\u00e8les<\/a>.<br \/>\nAnthony a d\u00e9cid\u00e9 de mettre fin \u00e0 sa relation avec \u00c9velyne de<br \/>\nmani\u00e8re particuli\u00e8rement abrupte. Le s\u00e9jour \u00e0 la ferme s&rsquo;est<br \/>\npourtant d\u00e9roul\u00e9 dans une atmosph\u00e8re idyllique selon ses propres<br \/>\nmots. \u00ab\u00a0Le s\u00e9jour \u00e0 la ferme s&rsquo;est pass\u00e9 nickel\u00a0\u00bb, a-t-il<br \/>\nd&rsquo;ailleurs expliqu\u00e9 face cam\u00e9ra. Toutefois, l&rsquo;agriculteur a ensuite<br \/>\nfrein\u00e9 brusquement ses \u00e9lans sans explication convaincante pour<br \/>\nl&rsquo;infirmi\u00e8re d\u00e9vou\u00e9e.<\/p>\n<p>\u00c9velyne a rejoint ses amis pour une soir\u00e9e festive malgr\u00e9 les<br \/>\nsignaux d&rsquo;alarme inqui\u00e9tants. Elle a confi\u00e9 son d\u00e9sarroi \u00e0 son amie<br \/>\nMarie lors de cette rencontre empreinte de tristesse. Anthony a<br \/>\nfinalement tranch\u00e9 le lendemain matin en avouant une absence totale<br \/>\nd&rsquo;attirance physique. \u00ab\u00a0\u00c0 ce stade, il n&rsquo;y a plus d&rsquo;attirance<br \/>\nenvers elle\u00a0\u00bb, a-t-il d\u00e9clar\u00e9 sans d\u00e9tour. L&rsquo;infirmi\u00e8re a r\u00e9agi<br \/>\navec dignit\u00e9 en soulignant l&rsquo;importance du temps dans toute<br \/>\nrelation naissante. \u00ab\u00a0Les sentiments, \u00e7a ne se commande<br \/>\npas\u00a0\u00bb, a-t-elle rappel\u00e9 avec une lucidit\u00e9 douloureuse. Cette<br \/>\nrupture annonce n\u00e9anmoins d&rsquo;autres tensions \u00e0 venir dans le<br \/>\nprogramme de M6.<\/p>\n<p>Jean-Louis d\u00e9couvre une habitude rebutante il y a plusieurs<br \/>\nsemaines<\/p>\n<p><strong>L&rsquo;amour est dans le pr\u00e9<\/strong> a d\u00e9voil\u00e9 <a href=\"https:\/\/www.melty.fr\/tele\/malaise-dans-lamour-est-dans-le-pre-jean-louis-degoute-par-une-habitude-de-sa-pretendante-2265362.html\" target=\"_blank\" rel=\"noopener\"><br \/>\nune sc\u00e8ne pour le moins cocasse avec Jean-Louis r\u00e9cemment<\/a>.<br \/>\nL&rsquo;agriculteur a d\u00e9couvert une habitude particuli\u00e8rement d\u00e9rangeante<br \/>\nchez l&rsquo;une de ses deux pr\u00e9tendantes favorites. Entre la brune qui a<br \/>\nfait battre son c\u0153ur et la blonde \u00e9nergique, le choix devient ardu.<br \/>\n\u00ab\u00a0\u00c7a peut m&rsquo;agacer, mais ce n&rsquo;est pas irr\u00e9m\u00e9diable\u00a0\u00bb, a-t-il<br \/>\nl\u00e2ch\u00e9 avec une franchise d\u00e9sarmante. Le bon vivant assume par<br \/>\nailleurs ses doutes l\u00e9gitimes face \u00e0 cette situation d\u00e9licate et<br \/>\nembarrassante.<\/p>\n<p>Les tensions montent effectivement d&rsquo;un cran durant ce s\u00e9jour<br \/>\ncens\u00e9 rapprocher les c\u0153urs esseul\u00e9s. Le pr\u00e9tendant se retrouve<br \/>\nainsi tiraill\u00e9 entre ses sentiments authentiques et ses exigences<br \/>\npersonnelles quotidiennes. Cette saison 20 multiplie d&rsquo;ailleurs les<br \/>\nrebondissements inattendus avec G\u00e9raldine qui oublie son pr\u00e9tendant<br \/>\n\u00e0 la gare. Oc\u00e9ane fait chavirer Robin malgr\u00e9 les avertissements<br \/>\nr\u00e9p\u00e9t\u00e9s de son chat Titi au caract\u00e8re bien tremp\u00e9. Les agriculteurs<br \/>\nd\u00e9couvrent donc leurs candidates sous un nouveau jour parfois<br \/>\nd\u00e9stabilisant et particuli\u00e8rement r\u00e9v\u00e9lateur. Une simple cigarette<br \/>\npourrait-elle r\u00e9ellement \u00e9teindre la flamme naissante chez<br \/>\nJean-Louis apr\u00e8s tout ce chemin parcouru ensemble\u202f?<\/p>\n<p>Sophie et Jean-Louis s&#8217;embrassent<br \/>\ntendrement lors d&rsquo;une cueillette champ\u00eatre<\/p>\n<p><strong>L&rsquo;amour est dans le pr\u00e9<\/strong> a offert un moment<br \/>\nd&rsquo;une intensit\u00e9 rare avec Jean-Louis et Sophie. L&rsquo;agriculteur a<br \/>\nemmen\u00e9 sa dulcin\u00e9e dans son coin secret de cueillette de<br \/>\nchampignons sauvages. Ce geste symbolise effectivement une preuve<br \/>\nd&rsquo;amour ind\u00e9niable pour cet homme discret et pudique<br \/>\nhabituellement. La journ\u00e9e pr\u00e9c\u00e9dente pass\u00e9e avec ses amis lui a<br \/>\npermis de clarifier ses sentiments profonds. Sophie a toutefois<br \/>\nreproch\u00e9 \u00e0 Jean-Louis de ne pas montrer suffisamment ses \u00e9motions<br \/>\ndevant ses coll\u00e8gues.<\/p>\n<p>L&rsquo;agriculteur a r\u00e9v\u00e9l\u00e9 son intention d&rsquo;annoncer la fin de<br \/>\nl&rsquo;aventure \u00e0 Soso sa rivale. Jean-Louis et Sophie se sont alors<br \/>\nembrass\u00e9s fugacement dans les bois comme deux adolescents<br \/>\n\u00e9namour\u00e9s. \u00ab\u00a0C&rsquo;est tr\u00e8s intense. On est heureux comme un poisson<br \/>\ndans l&rsquo;eau\u00a0\u00bb, a-t-il avou\u00e9, \u00e9mu. L&rsquo;homme n&rsquo;avait pas embrass\u00e9<br \/>\nde femme depuis une trentaine d&rsquo;ann\u00e9es, selon ses propres<br \/>\nconfidences troublantes. Sophie remercie chaleureusement<br \/>\nl&rsquo;agriculteur de l&rsquo;avoir choisie dans ce tournoi amoureux<br \/>\nparticuli\u00e8rement \u00e9prouvant \u00e9motionnellement. \u00ab\u00a0J&rsquo;avais<br \/>\nl&rsquo;impression d&rsquo;\u00eatre une gamine\u00a0\u00bb, a-t-elle confi\u00e9 \u00e0 la<br \/>\njournaliste du programme t\u00e9l\u00e9vis\u00e9. Jean-Louis redoute n\u00e9anmoins<br \/>\nd&rsquo;apprendre cette d\u00e9cision difficile \u00e0 Soso qui s&rsquo;est montr\u00e9e trop<br \/>\nconfiante. <strong>L&rsquo;amour est dans le pr\u00e9<\/strong> prouve une fois<br \/>\nencore que les c\u0153urs peuvent basculer instantan\u00e9ment.<\/p>\n","protected":false},"excerpt":{"rendered":"Les t\u00e9l\u00e9r\u00e9alit\u00e9s amoureuses cristallisent depuis toujours les \u00e9motions les plus intenses du public fran\u00e7ais. Ces programmes capturent n\u00e9anmoins&hellip;\n","protected":false},"author":2,"featured_media":485543,"comment_status":"","ping_status":"","sticky":false,"template":"","format":"standard","meta":{"footnotes":""},"categories":[1356],"tags":[58,59,1011,27,9307,494,252,1364],"class_list":{"0":"post-485542","1":"post","2":"type-post","3":"status-publish","4":"format-standard","5":"has-post-thumbnail","7":"category-television","8":"tag-divertissement","9":"tag-entertainment","10":"tag-fr","11":"tag-france","12":"tag-lamour-est-dans-le-pre","13":"tag-m6","14":"tag-television","15":"tag-tv"},"share_on_mastodon":{"url":"https:\/\/pubeurope.com\/@fr\/115426276508389828","error":""},"_links":{"self":[{"href":"https:\/\/www.europesays.com\/fr\/wp-json\/wp\/v2\/posts\/485542","targetHints":{"allow":["GET"]}}],"collection":[{"href":"https:\/\/www.europesays.com\/fr\/wp-json\/wp\/v2\/posts"}],"about":[{"href":"https:\/\/www.europesays.com\/fr\/wp-json\/wp\/v2\/types\/post"}],"author":[{"embeddable":true,"href":"https:\/\/www.europesays.com\/fr\/wp-json\/wp\/v2\/users\/2"}],"replies":[{"embeddable":true,"href":"https:\/\/www.europesays.com\/fr\/wp-json\/wp\/v2\/comments?post=485542"}],"version-history":[{"count":0,"href":"https:\/\/www.europesays.com\/fr\/wp-json\/wp\/v2\/posts\/485542\/revisions"}],"wp:featuredmedia":[{"embeddable":true,"href":"https:\/\/www.europesays.com\/fr\/wp-json\/wp\/v2\/media\/485543"}],"wp:attachment":[{"href":"https:\/\/www.europesays.com\/fr\/wp-json\/wp\/v2\/media?parent=485542"}],"wp:term":[{"taxonomy":"category","embeddable":true,"href":"https:\/\/www.europesays.com\/fr\/wp-json\/wp\/v2\/categories?post=485542"},{"taxonomy":"post_tag","embeddable":true,"href":"https:\/\/www.europesays.com\/fr\/wp-json\/wp\/v2\/tags?post=485542"}],"curies":[{"name":"wp","href":"https:\/\/api.w.org\/{rel}","templated":true}]}}