{"id":485552,"date":"2025-10-24T00:27:18","date_gmt":"2025-10-24T00:27:18","guid":{"rendered":"https:\/\/www.europesays.com\/fr\/485552\/"},"modified":"2025-10-24T00:27:18","modified_gmt":"2025-10-24T00:27:18","slug":"laurence-boccolini-pas-impressionnee-par-cette-offre-astronomique-de-france-tv-elle-refuse-tout-en-sarcasme","status":"publish","type":"post","link":"https:\/\/www.europesays.com\/fr\/485552\/","title":{"rendered":"Laurence Boccolini pas impressionn\u00e9e par cette offre astronomique de France TV, elle refuse tout en sarcasme"},"content":{"rendered":"<p><a href=\"https:\/\/www.closermag.fr\/people\/laurence-boccolini-atteinte-dune-tumeur-elle-est-contre-le-cerveau-son-combat-est-loin-detre-termine-3587969\" target=\"_blank\" rel=\"noopener\"><br \/>\nLaurence Boccolini<\/a> a encore frapp\u00e9. L\u2019animatrice, connue pour<br \/>\nson franc-parler, a livr\u00e9 une nouvelle sortie sans filtre lors de<br \/>\nson passage dans <a href=\"https:\/\/www.youtube.com\/watch?v=FrwSm0UY_Es\" target=\"_blank\" rel=\"noopener\">Le Jet de<br \/>\nLuxe<\/a>. Face \u00e0 <a href=\"https:\/\/www.closermag.fr\/people\/jai-vu-ma-soeur-sans-cheveux-jordan-de-luxe-emu-aux-larmes-il-evoque-le-cancer-du-sein-qui-la-bouleverse-3584037\" target=\"_blank\" rel=\"noopener\"><br \/>\nJordan De Luxe<\/a>, elle a abord\u00e9 un sujet rarement \u00e9voqu\u00e9 \u00e0 la<br \/>\nt\u00e9l\u00e9vision : l\u2019argent. Et plus pr\u00e9cis\u00e9ment, la r\u00e9mun\u00e9ration qu\u2019elle<br \/>\na per\u00e7ue pour coanimer l\u2019Eurovision, en mai dernier.<\/p>\n<p>Sinc\u00e8re et directe, la <a href=\"https:\/\/www.closermag.fr\/people\/laurence-boccolini-atteinte-dune-tumeur-elle-est-contre-le-cerveau-son-combat-est-loin-detre-termine-3587969\" target=\"_blank\" rel=\"noopener\"><br \/>\npr\u00e9sentatrice<\/a> de 61 ans a r\u00e9v\u00e9l\u00e9 le montant exact de son cachet<br \/>\npour le c\u00e9l\u00e8bre concours europ\u00e9en. Une somme qui peut surprendre,<br \/>\ncar bien loin de ce que l\u2019on pourrait imaginer pour un \u00e9v\u00e9nement<br \/>\nsuivi par pr\u00e8s de 180 millions de personnes. \u201cVous y restez<br \/>\ntrois jours, et en facture, c\u2019est 6.000 euros\u201d, a-t-elle<br \/>\nconfi\u00e9 sans d\u00e9tour.<\/p>\n<p>\u201cCe n\u2019est pas un jackpot\u201d<\/p>\n<p>Laurence Boccolini a tenu \u00e0 remettre les choses en perspective.<br \/>\n\u201cCe n\u2019est pas un jackpot, loin de l\u00e0\u201d, a-t-elle ajout\u00e9<br \/>\navec un sourire un peu amer. Selon elle, cette r\u00e9mun\u00e9ration ne<br \/>\nrefl\u00e8te pas la charge de travail exig\u00e9e : r\u00e9p\u00e9titions, r\u00e9unions,<br \/>\nstress du direct et fatigue accumul\u00e9e. \u201cC\u2019est un gros show,<br \/>\noui, mais \u00e7a reste du service public. Et puis, il faut se pr\u00e9parer,<br \/>\ntravailler, se rendre disponible. L\u2019Eurovision, c\u2019est trois jours<br \/>\nd\u2019intensit\u00e9 totale.\u201d<\/p>\n<p>En abordant sans g\u00eane la question de l\u2019argent, l\u2019animatrice a<br \/>\nvoulu briser un tabou encore bien pr\u00e9sent dans le milieu. Derri\u00e8re<br \/>\nles paillettes, elle rappelle une r\u00e9alit\u00e9 souvent ignor\u00e9e : tous<br \/>\nles visages de la t\u00e9l\u00e9vision ne touchent pas des sommes d\u00e9mesur\u00e9es.<br \/>\nUne d\u00e9claration qui a fait r\u00e9agir, mais fid\u00e8le \u00e0 elle-m\u00eame,<br \/>\nLaurence Boccolini n\u2019a visiblement pas cherch\u00e9 \u00e0 plaire.<\/p>\n<p>\u201cFranchement, il faut arr\u00eater avec ce mot-l\u00e0\u201d<\/p>\n<p>Si la pr\u00e9sentatrice s\u2019est montr\u00e9e aussi transparente, c\u2019est<br \/>\naussi parce que ses rapports avec France T\u00e9l\u00e9visions se sont<br \/>\ntendus. R\u00e9cemment remerci\u00e9e de Les Enfants de la t\u00e9l\u00e9,<br \/>\nelle a racont\u00e9 les coulisses d\u2019un d\u00e9part qu\u2019elle a v\u00e9cu comme<br \/>\nbrutal. \u201cJ\u2019avais boucl\u00e9 ma saison, et j\u2019attendais simplement la<br \/>\nsignature pour la suivante. Et puis plus rien. Silence<br \/>\nradio.\u201d<\/p>\n<p>L\u2019annonce de son remplacement par Faustine Bollaert lui aurait<br \/>\nd\u2019ailleurs \u00e9t\u00e9 faite de fa\u00e7on inattendue. \u201cC\u2019est <a href=\"https:\/\/www.closermag.fr\/people\/laurence-boccolini-regle-ses-comptes-avec-faustine-bollaert-apres-son-eviction-brutale-des-enfants-de-la-tele-3586595\" target=\"_blank\" rel=\"noopener\"><br \/>\nFaustine Bollaert<\/a> qui m\u2019a envoy\u00e9 un SMS en plein<br \/>\n\u00e9t\u00e9 pour me dire qu\u2019elle reprenait l\u2019\u00e9mission. Elle ne m\u2019a m\u00eame pas<br \/>\nappel\u00e9e. Elle m\u2019a dit qu\u2019elle \u00e9tait d\u00e9sol\u00e9e et qu\u2019elle ne savait<br \/>\npas que je n\u2019avais plus rien. Elle a parl\u00e9 de \u2018sororit\u00e9\u2019&#8230;<br \/>\nFranchement, il faut arr\u00eater avec ce mot-l\u00e0.\u201d<\/p>\n<p>Laurence Boccolini veut \u00eatre<br \/>\nlibre\u00a0<\/p>\n<p>Depuis, Laurence Boccolini a confirm\u00e9 qu\u2019elle quittait<br \/>\nofficiellement France T\u00e9l\u00e9visions. Dans un communiqu\u00e9 transmis \u00e0<br \/>\nl\u2019AFP, elle a expliqu\u00e9 sa d\u00e9cision : \u201cJe prends \u00e0 regret la<br \/>\nd\u00e9cision de quitter France TV. Je ne le fais pas de gaiet\u00e9 de<br \/>\nc\u0153ur.\u201d Parmi les raisons \u00e9voqu\u00e9es, une clause d\u2019exclusivit\u00e9<br \/>\njug\u00e9e trop contraignante et des d\u00e9saccords sur sa libert\u00e9 de<br \/>\nparole.<\/p>\n<p>\u201cJe ne veux plus qu\u2019on me dicte ce que je dois dire ou ne<br \/>\npas dire. J\u2019ai toujours \u00e9t\u00e9 transparente, et \u00e7a ne changera<br \/>\npas\u201d, aurait-elle confi\u00e9 \u00e0 son entourage. Entre franchise et<br \/>\nironie, Laurence Boccolini prouve encore une fois qu\u2019elle reste<br \/>\nfid\u00e8le \u00e0 son image.<\/p>\n","protected":false},"excerpt":{"rendered":"Laurence Boccolini a encore frapp\u00e9. L\u2019animatrice, connue pour son franc-parler, a livr\u00e9 une nouvelle sortie sans filtre lors&hellip;\n","protected":false},"author":2,"featured_media":485553,"comment_status":"","ping_status":"","sticky":false,"template":"","format":"standard","meta":{"footnotes":""},"categories":[8],"tags":[58,59,6308,1011,27,4829,3219],"class_list":{"0":"post-485552","1":"post","2":"type-post","3":"status-publish","4":"format-standard","5":"has-post-thumbnail","7":"category-divertissement","8":"tag-divertissement","9":"tag-entertainment","10":"tag-faustine-bollaert","11":"tag-fr","12":"tag-france","13":"tag-jordan-de-luxe","14":"tag-laurence-boccolini"},"share_on_mastodon":{"url":"https:\/\/pubeurope.com\/@fr\/115426311806817580","error":""},"_links":{"self":[{"href":"https:\/\/www.europesays.com\/fr\/wp-json\/wp\/v2\/posts\/485552","targetHints":{"allow":["GET"]}}],"collection":[{"href":"https:\/\/www.europesays.com\/fr\/wp-json\/wp\/v2\/posts"}],"about":[{"href":"https:\/\/www.europesays.com\/fr\/wp-json\/wp\/v2\/types\/post"}],"author":[{"embeddable":true,"href":"https:\/\/www.europesays.com\/fr\/wp-json\/wp\/v2\/users\/2"}],"replies":[{"embeddable":true,"href":"https:\/\/www.europesays.com\/fr\/wp-json\/wp\/v2\/comments?post=485552"}],"version-history":[{"count":0,"href":"https:\/\/www.europesays.com\/fr\/wp-json\/wp\/v2\/posts\/485552\/revisions"}],"wp:featuredmedia":[{"embeddable":true,"href":"https:\/\/www.europesays.com\/fr\/wp-json\/wp\/v2\/media\/485553"}],"wp:attachment":[{"href":"https:\/\/www.europesays.com\/fr\/wp-json\/wp\/v2\/media?parent=485552"}],"wp:term":[{"taxonomy":"category","embeddable":true,"href":"https:\/\/www.europesays.com\/fr\/wp-json\/wp\/v2\/categories?post=485552"},{"taxonomy":"post_tag","embeddable":true,"href":"https:\/\/www.europesays.com\/fr\/wp-json\/wp\/v2\/tags?post=485552"}],"curies":[{"name":"wp","href":"https:\/\/api.w.org\/{rel}","templated":true}]}}