{"id":485554,"date":"2025-10-24T00:28:15","date_gmt":"2025-10-24T00:28:15","guid":{"rendered":"https:\/\/www.europesays.com\/fr\/485554\/"},"modified":"2025-10-24T00:28:15","modified_gmt":"2025-10-24T00:28:15","slug":"la-navette-spatiale-discovery-divise-et-risque-detre-entierement-demontee","status":"publish","type":"post","link":"https:\/\/www.europesays.com\/fr\/485554\/","title":{"rendered":"La navette spatiale Discovery divise et risque d&rsquo;\u00eatre enti\u00e8rement d\u00e9mont\u00e9e"},"content":{"rendered":"<p>La navette spatiale Discovery, joyau du programme spatial am\u00e9ricain, se retrouve au c\u0153ur d\u2019un bras de fer politique. Expos\u00e9 au mus\u00e9e Udvar-Hazy du Smithsonian dans l\u2019\u00c9tat de la Virginie, <strong>l\u2019orbiteur est menac\u00e9 de relocalisation vers Houston, au Johnson Space Center de la NASA, sur d\u00e9cision de l\u2019administration <a href=\"https:\/\/www.presse-citron.net\/donald-trump-salle-bal-donateurs-diner\/\" rel=\"nofollow noopener\" target=\"_blank\">Trump<\/a><\/strong>.<\/p>\n<p> Les r\u00e9publicains veulent relocaliser Discovery <\/p>\n<p>Ce transfert, inclus dans le plan budg\u00e9taire surnomm\u00e9 \u00ab\u00a0One Big Beautiful Bill\u00a0\u00bb, obligerait la NASA et le Smithsonian \u00e0 pr\u00e9parer le d\u00e9m\u00e9nagement de la navette dans un d\u00e9lai de dix-huit mois.<\/p>\n<p>Mais le mus\u00e9e s\u2019y oppose cat\u00e9goriquement. Dans une lettre envoy\u00e9e au Congr\u00e8s, <strong>ses responsables tirent la sonnette d\u2019alarme\u00a0: \u00ab\u00a0Discovery devrait \u00eatre partiellement d\u00e9mont\u00e9e pour \u00eatre d\u00e9plac\u00e9e, ce qui d\u00e9truirait sa valeur historique\u00a0\u00bb<\/strong>. En outre, le co\u00fbt estim\u00e9 de l\u2019op\u00e9ration, entre 120 et 150 millions de dollars, d\u00e9passerait largement les 85 millions initialement pr\u00e9vus dans la loi.<\/p>\n<p>Pour le Smithsonian, cette initiative porte directement atteinte \u00e0 la patrimoine nationale, Discovery en \u00e9tant un symbole. Propri\u00e9t\u00e9 l\u00e9gale du mus\u00e9e depuis son transfert par la NASA en 2012, <strong>la navette est d\u00e9crite comme \u00ab l\u2019un des objets les mieux pr\u00e9serv\u00e9s de l\u2019histoire du vol spatial\u00a0\u00bb<\/strong>. Dans ce contexte, plusieurs s\u00e9nateurs d\u00e9mocrates ont demand\u00e9 \u00e0 bloquer le transfert, jugeant qu\u2019il minerait la confiance du public et cr\u00e9erait un pr\u00e9c\u00e9dent dangereux. En face, les r\u00e9publicains Ted Cruz et John Cornyn d\u00e9noncent une \u00ab campagne de d\u00e9sinformation\u00a0\u00bb du mus\u00e9e et estiment que les chiffres avanc\u00e9s sont exag\u00e9r\u00e9s.<\/p>\n<p>Mais au-del\u00e0 des querelles politiques, la bataille pose une question de fond\u00a0: le gouvernement peut-il imposer le d\u00e9placement d\u2019un artefact appartenant au Smithsonian, institution \u00e0 la fois publique et ind\u00e9pendante\u00a0?<\/p>\n<p> <img loading=\"lazy\" decoding=\"async\" class=\"size-full wp-image-686691\" src=\"https:\/\/www.europesays.com\/fr\/wp-content\/uploads\/2025\/10\/navette-discovery.jpg\" alt=\"Navette Discovery\" width=\"1920\" height=\"1280\"  \/>\u00a9 Artsiom P \/ Shutterstock.com Un v\u00e9ritable vestige de la conqu\u00eate spatiale <\/p>\n<p>Fabriqu\u00e9e entre 1980 et 1983, Discovery fut la troisi\u00e8me navette op\u00e9rationnelle du programme de la NASA. <strong>Elle a effectu\u00e9 39 missions, 5\u00a0830 orbites et pass\u00e9 365 jours dans l\u2019espace<\/strong>. V\u00e9ritable pilier de la conqu\u00eate spatiale, elle a lanc\u00e9 le t\u00e9lescope Hubble en 1990 et servi aux deux missions de retour en vol\u00a0apr\u00e8s les trag\u00e9dies de <a href=\"https:\/\/www.presse-citron.net\/challenger-retour-sur-laccident-de-la-navette-35-ans-apres-le-drame\/\" rel=\"nofollow noopener\" target=\"_blank\">Challenger<\/a> et Columbia. D\u00e9sormais, la navette est conserv\u00e9e intacte pour permettre aux ing\u00e9nieurs et chercheurs d\u2019\u00e9tudier son architecture unique, faite de 25\u00a0000 tuiles thermiques et d\u2019une structure all\u00e9g\u00e9e de 3,6 tonnes par rapport \u00e0 ses pr\u00e9d\u00e9cesseurs.<\/p>\n<p>Pour les d\u00e9fenseurs du mus\u00e9e, la d\u00e9monter serait une h\u00e9r\u00e9sie. Car elle<strong> n\u2019a pas \u00e9t\u00e9 con\u00e7ue pour \u00eatre d\u00e9sassembl\u00e9e<\/strong> : il faudrait retirer ses milliers de tuiles, d\u00e9couper ses ailes, d\u00e9monter le cockpit et sectionner des kilom\u00e8tres de c\u00e2bles et de conduites internes. Comme le r\u00e9sume Joe Stief, fondateur du collectif KeepTheShuttle.org, \u00ab\u00a0m\u00eame avec un budget illimit\u00e9, ce ne serait pas la bonne chose \u00e0 faire\u00a0\u00bb.<\/p>\n<p>Pour l\u2019heure, le sort de Discovery demeure en suspens.<\/p>\n<ul class=\"tldr\">\n<li>Le pr\u00e9sident Trump veut transf\u00e9rer la navette spatiale Discovery \u00e0 Houston.<\/li>\n<li>Le mus\u00e9e Smithsonian, o\u00f9 elle est expos\u00e9e, refuse, affirmant que la d\u00e9monter d\u00e9truirait sa valeur historique et que le co\u00fbt r\u00e9el d\u00e9passerait largement les fonds pr\u00e9vus.<\/li>\n<li>Symbole majeur de la conqu\u00eate spatiale am\u00e9ricaine, Discovery reste au centre d\u2019un affrontement entre politique, patrimoine et m\u00e9moire nationale.<\/li>\n<\/ul>\n<blockquote>\n<p class=\"text-base text-neutral-700 dark:text-neutral-300\">\ud83d\udccd Pour ne manquer aucune actualit\u00e9 de Presse-citron, suivez-nous sur <a href=\"https:\/\/news.google.com\/publications\/CAAqBggKMIPiNTC70wU?hl=fr&amp;gl=FR&amp;ceid=FR%3Afr\" target=\"_blank\" rel=\"nofollow noopener\">Google Actualit\u00e9s<\/a> et <a href=\"https:\/\/whatsapp.com\/channel\/0029VaCkGuz4NViitBXbEr0b\" target=\"_blank\" rel=\"nofollow noopener\">WhatsApp<\/a>.<\/p>\n<\/blockquote>\n","protected":false},"excerpt":{"rendered":"La navette spatiale Discovery, joyau du programme spatial am\u00e9ricain, se retrouve au c\u0153ur d\u2019un bras de fer politique.&hellip;\n","protected":false},"author":2,"featured_media":485555,"comment_status":"","ping_status":"","sticky":false,"template":"","format":"standard","meta":{"footnotes":""},"categories":[7],"tags":[75,386,73,1011,27,889,333,43,40,41,39,42,44],"class_list":{"0":"post-485554","1":"post","2":"type-post","3":"status-publish","4":"format-standard","5":"has-post-thumbnail","7":"category-sciences-et-technologies","8":"tag-donald-trump","9":"tag-espace","10":"tag-etats-unis","11":"tag-fr","12":"tag-france","13":"tag-fusee","14":"tag-nasa","15":"tag-science","16":"tag-science-and-technology","17":"tag-sciences","18":"tag-sciences-et-technologies","19":"tag-technologies","20":"tag-technology"},"share_on_mastodon":{"url":"https:\/\/pubeurope.com\/@fr\/115426316509451415","error":""},"_links":{"self":[{"href":"https:\/\/www.europesays.com\/fr\/wp-json\/wp\/v2\/posts\/485554","targetHints":{"allow":["GET"]}}],"collection":[{"href":"https:\/\/www.europesays.com\/fr\/wp-json\/wp\/v2\/posts"}],"about":[{"href":"https:\/\/www.europesays.com\/fr\/wp-json\/wp\/v2\/types\/post"}],"author":[{"embeddable":true,"href":"https:\/\/www.europesays.com\/fr\/wp-json\/wp\/v2\/users\/2"}],"replies":[{"embeddable":true,"href":"https:\/\/www.europesays.com\/fr\/wp-json\/wp\/v2\/comments?post=485554"}],"version-history":[{"count":0,"href":"https:\/\/www.europesays.com\/fr\/wp-json\/wp\/v2\/posts\/485554\/revisions"}],"wp:featuredmedia":[{"embeddable":true,"href":"https:\/\/www.europesays.com\/fr\/wp-json\/wp\/v2\/media\/485555"}],"wp:attachment":[{"href":"https:\/\/www.europesays.com\/fr\/wp-json\/wp\/v2\/media?parent=485554"}],"wp:term":[{"taxonomy":"category","embeddable":true,"href":"https:\/\/www.europesays.com\/fr\/wp-json\/wp\/v2\/categories?post=485554"},{"taxonomy":"post_tag","embeddable":true,"href":"https:\/\/www.europesays.com\/fr\/wp-json\/wp\/v2\/tags?post=485554"}],"curies":[{"name":"wp","href":"https:\/\/api.w.org\/{rel}","templated":true}]}}