{"id":485556,"date":"2025-10-24T00:29:12","date_gmt":"2025-10-24T00:29:12","guid":{"rendered":"https:\/\/www.europesays.com\/fr\/485556\/"},"modified":"2025-10-24T00:29:12","modified_gmt":"2025-10-24T00:29:12","slug":"ce-que-contient-lamendement-gouvernemental-pour-relancer-linvestissement-locatif","status":"publish","type":"post","link":"https:\/\/www.europesays.com\/fr\/485556\/","title":{"rendered":"ce que contient l\u2019amendement gouvernemental pour relancer l\u2019investissement locatif"},"content":{"rendered":"<p>C\u2019\u00e9tait l\u2019annonce choc de vendredi dernier\u00a0: le statut du bailleur priv\u00e9, \u00e0 savoir faire du propri\u00e9taire bailleur un agent \u00e9conomique \u00e0 part enti\u00e8re et refondre en profondeur la fiscalit\u00e9 des revenus fonciers applicables aux loyers, allait \u00eatre inscrit dans le projet de loi de finances 2026 par amendement gouvernemental.<\/p>\n<p>En d\u00e9placement en Seine-et-Marne, le nouveau ministre du Logement avait ainsi vant\u00e9 \u00ab\u00a0un dispositif tant attendu par le secteur du logement [pour] redonner confiance aux investisseurs individuels, [un] moyen de se loger [pour les] locataires et un souffle nouveau \u00e0 l\u2019\u00e9conomie\u00a0\u00bb. \u00ab\u00a0C\u2019est un levier gagnant pour tous\u00a0: gagnant pour le propri\u00e9taire, gagnant pour le locataire, gagnant pour l\u2019\u00e9conomie et pour l\u2019environnement\u00a0\u00bb avait encore affirm\u00e9 Vincent Jeanbrun.<\/p>\n","protected":false},"excerpt":{"rendered":"C\u2019\u00e9tait l\u2019annonce choc de vendredi dernier\u00a0: le statut du bailleur priv\u00e9, \u00e0 savoir faire du propri\u00e9taire bailleur un&hellip;\n","protected":false},"author":2,"featured_media":485557,"comment_status":"","ping_status":"","sticky":false,"template":"","format":"standard","meta":{"footnotes":""},"categories":[6],"tags":[17,35,23112,352,33,34,1011,27,60892,29574,5382,60893,1908,15886],"class_list":{"0":"post-485556","1":"post","2":"type-post","3":"status-publish","4":"format-standard","5":"has-post-thumbnail","7":"category-economie","8":"tag-17","9":"tag-business","10":"tag-contient","11":"tag-crise","12":"tag-economie","13":"tag-economy","14":"tag-fr","15":"tag-france","16":"tag-gouvernemental","17":"tag-linvestissement","18":"tag-lamendement","19":"tag-locatif","20":"tag-logement","21":"tag-relancer"},"share_on_mastodon":{"url":"https:\/\/pubeurope.com\/@fr\/115426319643741926","error":""},"_links":{"self":[{"href":"https:\/\/www.europesays.com\/fr\/wp-json\/wp\/v2\/posts\/485556","targetHints":{"allow":["GET"]}}],"collection":[{"href":"https:\/\/www.europesays.com\/fr\/wp-json\/wp\/v2\/posts"}],"about":[{"href":"https:\/\/www.europesays.com\/fr\/wp-json\/wp\/v2\/types\/post"}],"author":[{"embeddable":true,"href":"https:\/\/www.europesays.com\/fr\/wp-json\/wp\/v2\/users\/2"}],"replies":[{"embeddable":true,"href":"https:\/\/www.europesays.com\/fr\/wp-json\/wp\/v2\/comments?post=485556"}],"version-history":[{"count":0,"href":"https:\/\/www.europesays.com\/fr\/wp-json\/wp\/v2\/posts\/485556\/revisions"}],"wp:featuredmedia":[{"embeddable":true,"href":"https:\/\/www.europesays.com\/fr\/wp-json\/wp\/v2\/media\/485557"}],"wp:attachment":[{"href":"https:\/\/www.europesays.com\/fr\/wp-json\/wp\/v2\/media?parent=485556"}],"wp:term":[{"taxonomy":"category","embeddable":true,"href":"https:\/\/www.europesays.com\/fr\/wp-json\/wp\/v2\/categories?post=485556"},{"taxonomy":"post_tag","embeddable":true,"href":"https:\/\/www.europesays.com\/fr\/wp-json\/wp\/v2\/tags?post=485556"}],"curies":[{"name":"wp","href":"https:\/\/api.w.org\/{rel}","templated":true}]}}