{"id":485558,"date":"2025-10-24T00:30:16","date_gmt":"2025-10-24T00:30:16","guid":{"rendered":"https:\/\/www.europesays.com\/fr\/485558\/"},"modified":"2025-10-24T00:30:16","modified_gmt":"2025-10-24T00:30:16","slug":"les-metamorphoses-dabidjan-vitrine-de-la-locomotive-ivoirienne","status":"publish","type":"post","link":"https:\/\/www.europesays.com\/fr\/485558\/","title":{"rendered":"les m\u00e9tamorphoses d\u2019Abidjan, vitrine de la locomotive ivoirienne"},"content":{"rendered":"<p>\n    <strong>REPORTAGE<\/strong> &#8211; \u00c0 la veille de l\u2019\u00e9lection pr\u00e9sidentielle, les habitants du quartier d\u2019Angr\u00e9, dans la capitale, mesurent les progr\u00e8s de leur qualit\u00e9 de vie. M\u00eame si les loyers flambent et que les laiss\u00e9s-pour-compte restent nombreux.<\/p>\n<p class=\"fig-paragraph\">Au volant de son taxi, Arhuna Sow m\u00e2chonne distraitement un paquet de chips de banane plantain. Il traverse le pont\u00a0<a href=\"http:\/\/www.lefigaro.fr\/international\/au-pouvoir-depuis-2010-alassane-ouattara-brigue-un-quatrieme-mandat-en-cote-d-ivoire-20250730\" data-fig-type=\"Article\" data-gtm-custom-categorie=\"navigation\" data-gtm-custom-action=\"crossclick\" data-gtm-custom-label=\"Contextuel\" data-gtm-event=\"customEventSPE\" data-fig-domain=\"LEFIGARO\" rel=\"nofollow noopener\" target=\"_blank\">Alassane-Ouattara,<\/a>\u00a0long de 630\u00a0m\u00e8tres, l\u2019un des symboles du d\u00e9veloppement de la C\u00f4te d\u2019Ivoire. Adieu Plateau, c\u0153ur administratif d\u2019Abidjan, direction Angr\u00e9, au nord de la ville. Un quartier qui s\u2019est m\u00e9tamorphos\u00e9 depuis une dizaine d\u2019ann\u00e9es. Le moteur ronronne, la radio diffuse un zouglou entra\u00eenant, et, \u00e0 travers le pare-brise, c\u2019est\u00a0<a href=\"http:\/\/www.lefigaro.fr\/conjoncture\/start-up-act-incubateur-nouveaux-fonds-d-investissement-quand-abidjan-se-reve-en-silicon-valley-d-afrique-20240812\" data-fig-type=\"Article\" data-gtm-custom-categorie=\"navigation\" data-gtm-custom-action=\"crossclick\" data-gtm-custom-label=\"Contextuel\" data-gtm-event=\"customEventSPE\" data-fig-domain=\"LEFIGARO\" rel=\"nofollow noopener\" target=\"_blank\">une C\u00f4te d\u2019Ivoire moderne et dynamique<\/a>\u00a0qui d\u00e9file.<\/p>\n<p class=\"fig-paragraph\">Le long de la route, enseignes internationales et marques locales rivalisent, tandis que, sur les trottoirs, hommes en costume et vendeurs ambulants se croisent. \u00ab\u00a0Autrefois, les voies \u00e9taient petites, maintenant tout est grand et propre\u00a0\u00bb, commente Arhuna. \u00ab\u00a0Ils ont goudronn\u00e9 partout.\u00a0<a href=\"http:\/\/www.lefigaro.fr\/international\/cote-d-ivoire-manifestation-a-abidjan-contre-un-4e-mandat-du-president-ouattara-20250810\" data-fig-type=\"NewsFlash\" data-gtm-custom-categorie=\"navigation\" data-gtm-custom-action=\"crossclick\" data-gtm-custom-label=\"Contextuel\" data-gtm-event=\"customEventSPE\" data-fig-domain=\"LEFIGARO\" rel=\"nofollow noopener\" target=\"_blank\">Le pr\u00e9sident Ouattara<\/a> \u00a0travaille fort.\u00a0\u00bb Arriv\u00e9 de Guin\u00e9e en 2013, il dit \u00eatre venu \u00ab\u00a0chercher l\u2019argent\u00a0\u00bb et m\u00eame s\u2019il aimerait un sort meilleur, il pense qu\u2019il est au bon endroit.<\/p>\n<p class=\"fig-paragraph\">\u00ab\u00a0Abidjan conna\u00eet de\u2026<\/p>\n<p class=\"fig-premium-paywall__infos\">\n        Cet article est r\u00e9serv\u00e9 aux abonn\u00e9s.        Il vous reste 85% \u00e0 d\u00e9couvrir.\n    <\/p>\n<p>                <img  data- alt=\"Le Figaro\" class=\"fig-img--complete fig-img\"\/><\/p>\n<p class=\"fig-premium-paywall__title\">Vous avez envie de lire la suite ?<\/p>\n<p class=\"fig-premium-paywall__subtitle\">D\u00e9bloquez tous les articles imm\u00e9diatement.<\/p>\n<p class=\"fig-premium-paywall__connect\">\n                D\u00e9j\u00e0 abonn\u00e9\u00a0?                <a class=\"fig-premium-paywall__connect-link\" href=\"https:\/\/connect.lefigaro.fr\/login?client=horizon_web&amp;type=main&amp;redirect_uri=https%3A%2F%2Fwww.lefigaro.fr%2Fconjoncture%2Fmaintenant-tout-est-propre-c-est-dubai-les-metamorphoses-d-abidjan-vitrine-de-la-locomotive-ivoirienne-20251023\" data-js-gtm=\"{&quot;customCategorie&quot;: &quot;conversion&quot;, &quot;customAction&quot;: &quot;before_Landing_Connexion_paywall_auto&quot;, &quot;customLabel&quot;: &quot;bGVmaWdhcm8uZnJfXzFmMGIwMTlhLWExMWUtNjllNC1iYWVkLWJkZDg0MmFmYTZlNF9fQXJ0aWNsZQ==_\u00ab\u00a0Maintenant, tout est propre. C\u2019est Duba\u00ef\u00a0!\u00a0\u00bb\u00a0: les m\u00e9tamorphoses d\u2019Abidjan, vitrine de la locomotive ivoirienne_20&quot;, &quot;customIDSPE&quot;: &quot;bGVmaWdhcm8uZnJfXzFmMGIwMTlhLWExMWUtNjllNC1iYWVkLWJkZDg0MmFmYTZlNF9fQXJ0aWNsZQ==&quot;, &quot;event&quot;: &quot;customEventSPE&quot;}\" rel=\"nofollow noopener\" target=\"_blank\"><br \/>\n                    Connectez-vous<br \/>\n                <\/a>\n            <\/p>\n","protected":false},"excerpt":{"rendered":"REPORTAGE &#8211; \u00c0 la veille de l\u2019\u00e9lection pr\u00e9sidentielle, les habitants du quartier d\u2019Angr\u00e9, dans la capitale, mesurent les&hellip;\n","protected":false},"author":2,"featured_media":485559,"comment_status":"","ping_status":"","sticky":false,"template":"","format":"standard","meta":{"footnotes":""},"categories":[5],"tags":[60895,11,879,60894,1639,1011,27,14,12,28],"class_list":{"0":"post-485558","1":"post","2":"type-post","3":"status-publish","4":"format-standard","5":"has-post-thumbnail","7":"category-international","8":"tag-abidjan","9":"tag-actualites","10":"tag-afrique","11":"tag-alassane-ouattara","12":"tag-cote-divoire","13":"tag-fr","14":"tag-france","15":"tag-international","16":"tag-news","17":"tag-world"},"share_on_mastodon":{"url":"https:\/\/pubeurope.com\/@fr\/115426323667531774","error":""},"_links":{"self":[{"href":"https:\/\/www.europesays.com\/fr\/wp-json\/wp\/v2\/posts\/485558","targetHints":{"allow":["GET"]}}],"collection":[{"href":"https:\/\/www.europesays.com\/fr\/wp-json\/wp\/v2\/posts"}],"about":[{"href":"https:\/\/www.europesays.com\/fr\/wp-json\/wp\/v2\/types\/post"}],"author":[{"embeddable":true,"href":"https:\/\/www.europesays.com\/fr\/wp-json\/wp\/v2\/users\/2"}],"replies":[{"embeddable":true,"href":"https:\/\/www.europesays.com\/fr\/wp-json\/wp\/v2\/comments?post=485558"}],"version-history":[{"count":0,"href":"https:\/\/www.europesays.com\/fr\/wp-json\/wp\/v2\/posts\/485558\/revisions"}],"wp:featuredmedia":[{"embeddable":true,"href":"https:\/\/www.europesays.com\/fr\/wp-json\/wp\/v2\/media\/485559"}],"wp:attachment":[{"href":"https:\/\/www.europesays.com\/fr\/wp-json\/wp\/v2\/media?parent=485558"}],"wp:term":[{"taxonomy":"category","embeddable":true,"href":"https:\/\/www.europesays.com\/fr\/wp-json\/wp\/v2\/categories?post=485558"},{"taxonomy":"post_tag","embeddable":true,"href":"https:\/\/www.europesays.com\/fr\/wp-json\/wp\/v2\/tags?post=485558"}],"curies":[{"name":"wp","href":"https:\/\/api.w.org\/{rel}","templated":true}]}}