{"id":485560,"date":"2025-10-24T00:31:15","date_gmt":"2025-10-24T00:31:15","guid":{"rendered":"https:\/\/www.europesays.com\/fr\/485560\/"},"modified":"2025-10-24T00:31:15","modified_gmt":"2025-10-24T00:31:15","slug":"avec-son-contre-budget-le-rn-brasse-de-lair-et-caline-les-riches","status":"publish","type":"post","link":"https:\/\/www.europesays.com\/fr\/485560\/","title":{"rendered":"Avec son contre-budget, le RN brasse de l\u2019air et c\u00e2line les riches"},"content":{"rendered":"<p>Le Rassemblement national (RN) a beau tenter de se pr\u00e9senter en d\u00e9fenseur des classes populaires tout en <a href=\"https:\/\/www.humanite.fr\/politique\/extreme-droite\/assoiffe-de-pouvoir-le-rn-courtise-riches-et-patrons\" target=\"_blank\" rel=\"noopener\">s\u00e9duisant les milieux d\u2019affaires<\/a>, ses propositions budg\u00e9taires lib\u00e9rales ne permettent aucun doute. Le contre-budget du parti d\u2019extr\u00eame droite a \u00e9t\u00e9 pr\u00e9sent\u00e9, jeudi 23\u00a0octobre, par Jean-Philippe Tanguy, membre de la commission des Finances, et par Marine Le\u00a0Pen en personne.<\/p>\n<p>Apr\u00e8s tout, les d\u00e9bats budg\u00e9taires seraient \u00ab\u00a0prioritaires sur toute autre activit\u00e9 en circonscription&#8230;<\/p>\n","protected":false},"excerpt":{"rendered":"Le Rassemblement national (RN) a beau tenter de se pr\u00e9senter en d\u00e9fenseur des classes populaires tout en s\u00e9duisant&hellip;\n","protected":false},"author":2,"featured_media":485561,"comment_status":"","ping_status":"","sticky":false,"template":"","format":"standard","meta":{"footnotes":""},"categories":[4],"tags":[11,1003,6429,1011,27,430,12,1078,25],"class_list":{"0":"post-485560","1":"post","2":"type-post","3":"status-publish","4":"format-standard","5":"has-post-thumbnail","7":"category-france","8":"tag-actualites","9":"tag-budget","10":"tag-extru00eame-droite","11":"tag-fr","12":"tag-france","13":"tag-marine-le-pen","14":"tag-news","15":"tag-rassemblement-national","16":"tag-republique-francaise"},"share_on_mastodon":{"url":"https:\/\/pubeurope.com\/@fr\/115426327558134544","error":""},"_links":{"self":[{"href":"https:\/\/www.europesays.com\/fr\/wp-json\/wp\/v2\/posts\/485560","targetHints":{"allow":["GET"]}}],"collection":[{"href":"https:\/\/www.europesays.com\/fr\/wp-json\/wp\/v2\/posts"}],"about":[{"href":"https:\/\/www.europesays.com\/fr\/wp-json\/wp\/v2\/types\/post"}],"author":[{"embeddable":true,"href":"https:\/\/www.europesays.com\/fr\/wp-json\/wp\/v2\/users\/2"}],"replies":[{"embeddable":true,"href":"https:\/\/www.europesays.com\/fr\/wp-json\/wp\/v2\/comments?post=485560"}],"version-history":[{"count":0,"href":"https:\/\/www.europesays.com\/fr\/wp-json\/wp\/v2\/posts\/485560\/revisions"}],"wp:featuredmedia":[{"embeddable":true,"href":"https:\/\/www.europesays.com\/fr\/wp-json\/wp\/v2\/media\/485561"}],"wp:attachment":[{"href":"https:\/\/www.europesays.com\/fr\/wp-json\/wp\/v2\/media?parent=485560"}],"wp:term":[{"taxonomy":"category","embeddable":true,"href":"https:\/\/www.europesays.com\/fr\/wp-json\/wp\/v2\/categories?post=485560"},{"taxonomy":"post_tag","embeddable":true,"href":"https:\/\/www.europesays.com\/fr\/wp-json\/wp\/v2\/tags?post=485560"}],"curies":[{"name":"wp","href":"https:\/\/api.w.org\/{rel}","templated":true}]}}