{"id":485564,"date":"2025-10-24T00:33:14","date_gmt":"2025-10-24T00:33:14","guid":{"rendered":"https:\/\/www.europesays.com\/fr\/485564\/"},"modified":"2025-10-24T00:33:14","modified_gmt":"2025-10-24T00:33:14","slug":"saint-etienne-est-la-6eme-ville-la-plus-hantee-de-france","status":"publish","type":"post","link":"https:\/\/www.europesays.com\/fr\/485564\/","title":{"rendered":"Saint-Etienne est la 6\u00e8me ville la plus hant\u00e9e de France"},"content":{"rendered":"\n<p>C\u2019est une information qui a toute son importance \u00e0 l\u2019approche d\u2019Halloween ! Saint-Etienne serait l\u2019une des villes fran\u00e7aises les plus hant\u00e9es de France d&rsquo;apr\u00e8s une \u00e9tude men\u00e9e par le site <a href=\"https:\/\/tarotoo.com\/fr\/\" rel=\"noopener\" target=\"_blank\">Tarotoo<\/a> (plateforme de voyance en ligne). Il classe la ville \u00e0 la 6\u00e8me place du classement apr\u00e8s Mulhouse (1er), Nancy, Amiens, Reims, et Le Havre.\u00a0<\/p>\n<p>Pour \u00e9tablir le classement, le site a crois\u00e9 plusieurs donn\u00e9es datant du mois d&rsquo;octobre 2025 concernant les communes fran\u00e7aises de plus de 10 000 habitants. A en croire leur \u00e9tude,\u00a0Saint-Etienne fait donc peur par ses b\u00e2timents anciens, ses cimeti\u00e8res et ses logements vacants qui cr\u00e9ent \u00ab\u00a0une atmosph\u00e8re unique o\u00f9 histoire et myst\u00e8re se m\u00ealent\u00a0\u00bb.<\/p>\n","protected":false},"excerpt":{"rendered":"C\u2019est une information qui a toute son importance \u00e0 l\u2019approche d\u2019Halloween ! Saint-Etienne serait l\u2019une des villes fran\u00e7aises&hellip;\n","protected":false},"author":2,"featured_media":485565,"comment_status":"","ping_status":"","sticky":false,"template":"","format":"standard","meta":{"footnotes":""},"categories":[9653],"tags":[1111,11,2430,1981,1777,674,1011,27,60897,20815,60896,3367,12,25,55668,4001],"class_list":{"0":"post-485564","1":"post","2":"type-post","3":"status-publish","4":"format-standard","5":"has-post-thumbnail","7":"category-saint-etienne","8":"tag-actu","9":"tag-actualites","10":"tag-auvergne-rhone-alpes","11":"tag-classement","12":"tag-eu","13":"tag-europe","14":"tag-fr","15":"tag-france","16":"tag-frisson","17":"tag-halloween","18":"tag-hante","19":"tag-loire","20":"tag-news","21":"tag-republique-francaise","22":"tag-saint_etienne","23":"tag-saint-etienne"},"share_on_mastodon":{"url":"https:\/\/pubeurope.com\/@fr\/115426335421966779","error":""},"_links":{"self":[{"href":"https:\/\/www.europesays.com\/fr\/wp-json\/wp\/v2\/posts\/485564","targetHints":{"allow":["GET"]}}],"collection":[{"href":"https:\/\/www.europesays.com\/fr\/wp-json\/wp\/v2\/posts"}],"about":[{"href":"https:\/\/www.europesays.com\/fr\/wp-json\/wp\/v2\/types\/post"}],"author":[{"embeddable":true,"href":"https:\/\/www.europesays.com\/fr\/wp-json\/wp\/v2\/users\/2"}],"replies":[{"embeddable":true,"href":"https:\/\/www.europesays.com\/fr\/wp-json\/wp\/v2\/comments?post=485564"}],"version-history":[{"count":0,"href":"https:\/\/www.europesays.com\/fr\/wp-json\/wp\/v2\/posts\/485564\/revisions"}],"wp:featuredmedia":[{"embeddable":true,"href":"https:\/\/www.europesays.com\/fr\/wp-json\/wp\/v2\/media\/485565"}],"wp:attachment":[{"href":"https:\/\/www.europesays.com\/fr\/wp-json\/wp\/v2\/media?parent=485564"}],"wp:term":[{"taxonomy":"category","embeddable":true,"href":"https:\/\/www.europesays.com\/fr\/wp-json\/wp\/v2\/categories?post=485564"},{"taxonomy":"post_tag","embeddable":true,"href":"https:\/\/www.europesays.com\/fr\/wp-json\/wp\/v2\/tags?post=485564"}],"curies":[{"name":"wp","href":"https:\/\/api.w.org\/{rel}","templated":true}]}}