{"id":485577,"date":"2025-10-24T00:41:15","date_gmt":"2025-10-24T00:41:15","guid":{"rendered":"https:\/\/www.europesays.com\/fr\/485577\/"},"modified":"2025-10-24T00:41:15","modified_gmt":"2025-10-24T00:41:15","slug":"previsions-du-vendredi-24-octobre-2025-7","status":"publish","type":"post","link":"https:\/\/www.europesays.com\/fr\/485577\/","title":{"rendered":"pr\u00e9visions du vendredi 24 octobre 2025"},"content":{"rendered":"<p class=\"mb-4 text-lg md:leading-8 break-words\"><strong>M\u00e9t\u00e9o &#8211; Le ciel sera relativement lumineux, avec quelques \u00e9claircies aujourd&rsquo;hui. Les temp\u00e9ratures seront de 15\u00b0C le matin et de 16\u00b0C l&rsquo;apr\u00e8s-midi&#8230;<\/strong><\/p>\n<p class=\"mb-4 text-lg md:leading-8 break-words\">\u00c0 Montpellier, les temp\u00e9ratures seront de 13\u00b0C au minimum et de 16\u00b0C au plus haut la journ\u00e9e. Le ciel sera toujours couvert le matin avec des petites nuages. Les maximales atteindront les 16\u00b0C tandis que les minimales seront de 13\u00b0C. Un vent d&rsquo;ouest soufflera \u00e0 20 km\/h. On annonce des \u00e9claircies pour cet apr\u00e8s-midi. Les valeurs s&rsquo;\u00e9chelonneront entre 14\u00b0C et 16\u00b0C. Une petite brise de nord-ouest soufflera. Il fera 14\u00b0C en moyenne le soir. Durant la nuit de vendredi \u00e0 samedi, le ciel sera limpide.<\/p>\n<p class=\"mb-4 text-lg md:leading-8 break-words\">\u00c0 Montpellier les temp\u00e9ratures afficheront entre 12 et 18\u00b0C demain. Avec de l\u00e9gers nuages le matin, le ciel sera encore couvert. Les valeurs seront comprises entre 13 et 17\u00b0C. Un vent d&rsquo;ouest rafra\u00eechira quelque peu l&rsquo;atmosph\u00e8re. Petits et grands pourront appr\u00e9cier leur apr\u00e8s-midi sous un ciel l\u00e9g\u00e8rement nuageux. Les temp\u00e9ratures s&rsquo;\u00e9chelonneront entre 15 et 18\u00b0C. La soir\u00e9e sera marqu\u00e9e par des pluies \u00e9parses. Un l\u00e9ger vent d&rsquo;ouest sera ressenti par les habitants.<\/p>\n<p class=\"mb-4 text-lg md:leading-8 break-words\">Le temps des journ\u00e9es qui suivent va changer progressivement. M\u00eame si le beau temps perdurera un peu dimanche, il faut pr\u00e9voir une d\u00e9gradation par la suite.<\/p>\n<p class=\"mb-4 text-lg md:leading-8 break-words\"><a href=\"https:\/\/www.20minutes.fr\/planete\/previsions-meteo\/4181314-20251024-meteo-montpellier-previsions-vendredi-24-octobre-2025?at_medium=RSS%20feed&amp;at_campaign=ynews&amp;utm_source=yahoo&amp;utm_medium=rss&amp;utm_campaign=news_feed&amp;utm_content=read_more_link&quot;\" rel=\"nofollow noopener\" target=\"_blank\" data-ylk=\"slk:Lire la suite sur 20minutes;elm:context_link;itc:0;sec:content-canvas\" class=\"link \">Lire la suite sur 20minutes<\/a><\/p>\n","protected":false},"excerpt":{"rendered":"M\u00e9t\u00e9o &#8211; Le ciel sera relativement lumineux, avec quelques \u00e9claircies aujourd&rsquo;hui. Les temp\u00e9ratures seront de 15\u00b0C le matin&hellip;\n","protected":false},"author":2,"featured_media":485578,"comment_status":"","ping_status":"","sticky":false,"template":"","format":"standard","meta":{"footnotes":""},"categories":[9599],"tags":[1111,11,1777,674,1011,27,29508,44166,2487,2208,12,2680,25,55605],"class_list":{"0":"post-485577","1":"post","2":"type-post","3":"status-publish","4":"format-standard","5":"has-post-thumbnail","7":"category-montpellier","8":"tag-actu","9":"tag-actualites","10":"tag-eu","11":"tag-europe","12":"tag-fr","13":"tag-france","14":"tag-le-ciel","15":"tag-le-matin","16":"tag-meteo","17":"tag-montpellier","18":"tag-news","19":"tag-occitanie","20":"tag-republique-francaise","21":"tag-vent-douest"},"share_on_mastodon":{"url":"https:\/\/pubeurope.com\/@fr\/115426366785709847","error":""},"_links":{"self":[{"href":"https:\/\/www.europesays.com\/fr\/wp-json\/wp\/v2\/posts\/485577","targetHints":{"allow":["GET"]}}],"collection":[{"href":"https:\/\/www.europesays.com\/fr\/wp-json\/wp\/v2\/posts"}],"about":[{"href":"https:\/\/www.europesays.com\/fr\/wp-json\/wp\/v2\/types\/post"}],"author":[{"embeddable":true,"href":"https:\/\/www.europesays.com\/fr\/wp-json\/wp\/v2\/users\/2"}],"replies":[{"embeddable":true,"href":"https:\/\/www.europesays.com\/fr\/wp-json\/wp\/v2\/comments?post=485577"}],"version-history":[{"count":0,"href":"https:\/\/www.europesays.com\/fr\/wp-json\/wp\/v2\/posts\/485577\/revisions"}],"wp:featuredmedia":[{"embeddable":true,"href":"https:\/\/www.europesays.com\/fr\/wp-json\/wp\/v2\/media\/485578"}],"wp:attachment":[{"href":"https:\/\/www.europesays.com\/fr\/wp-json\/wp\/v2\/media?parent=485577"}],"wp:term":[{"taxonomy":"category","embeddable":true,"href":"https:\/\/www.europesays.com\/fr\/wp-json\/wp\/v2\/categories?post=485577"},{"taxonomy":"post_tag","embeddable":true,"href":"https:\/\/www.europesays.com\/fr\/wp-json\/wp\/v2\/tags?post=485577"}],"curies":[{"name":"wp","href":"https:\/\/api.w.org\/{rel}","templated":true}]}}