{"id":485580,"date":"2025-10-24T00:45:22","date_gmt":"2025-10-24T00:45:22","guid":{"rendered":"https:\/\/www.europesays.com\/fr\/485580\/"},"modified":"2025-10-24T00:45:22","modified_gmt":"2025-10-24T00:45:22","slug":"debat-les-supporters-du-rc-vannes-majoritairement-pour-la-delocalisation-du-choc-contre-grenoble-au-roazhon-park","status":"publish","type":"post","link":"https:\/\/www.europesays.com\/fr\/485580\/","title":{"rendered":"D\u00c9BAT &#8211; Les supporters du RC Vannes majoritairement pour la d\u00e9localisation du choc contre Grenoble au Roazhon Park"},"content":{"rendered":"<p>C\u2019est officiel depuis mardi : <a href=\"https:\/\/www.letelegramme.fr\/sports\/rugby\/rc-vannes\/rc-vannes-grenoble-sera-bien-delocalise-a-rennes-le-dimanche-16-novembre-en-prime-time-6913441.php\" target=\"_blank\" rel=\"nofollow noopener\">le RC Vannes recevra Grenoble au Roazhon Park<\/a> de Rennes, dimanche 16 novembre, \u00e0 21 h. La d\u00e9localisation dans la pr\u00e9fecture bretonne de ce choc de la 11e journ\u00e9e de Pro D2 a beaucoup fait r\u00e9agir.<\/p>\n<p>Cette effervescence s\u2019est retranscrite dans le d\u00e9bat que nous vous avons propos\u00e9 la semaine derni\u00e8re, quand les discussions entre le <a href=\"https:\/\/www.letelegramme.fr\/sports\/rugby\/rc-vannes\/\" target=\"_blank\" rel=\"nofollow noopener\">RCV<\/a> et le Stade Rennais ont \u00e9t\u00e9 connues. Vous avez \u00e9t\u00e9 plus de 100 \u00e0 participer au sondage \u00ab RC Vannes : est-ce une bonne id\u00e9e de d\u00e9localiser un match au Roazhon Park ? \u00bb.<\/p>\n<p>59 % des 104 votants sont favorables \u00e0 cette d\u00e9localisation (40 % de \u00ab non \u00bb et 1 % de sans opinion). Et les 20 arguments recueillis, en pour ou contre, ont \u00e9t\u00e9 vari\u00e9s.<\/p>\n<p>\u00ab L\u2019occasion de faire une affiche historique avec un record de spectateurs et de t\u00e9l\u00e9spectateurs (prime-time du dimanche soir), estime Lo\u00efc O. L\u2019occasion aussi de se pr\u00e9parer \u00e0 un \u00e9ventuel match de phase finale sur terrain \u00ab neutre \u00bb (hors de La Rabine). \u00bb<\/p>\n<p>\u00ab Quelle belle image pour le RCV \u00bb<\/p>\n<p>\u00ab Outre l\u2019aspect financier li\u00e9 aux billets, quelle belle image pour le RCV et pour le rugby en g\u00e9n\u00e9ral !, ajoute Georges M. En outre, \u00e7a permet aux supporters du RCV qui n\u2019ont pas la chance d\u2019\u00eatre abonn\u00e9s ou de simplement avoir des places d\u2019assister \u00e0 un match. (\u2026) Il ne faut pas multiplier exag\u00e9r\u00e9ment ce type d\u2019\u00e9v\u00e9nements afin de respecter les abonn\u00e9s de La Rabine. Mais ponctuellement, c\u2019est tout b\u00e9n\u00e9fice pour le RC Vannes. \u00bb<\/p>\n<p>L\u2019aspect sportif est mis en avant par les r\u00e9fractaires \u00e0 cette d\u00e9localisation. \u00ab Si nous avons r\u00e9ussi \u00e0 monter en Top 14, c\u2019est en grande partie gr\u00e2ce \u00e0 La Rabine. (\u2026) Le RCV sans La Rabine, ce n\u2019est pas le RCV, argue Florence B. OK pour d\u00e9localiser les matchs de gala (acc\u00e8s au plus grand nombre et augmentation des recettes) mais pas du championnat. \u00bb<\/p>\n<p>\u00ab L\u2019ambiance ne sera pas celle de Vannes \u00bb<\/p>\n<p>La programmation du match, un dimanche soir (21 h), a \u00e9galement \u00e9t\u00e9 point\u00e9e par \u00ab youn k 56 \u00bb : \u00ab Je ne suis pas certain que tous les habitu\u00e9s pourront se d\u00e9placer un dimanche soir de novembre \u00e0 une heure de route. \u00bb<\/p>\n<p>\u00ab L\u2019ambiance ne sera pas celle de Vannes, c\u2019est juste une question d\u2019argent \u00bb, regrette Marie-Jos\u00e9 D.<\/p>\n<p>\u00c0 l\u2019inverse, G\u00e9rard R. \u00e9voque la possibilit\u00e9 de permettre \u00e0 un maximum de personnes de venir alors que plusieurs supporters avaient \u00e9t\u00e9 frustr\u00e9s, surtout la saison pass\u00e9e en Top 14, devant la difficult\u00e9 d\u2019obtenir le pr\u00e9cieux s\u00e9same. \u00ab Pour qu\u2019un maximum de Bretons puisse supporter Vannes in situ. C\u2019est hyper difficile d\u2019avoir des places \u00e0 La Rabine. \u00bb<\/p>\n<p>\u00ab Le 35 a envie de voir les joueurs du RCV chez eux \u00bb<\/p>\n<p>Cette d\u00e9localisation devrait \u00e9galement faire le bonheur des Bretilliens, \u00e0 l\u2019image de Benjamin P. : \u00ab Car il s\u2019agit de plus beau stade de la r\u00e9gion. Le 35 a envie de voir les joueurs du RCV chez eux ! \u00bb<\/p>\n<p>Certains supporters vannetais se r\u00e9jouissent de pouvoir go\u00fbter des sp\u00e9cialit\u00e9s rennaises : \u00ab Bonne id\u00e9e : \u00e7a permettra \u00e0 plus de supporters de pousser nos champions vers la victoire et \u00e7a donnera l\u2019occasion de v\u00e9rifier que les galettes-saucisses sont toujours aussi excellentes \u00e0 Rennes ! \u00bb<\/p>\n<p>Enfin, certains lecteurs ont mis en avant le r\u00f4le du RCV dans le d\u00e9veloppement du rugby en Bretagne et son statut qui y est associ\u00e9. \u00ab Le RC Vannes est \u00e0 un croisement de son Histoire. Soit il prend la vague et devient une \u00ab Equipe de Bretagne \u00bb et prend la place tant qu\u2018\u00a0elle est libre, soit le REC (Rennes) va monter en Pro D2 et finir par devenir cette \u00e9quipe fanion de toute la r\u00e9gion. Je pense que derri\u00e8re cette d\u00e9localisation il y a peut-\u00eatre aussi des enjeux de domination du rugby r\u00e9gional et de concurrencer le REC qui monte. \u00bb<\/p>\n","protected":false},"excerpt":{"rendered":"C\u2019est officiel depuis mardi : le RC Vannes recevra Grenoble au Roazhon Park de Rennes, dimanche 16 novembre,&hellip;\n","protected":false},"author":2,"featured_media":485581,"comment_status":"","ping_status":"","sticky":false,"template":"","format":"standard","meta":{"footnotes":""},"categories":[9566],"tags":[1111,11,2430,1777,674,1011,27,2731,12,2308,3164,3167,25,479,60,3165],"class_list":{"0":"post-485580","1":"post","2":"type-post","3":"status-publish","4":"format-standard","5":"has-post-thumbnail","7":"category-grenoble","8":"tag-actu","9":"tag-actualites","10":"tag-auvergne-rhone-alpes","11":"tag-eu","12":"tag-europe","13":"tag-fr","14":"tag-france","15":"tag-grenoble","16":"tag-news","17":"tag-pro-d2","18":"tag-rc-vannes","19":"tag-rcv","20":"tag-republique-francaise","21":"tag-rugby","22":"tag-sports","23":"tag-vannes"},"share_on_mastodon":{"url":"https:\/\/pubeurope.com\/@fr\/115426382619449222","error":""},"_links":{"self":[{"href":"https:\/\/www.europesays.com\/fr\/wp-json\/wp\/v2\/posts\/485580","targetHints":{"allow":["GET"]}}],"collection":[{"href":"https:\/\/www.europesays.com\/fr\/wp-json\/wp\/v2\/posts"}],"about":[{"href":"https:\/\/www.europesays.com\/fr\/wp-json\/wp\/v2\/types\/post"}],"author":[{"embeddable":true,"href":"https:\/\/www.europesays.com\/fr\/wp-json\/wp\/v2\/users\/2"}],"replies":[{"embeddable":true,"href":"https:\/\/www.europesays.com\/fr\/wp-json\/wp\/v2\/comments?post=485580"}],"version-history":[{"count":0,"href":"https:\/\/www.europesays.com\/fr\/wp-json\/wp\/v2\/posts\/485580\/revisions"}],"wp:featuredmedia":[{"embeddable":true,"href":"https:\/\/www.europesays.com\/fr\/wp-json\/wp\/v2\/media\/485581"}],"wp:attachment":[{"href":"https:\/\/www.europesays.com\/fr\/wp-json\/wp\/v2\/media?parent=485580"}],"wp:term":[{"taxonomy":"category","embeddable":true,"href":"https:\/\/www.europesays.com\/fr\/wp-json\/wp\/v2\/categories?post=485580"},{"taxonomy":"post_tag","embeddable":true,"href":"https:\/\/www.europesays.com\/fr\/wp-json\/wp\/v2\/tags?post=485580"}],"curies":[{"name":"wp","href":"https:\/\/api.w.org\/{rel}","templated":true}]}}