{"id":485582,"date":"2025-10-24T00:46:12","date_gmt":"2025-10-24T00:46:12","guid":{"rendered":"https:\/\/www.europesays.com\/fr\/485582\/"},"modified":"2025-10-24T00:46:12","modified_gmt":"2025-10-24T00:46:12","slug":"previsions-du-vendredi-24-octobre-2025-8","status":"publish","type":"post","link":"https:\/\/www.europesays.com\/fr\/485582\/","title":{"rendered":"pr\u00e9visions du vendredi 24 octobre 2025"},"content":{"rendered":"<p class=\"mb-4 text-lg md:leading-8 break-words\"><strong>M\u00e9t\u00e9o &#8211; Le ciel va peu \u00e0 peu s&rsquo;obscurcir durant la journ\u00e9e avec l&rsquo;apparition de nuages. Des pluies \u00e9parses sont pr\u00e9vues. Les temp\u00e9ratures seront de 10\u00b0C le matin et de 13\u00b0C l&rsquo;apr\u00e8s-midi&#8230;<\/strong><\/p>\n<p class=\"mb-4 text-lg md:leading-8 break-words\">Un ciel voil\u00e9 pour Rennes avec une apparition de nuages est pr\u00e9vu dans la journ\u00e9e. Les temp\u00e9ratures avoisineront les 10\u00b0C. Un vent de sud-ouest est attendu : il soufflera \u00e0 21 km\/h. D&rsquo;un autre c\u00f4t\u00e9, petits et grands pourront passer leur matin\u00e9e sous un ciel un peu nuageux. Les temp\u00e9ratures tourneront autour des 10\u00b0C. Le ciel sera nuageux dans l&rsquo;apr\u00e8s-midi. Il faudra pr\u00e9voir des perturbations, les Rennais se retrouveront sous des pluies \u00e9parses. Les valeurs seront de 11\u00b0C au plus bas et de 14\u00b0C au plus haut. La soir\u00e9e sera marqu\u00e9e par des pluies \u00e9parses. Le ciel sera d\u00e9pourvu de nuages dans la nuit de vendredi \u00e0 samedi.<\/p>\n<p class=\"mb-4 text-lg md:leading-8 break-words\">On notera la pr\u00e9sence persistante de nuages demain \u00e0 Rennes. C&rsquo;est une hausse de quelques degr\u00e9s que vont enregistrer les temp\u00e9ratures. Ces valeurs s&rsquo;\u00e9chelonneront entre 8 et 15\u00b0C. Une petite brise de nord-ouest sera ressentie par les habitants. En revanche, la ville aura quelques \u00e9claircies le matin. Demain apr\u00e8s-midi, c&rsquo;est sur un ciel tapiss\u00e9 de nuages qu&rsquo;il faudra compter. Il faudra emporter son parapluie pour s&rsquo;abriter des pluies \u00e9parses. Les maximales pourront atteindre 15\u00b0C tandis que les minimales seront de 11\u00b0C. La grisaille ne se dissipe toujours pas, il y aura encore des nuages demain soir. Des pluies \u00e9parses sont pr\u00e9vues.<\/p>\n<p class=\"mb-4 text-lg md:leading-8 break-words\">Pour la suite, la m\u00e9t\u00e9o ne changera pas. Une m\u00e9t\u00e9o pluvieuse, pour des temp\u00e9ratures de 11\u00b0C environ, est attendue.<\/p>\n<p class=\"mb-4 text-lg md:leading-8 break-words\"><a href=\"https:\/\/www.20minutes.fr\/planete\/previsions-meteo\/4181315-20251024-meteo-rennes-previsions-vendredi-24-octobre-2025?at_medium=RSS%20feed&amp;at_campaign=ynews&amp;utm_source=yahoo&amp;utm_medium=rss&amp;utm_campaign=news_feed&amp;utm_content=read_more_link&quot;\" rel=\"nofollow noopener\" target=\"_blank\" data-ylk=\"slk:Lire la suite sur 20minutes;elm:context_link;itc:0;sec:content-canvas\" class=\"link \">Lire la suite sur 20minutes<\/a><\/p>\n","protected":false},"excerpt":{"rendered":"M\u00e9t\u00e9o &#8211; Le ciel va peu \u00e0 peu s&rsquo;obscurcir durant la journ\u00e9e avec l&rsquo;apparition de nuages. Des pluies&hellip;\n","protected":false},"author":2,"featured_media":485583,"comment_status":"","ping_status":"","sticky":false,"template":"","format":"standard","meta":{"footnotes":""},"categories":[2821],"tags":[1111,11,829,1777,674,1011,27,29508,44166,12,584,25],"class_list":{"0":"post-485582","1":"post","2":"type-post","3":"status-publish","4":"format-standard","5":"has-post-thumbnail","7":"category-rennes","8":"tag-actu","9":"tag-actualites","10":"tag-bretagne","11":"tag-eu","12":"tag-europe","13":"tag-fr","14":"tag-france","15":"tag-le-ciel","16":"tag-le-matin","17":"tag-news","18":"tag-rennes","19":"tag-republique-francaise"},"share_on_mastodon":{"url":"https:\/\/pubeurope.com\/@fr\/115426386644710257","error":""},"_links":{"self":[{"href":"https:\/\/www.europesays.com\/fr\/wp-json\/wp\/v2\/posts\/485582","targetHints":{"allow":["GET"]}}],"collection":[{"href":"https:\/\/www.europesays.com\/fr\/wp-json\/wp\/v2\/posts"}],"about":[{"href":"https:\/\/www.europesays.com\/fr\/wp-json\/wp\/v2\/types\/post"}],"author":[{"embeddable":true,"href":"https:\/\/www.europesays.com\/fr\/wp-json\/wp\/v2\/users\/2"}],"replies":[{"embeddable":true,"href":"https:\/\/www.europesays.com\/fr\/wp-json\/wp\/v2\/comments?post=485582"}],"version-history":[{"count":0,"href":"https:\/\/www.europesays.com\/fr\/wp-json\/wp\/v2\/posts\/485582\/revisions"}],"wp:featuredmedia":[{"embeddable":true,"href":"https:\/\/www.europesays.com\/fr\/wp-json\/wp\/v2\/media\/485583"}],"wp:attachment":[{"href":"https:\/\/www.europesays.com\/fr\/wp-json\/wp\/v2\/media?parent=485582"}],"wp:term":[{"taxonomy":"category","embeddable":true,"href":"https:\/\/www.europesays.com\/fr\/wp-json\/wp\/v2\/categories?post=485582"},{"taxonomy":"post_tag","embeddable":true,"href":"https:\/\/www.europesays.com\/fr\/wp-json\/wp\/v2\/tags?post=485582"}],"curies":[{"name":"wp","href":"https:\/\/api.w.org\/{rel}","templated":true}]}}