{"id":485593,"date":"2025-10-24T00:53:12","date_gmt":"2025-10-24T00:53:12","guid":{"rendered":"https:\/\/www.europesays.com\/fr\/485593\/"},"modified":"2025-10-24T00:53:12","modified_gmt":"2025-10-24T00:53:12","slug":"on-avait-envoye-un-mail-sans-trop-despoir-ces-etudiants-creent-un-spectacle-au","status":"publish","type":"post","link":"https:\/\/www.europesays.com\/fr\/485593\/","title":{"rendered":"\u00abOn avait envoy\u00e9 un mail, sans trop d\u2019espoir\u00bb\u00a0: ces \u00e9tudiants cr\u00e9ent un spectacle au"},"content":{"rendered":"<tr wp_automatic_readability=\"6.878612716763\">\n<td valign=\"middle\" align=\"center\" class=\"col-logo\" wp_automatic_readability=\"5\">\n    <img decoding=\"async\" src=\"https:\/\/maville.com\/design\/images\/logo-of-monetise.svg?version=20130627\" alt=\"logo Ouest-France\" height=\"66\"\/><\/p>\n<p>Contenu r\u00e9serv\u00e9 aux abonn\u00e9s<\/p>\n<\/td>\n<td class=\"col-titre\">\n\t\t\tJeudi 23 octobre 2025 20:00<br \/>\n\t\t\t<a class=\"icon-bulle sizeL count\" href=\"#ancreAvis\"><br \/>\n\t&#8230;<br \/>\n<\/a><\/td>\n<\/tr>\n<p>\t\t<a class=\"mavillebox2 elmt-photo\" href=\"https:\/\/maville.com\/photosmvi\/2025\/10\/23\/P35540739D7034166G.jpg\" title=\" Dernier filage pour les \u00e9tudiants impliqu\u00e9s dans la com\u00e9die musicale, ce jeudi 23\u00a0octobre, sur le campus nantais d\u2019Audencia, avant la r\u00e9p\u00e9tition g\u00e9n\u00e9rale, vendredi, \u00e0 Graslin.  \u00a9  Ouest-France  \" rel=\"galerie_actu noopener\" target=\"_blank\"><br \/>\n\t<img decoding=\"async\" src=\"https:\/\/www.europesays.com\/fr\/wp-content\/uploads\/2025\/10\/P35540739D7034166G_crop_640-330_.jpg\" alt=\"photo  dernier filage pour les \u00e9tudiants impliqu\u00e9s dans la com\u00e9die musicale, ce jeudi 23\u00a0octobre, sur le campus nantais d\u2019audencia, avant la r\u00e9p\u00e9tition g\u00e9n\u00e9rale, vendredi, \u00e0 graslin.  \u00a9  ouest-france \"\/><br \/>\n\t3<br \/>\n<\/a><\/p>\n<p class=\"elmt-legende\"> Dernier filage pour les \u00e9tudiants impliqu\u00e9s dans la com\u00e9die musicale, ce jeudi 23\u00a0octobre, sur le campus nantais d\u2019Audencia, avant la r\u00e9p\u00e9tition g\u00e9n\u00e9rale, vendredi, \u00e0 Graslin.  \u00a9  Ouest-France  <\/p>\n<p><a class=\"mavillebox2\" href=\"https:\/\/maville.com\/photosmvi\/2025\/10\/23\/P35540740D7034166G.jpg\" title=\"Cl\u00e9ment Gourdain et Elisa Jacq, \u00e9tudiants en deuxi\u00e8me ann\u00e9e de l\u2019\u00e9cole Audencia, deux des chevilles ouvri\u00e8res de la com\u00e9die musicale. \u00a9  Ouest-France \" rel=\"galerie_actu noopener\" target=\"_blank\"><a class=\"mavillebox2\" href=\"https:\/\/maville.com\/photosmvi\/2025\/10\/23\/P35540741D7034166G.jpg\" title=\"Des \u00e9tudiants pendant les r\u00e9p\u00e9titions des chor\u00e9graphies. \u00a9  Audencia \" rel=\"galerie_actu noopener\" target=\"_blank\"><\/p>\n<p>\t\tEn un mois et demi, une centaine d\u2019\u00e9tudiants de l\u2019\u00e9cole de commerce Audencia, \u00e0 Nantes (Loire-Atlantique), ont construit de toutes pi\u00e8ces une com\u00e9die musicale, qu\u2019ils pr\u00e9sentent sur la sc\u00e8ne du th\u00e9\u00e2tre Graslin, ce vendredi\u00a024 et samedi 25\u00a0octobre. Qu\u2019apporte l\u2019exp\u00e9rience \u00e0 ces futurs managers\u00a0? R\u00e9ponse des int\u00e9ress\u00e9s.<\/p>\n<p><b>Cet article est r\u00e9serv\u00e9 aux abonn\u00e9s<\/b><\/p>\n<p>Pour un acc\u00e8s imm\u00e9diat, abonnez-vous<\/p>\n<p><b>1\u00e8re semaine offerte<\/b><\/p>\n<p>\t\t Isabelle LABARRE. \u00a0\u00a0<br \/>\n\t\tOuest-France<\/p>\n<p>Retrouvez d&rsquo;autres actus sur la commune de :<\/p>\n<p>\t\t&#13;<\/p>\n","protected":false},"excerpt":{"rendered":"Contenu r\u00e9serv\u00e9 aux abonn\u00e9s Jeudi 23 octobre 2025 20:00 &#8230; 3 Dernier filage pour les \u00e9tudiants impliqu\u00e9s dans&hellip;\n","protected":false},"author":2,"featured_media":485594,"comment_status":"","ping_status":"","sticky":false,"template":"","format":"standard","meta":{"footnotes":""},"categories":[2818],"tags":[1111,11,48966,7821,7236,6379,1777,674,1011,27,60898,9557,766,12,5241,2636,25,3140,1347,8029],"class_list":{"0":"post-485593","1":"post","2":"type-post","3":"status-publish","4":"format-standard","5":"has-post-thumbnail","7":"category-nantes","8":"tag-actu","9":"tag-actualites","10":"tag-creent","11":"tag-envoye","12":"tag-espoir","13":"tag-etudiants","14":"tag-eu","15":"tag-europe","16":"tag-fr","17":"tag-france","18":"tag-graslin","19":"tag-mail","20":"tag-nantes","21":"tag-news","22":"tag-on","23":"tag-pays-de-la-loire","24":"tag-republique-francaise","25":"tag-spectacle","26":"tag-theatre","27":"tag-trop"},"share_on_mastodon":{"url":"https:\/\/pubeurope.com\/@fr\/115426414545232877","error":""},"_links":{"self":[{"href":"https:\/\/www.europesays.com\/fr\/wp-json\/wp\/v2\/posts\/485593","targetHints":{"allow":["GET"]}}],"collection":[{"href":"https:\/\/www.europesays.com\/fr\/wp-json\/wp\/v2\/posts"}],"about":[{"href":"https:\/\/www.europesays.com\/fr\/wp-json\/wp\/v2\/types\/post"}],"author":[{"embeddable":true,"href":"https:\/\/www.europesays.com\/fr\/wp-json\/wp\/v2\/users\/2"}],"replies":[{"embeddable":true,"href":"https:\/\/www.europesays.com\/fr\/wp-json\/wp\/v2\/comments?post=485593"}],"version-history":[{"count":0,"href":"https:\/\/www.europesays.com\/fr\/wp-json\/wp\/v2\/posts\/485593\/revisions"}],"wp:featuredmedia":[{"embeddable":true,"href":"https:\/\/www.europesays.com\/fr\/wp-json\/wp\/v2\/media\/485594"}],"wp:attachment":[{"href":"https:\/\/www.europesays.com\/fr\/wp-json\/wp\/v2\/media?parent=485593"}],"wp:term":[{"taxonomy":"category","embeddable":true,"href":"https:\/\/www.europesays.com\/fr\/wp-json\/wp\/v2\/categories?post=485593"},{"taxonomy":"post_tag","embeddable":true,"href":"https:\/\/www.europesays.com\/fr\/wp-json\/wp\/v2\/tags?post=485593"}],"curies":[{"name":"wp","href":"https:\/\/api.w.org\/{rel}","templated":true}]}}