{"id":485601,"date":"2025-10-24T00:57:11","date_gmt":"2025-10-24T00:57:11","guid":{"rendered":"https:\/\/www.europesays.com\/fr\/485601\/"},"modified":"2025-10-24T00:57:11","modified_gmt":"2025-10-24T00:57:11","slug":"un-incendie-se-declare-dans-une-entreprise-de-recyclage","status":"publish","type":"post","link":"https:\/\/www.europesays.com\/fr\/485601\/","title":{"rendered":"un incendie se d\u00e9clare dans une entreprise de recyclage"},"content":{"rendered":"<p>            Par<br \/>\n        <strong><br \/>\n            <a href=\"https:\/\/actu.fr\/auteur\/guillaume-laurens\" title=\"Consulter tous les articles de Guillaume Laurens\" target=\"_blank\" rel=\"noopener\">Guillaume Laurens<\/a><br \/>\n        <\/strong><\/p>\n<p>        Publi\u00e9 le<\/p>\n<p>            23 oct. 2025 \u00e0 16h23        <\/p>\n<p>Depuis <strong>15\u00a0heures<\/strong> environ, ce jeudi 23\u00a0octobre 2025, de nombreux sapeurs-pompiers du SDIS de la Haute-Garonne sont engag\u00e9s sur un <strong>feu d\u2019entrep\u00f4t<\/strong> survenu dans <strong>une entreprise de recyclage<\/strong> situ\u00e9e impasse Marthe Condat, commune de <a href=\"https:\/\/actu.fr\/toulouse\/\" target=\"_blank\" rel=\"noopener\"><strong>Toulouse.<\/strong><\/a><\/p>\n<p>Un b\u00e2timent de 1\u2009000 m\u00b2 en feu \u00e0 Montredon<\/p>\n<p class=\" wall-content\">\u00c0 leur arriv\u00e9e, les <strong>soldats du feu<\/strong> ont d\u00e9couvert un <strong>b\u00e2timent de 1\u2009000 m\u00b2<\/strong> en proie aux flammes, sur ce site exploit\u00e9 par une entreprise de <strong>recyclage de d\u00e9chets<\/strong> et situ\u00e9 dans la zone \u00e9conomique de Montredon, \u00e0 la limite avec L\u2019Union.<\/p>\n<p>Une lance \u00e0 eau d\u00e9ploy\u00e9e, 21 pompiers d\u00e9j\u00e0 sur place<\/p>\n<p class=\" wall-content\">\u00ab\u2009L\u2019attaque du sinistre est en cours au moyen d\u2019<strong>une lance \u00e0 eau<\/strong> et les moyens d\u00e9p\u00each\u00e9s sur les lieux ont \u00e9t\u00e9 confirm\u00e9s par le premier commandant des op\u00e9rations de secours\u2009\u00bb, pr\u00e9cise le SDIS peu avant 16\u00a0heures. Pr\u00e9cis\u00e9ment, 21<strong> sapeurs-pompiers<\/strong> ont \u00e9t\u00e9 d\u00e9p\u00each\u00e9s sur place, \u00e0 bord de six engins de secours.<\/p>\n<p>    <a href=\"https:\/\/www.google.com\/maps\/embed?pb=!1m18!1m12!1m3!1d568.7773256426348!2d1.4900574421509531!3d43.643394133714686!2m3!1f0!2f0!3f0!3m2!1i1024!2i768!4f13.1!3m3!1m2!1s0x12aebb71f9df1a99%3A0xa681c8e4c0d044de!2sFournier%20M%C3%A9taux!5e0!3m2!1sfr!2sfr!4v1761227826630!5m2!1sfr!2sfr\" title=\"Ouvrie le lien\" target=\"_blank\" rel=\"noopener\">Cliquez ici pour visualiser le contenu<\/a><\/p>\n<p>Apr\u00e8s un incendie du c\u00f4t\u00e9 de Cornabarrieu<\/p>\n<p class=\" wall-content\">Alors que <a href=\"https:\/\/actu.fr\/occitanie\/toulouse_31555\/tempete-benjamin-des-vents-forts-a-toulouse-avec-des-rafales-jusqu-a-110-km-h-en-occitanie_63335466.html\" target=\"_blank\" rel=\"noopener\"><strong>le vent est tr\u00e8s violent<\/strong><\/a> dans la Ville rose ce jeudi, les pompiers sont sur tous les fronts en Haute-Garonne. En d\u00e9but d\u2019apr\u00e8s-midi, c\u2019est \u00e0 <strong>Cornebarrieu<\/strong>, de l\u2019autre c\u00f4t\u00e9 de la m\u00e9tropole, qu\u2019un incendie est survenu\u2009: ici, <strong>70\u00a0personnes<\/strong> ont d\u00fb \u00eatre \u00e9vacu\u00e9es apr\u00e8s un feu survenu dans l\u2019usine Seveso du sous-traitant a\u00e9ronautique Satys.<\/p>\n<p class=\" wall-content\">Personnalisez votre actualit\u00e9 en ajoutant vos villes et m\u00e9dias en favori avec <a href=\"https:\/\/moncompte.actu.fr\" title=\"D\u00e9couvez Mon Actu\" rel=\"nofollow noopener\" data-trk=\"{&quot;cta&quot;:{&quot;action&quot;:&quot;https:\\\/\\\/moncompte.actu.fr&quot;,&quot;category&quot;:&quot;mon compte&quot;,&quot;from&quot;:&quot;article footer&quot;,&quot;name&quot;:&quot;Mon actu&quot;,&quot;type&quot;:&quot;cta&quot;}}\" target=\"_blank\">Mon Actu<\/a>.<\/p>\n","protected":false},"excerpt":{"rendered":"Par Guillaume Laurens Publi\u00e9 le 23 oct. 2025 \u00e0 16h23 Depuis 15\u00a0heures environ, ce jeudi 23\u00a0octobre 2025, de&hellip;\n","protected":false},"author":2,"featured_media":485602,"comment_status":"","ping_status":"","sticky":false,"template":"","format":"standard","meta":{"footnotes":""},"categories":[2816],"tags":[1111,11,3008,1777,674,118,1011,27,1310,12,2680,1311,25,2312],"class_list":{"0":"post-485601","1":"post","2":"type-post","3":"status-publish","4":"format-standard","5":"has-post-thumbnail","7":"category-toulouse","8":"tag-actu","9":"tag-actualites","10":"tag-dechets","11":"tag-eu","12":"tag-europe","13":"tag-faits-divers","14":"tag-fr","15":"tag-france","16":"tag-incendie","17":"tag-news","18":"tag-occitanie","19":"tag-pompiers","20":"tag-republique-francaise","21":"tag-toulouse"},"share_on_mastodon":{"url":"https:\/\/pubeurope.com\/@fr\/115426429780911016","error":""},"_links":{"self":[{"href":"https:\/\/www.europesays.com\/fr\/wp-json\/wp\/v2\/posts\/485601","targetHints":{"allow":["GET"]}}],"collection":[{"href":"https:\/\/www.europesays.com\/fr\/wp-json\/wp\/v2\/posts"}],"about":[{"href":"https:\/\/www.europesays.com\/fr\/wp-json\/wp\/v2\/types\/post"}],"author":[{"embeddable":true,"href":"https:\/\/www.europesays.com\/fr\/wp-json\/wp\/v2\/users\/2"}],"replies":[{"embeddable":true,"href":"https:\/\/www.europesays.com\/fr\/wp-json\/wp\/v2\/comments?post=485601"}],"version-history":[{"count":0,"href":"https:\/\/www.europesays.com\/fr\/wp-json\/wp\/v2\/posts\/485601\/revisions"}],"wp:featuredmedia":[{"embeddable":true,"href":"https:\/\/www.europesays.com\/fr\/wp-json\/wp\/v2\/media\/485602"}],"wp:attachment":[{"href":"https:\/\/www.europesays.com\/fr\/wp-json\/wp\/v2\/media?parent=485601"}],"wp:term":[{"taxonomy":"category","embeddable":true,"href":"https:\/\/www.europesays.com\/fr\/wp-json\/wp\/v2\/categories?post=485601"},{"taxonomy":"post_tag","embeddable":true,"href":"https:\/\/www.europesays.com\/fr\/wp-json\/wp\/v2\/tags?post=485601"}],"curies":[{"name":"wp","href":"https:\/\/api.w.org\/{rel}","templated":true}]}}