{"id":485608,"date":"2025-10-24T01:02:11","date_gmt":"2025-10-24T01:02:11","guid":{"rendered":"https:\/\/www.europesays.com\/fr\/485608\/"},"modified":"2025-10-24T01:02:11","modified_gmt":"2025-10-24T01:02:11","slug":"a-marseille-benoit-payan-interdit-le-film-sacre-coeur-au-nom-de-la-laicite","status":"publish","type":"post","link":"https:\/\/www.europesays.com\/fr\/485608\/","title":{"rendered":"\u00c0 Marseille, Beno\u00eet Payan interdit le film \u00abSacr\u00e9-C\u0153ur\u00bb au nom de la la\u00efcit\u00e9"},"content":{"rendered":"<p class=\"intro \">Alors que le film \u00ab\u00a0Sacr\u00e9-Coeur\u00a0\u00bb devait \u00eatre projet\u00e9 \u00e0 Marseille mercredi soir, le maire de la ville en a d\u00e9cid\u00e9 autrement une heure avant. En cause, les lois en vigueur, qui interdisent \u00e0 un \u00e9quipement public d&rsquo;accueillir des projections qui, par leur caract\u00e8re ou leur contenu, sont de nature confessionnelle.<\/p>\n<p>Il y a deux ans, <a href=\"https:\/\/www.europe1.fr\/dossiers\/marseille\" target=\"_blank\" rel=\"noopener\">Marseille<\/a> accueillait le pape Fran\u00e7ois. Et mercredi soir, dans cette m\u00eame ville, le nouveau film \u00ab\u00a0Sacr\u00e9-C\u0153ur\u00a0\u00bb, documentaire sur les bienfaits de l&rsquo;amour de Dieu sur la soci\u00e9t\u00e9, qui devait \u00eatre projet\u00e9 publiquement au ch\u00e2teau de la Buzine, a \u00e9t\u00e9 interdit par le maire.<\/p>\n<p>    La suite apr\u00e8s cette publicit\u00e9<\/p>\n<p>    La suite apr\u00e8s cette publicit\u00e9<\/p>\n<p>\u00ab\u00a0Je tiens \u00e0 respecter la loi\u00a0\u00bb<\/p>\n<p>Beno\u00eet Payan estime que la diffusion d&rsquo;un tel film au ch\u00e2teau de la Buzine, lieu culturel de Marseille, est contraire aux lois en vigueur. Pour ce dernier, un \u00e9quipement public ne peut accueillir des <a href=\"https:\/\/www.europe1.fr\/societe\/polemique-autour-de-laffiche-du-film-sacre-coeur-interdite-on-la-pas-vu-venir-lache-steven-gunnell-le-realisateur-774910\" target=\"_blank\" rel=\"noopener\">projections qui, par leur caract\u00e8re ou leur contenu, sont de nature confessionnelle.<\/a><\/p>\n<p>\u00ab\u00a0Les services juridiques, les avocats, m&rsquo;ont indiqu\u00e9 que ce film, s&rsquo;il devait \u00eatre diffus\u00e9, le serait dans l&rsquo;ill\u00e9galit\u00e9. Et vous comprenez bien qu&rsquo;au regard de tout ce qui est en train de se passer, je tiens \u00e0 respecter la loi. Qu&rsquo;elle nous plaise ou qu&rsquo;elle ne nous plaise pas\u00a0\u00bb, s&rsquo;est-il justifi\u00e9.<\/p>\n<p>    La suite apr\u00e8s cette publicit\u00e9<\/p>\n<p>    La suite apr\u00e8s cette publicit\u00e9<\/p>\n<p>\u00ab\u00a0Je n&rsquo;accepte plus que nous, chr\u00e9tiens, catholiques, en l&rsquo;occurrence, nous soyons censur\u00e9s. Je ne comprends pas qu&rsquo;en 2025, en France, un film qui raconte un pan de l&rsquo;histoire, au moment m\u00eame o\u00f9 les gens en plus avaient pris leur billet, se retrouve le bec dans l&rsquo;eau, projection annul\u00e9e\u00a0\u00bb, s&rsquo;est de son c\u00f4t\u00e9 insurg\u00e9 son r\u00e9alisateur, Steven <a href=\"https:\/\/www.europe1.fr\/societe\/benoit-payan-interdit-le-film-sacre-coeur-il-veut-teleguider-ce-que-les-gens-ont-le-droit-de-voir-ou-pas-juge-sabrina-gunnell-co-realisatrice-857072\" target=\"_blank\" rel=\"noopener\">Gunnell<\/a>.<\/p>\n<p>Il reste n\u00e9anmoins possible de voir ce film dans d&rsquo;autres cin\u00e9mas de Marseille. Ce docu-fiction a d\u00e9j\u00e0 rassembl\u00e9 200.000 spectateurs en seulement trois semaines.<\/p>\n","protected":false},"excerpt":{"rendered":"Alors que le film \u00ab\u00a0Sacr\u00e9-Coeur\u00a0\u00bb devait \u00eatre projet\u00e9 \u00e0 Marseille mercredi soir, le maire de la ville en&hellip;\n","protected":false},"author":2,"featured_media":485609,"comment_status":"","ping_status":"","sticky":false,"template":"","format":"standard","meta":{"footnotes":""},"categories":[2814],"tags":[1111,11,1777,674,1011,27,884,12,882,25],"class_list":{"0":"post-485608","1":"post","2":"type-post","3":"status-publish","4":"format-standard","5":"has-post-thumbnail","7":"category-marseille","8":"tag-actu","9":"tag-actualites","10":"tag-eu","11":"tag-europe","12":"tag-fr","13":"tag-france","14":"tag-marseille","15":"tag-news","16":"tag-provence-alpes-cote-dazur","17":"tag-republique-francaise"},"share_on_mastodon":{"url":"https:\/\/pubeurope.com\/@fr\/115426449422161276","error":""},"_links":{"self":[{"href":"https:\/\/www.europesays.com\/fr\/wp-json\/wp\/v2\/posts\/485608","targetHints":{"allow":["GET"]}}],"collection":[{"href":"https:\/\/www.europesays.com\/fr\/wp-json\/wp\/v2\/posts"}],"about":[{"href":"https:\/\/www.europesays.com\/fr\/wp-json\/wp\/v2\/types\/post"}],"author":[{"embeddable":true,"href":"https:\/\/www.europesays.com\/fr\/wp-json\/wp\/v2\/users\/2"}],"replies":[{"embeddable":true,"href":"https:\/\/www.europesays.com\/fr\/wp-json\/wp\/v2\/comments?post=485608"}],"version-history":[{"count":0,"href":"https:\/\/www.europesays.com\/fr\/wp-json\/wp\/v2\/posts\/485608\/revisions"}],"wp:featuredmedia":[{"embeddable":true,"href":"https:\/\/www.europesays.com\/fr\/wp-json\/wp\/v2\/media\/485609"}],"wp:attachment":[{"href":"https:\/\/www.europesays.com\/fr\/wp-json\/wp\/v2\/media?parent=485608"}],"wp:term":[{"taxonomy":"category","embeddable":true,"href":"https:\/\/www.europesays.com\/fr\/wp-json\/wp\/v2\/categories?post=485608"},{"taxonomy":"post_tag","embeddable":true,"href":"https:\/\/www.europesays.com\/fr\/wp-json\/wp\/v2\/tags?post=485608"}],"curies":[{"name":"wp","href":"https:\/\/api.w.org\/{rel}","templated":true}]}}