{"id":485610,"date":"2025-10-24T01:03:15","date_gmt":"2025-10-24T01:03:15","guid":{"rendered":"https:\/\/www.europesays.com\/fr\/485610\/"},"modified":"2025-10-24T01:03:15","modified_gmt":"2025-10-24T01:03:15","slug":"nord-de-lyon-il-conduisait-en-etant-positif-a-quatre-drogues-differentes","status":"publish","type":"post","link":"https:\/\/www.europesays.com\/fr\/485610\/","title":{"rendered":"Nord de Lyon : il conduisait en \u00e9tant positif \u00e0 quatre drogues diff\u00e9rentes"},"content":{"rendered":"<p>Un conducteur de 19 ans a \u00e9t\u00e9 interpell\u00e9, dans la nuit de mercredi \u00e0 jeudi, dans les rues de Villefranche-sur-Sa\u00f4ne. Il a \u00e9t\u00e9 contr\u00f4l\u00e9 positif \u00e0 quatre drogues et \u00e0 l&rsquo;alcool.<\/p>\n<p>Retour dans la nuit du mercredi 22 au jeudi 23 octobre. Au volant de sa voiture, un jeune homme de 19 ans manque de percuter un mur. Il est alors 2h du matin, rue Roncevaux, \u00e0 <b>Villefranche-sur-Sa\u00f4ne<\/b> (Rh\u00f4ne).<\/p>\n<p>La sc\u00e8ne, qui aurait pu \u00eatre grave pour la sant\u00e9 du conducteur, vient de se d\u00e9rouler sous les yeux d&rsquo;une patrouille de police. Ni une, ni deux, les forces de l&rsquo;ordre contr\u00f4lent l&rsquo;automobiliste.<\/p>\n<p>Quatre drogues et un taux d&rsquo;alcool trop \u00e9lev\u00e9<\/p>\n<p>Les d\u00e9pistages d&rsquo;alcool et de stup\u00e9fiants se r\u00e9v\u00e8lent positifs. Selon <a class=\"url\" href=\"https:\/\/www.leprogres.fr\/faits-divers-justice\/2025\/10\/23\/positif-a-quatre-drogues-et-alcoolise-au-volant-il-a-failli-percuter-un-mur\" target=\"_blank\" rel=\"nofollow noopener\">Le Progr\u00e8s<\/a>, le jeune majeur a consomm\u00e9 beaucoup trop de bi\u00e8res : <b>son taux d&rsquo;alcool est de 1,34 g par litre de sang <\/b>(la limite est fix\u00e9e \u00e0 0,5 g).<\/p>\n<p>Mais surtout, <b>quatre drogues diff\u00e9rentes<\/b> sont d\u00e9tect\u00e9es lors des d\u00e9pistages. De la coca\u00efne, du cannabis, de la m\u00e9thamph\u00e9tamine et de l&rsquo;amph\u00e9tamine.<\/p>\n<p>D&rsquo;abord plac\u00e9 en garde \u00e0 vue, il a rendez-vous devant la justice en 2026.<\/p>\n<p><img loading=\"lazy\" decoding=\"async\" src=\"https:\/\/www.europesays.com\/fr\/wp-content\/uploads\/2025\/10\/1761267795_560_img\" width=\"350\" height=\"200\" border=\"0\" title=\"Un b\u00c3\u00a9b\u00c3\u00a9\"\/><\/p>\n<p>\u25baPolice &#8211; Justice<\/p>\n<p style=\"font-size: 22px;\"><b>Un couple condamn\u00e9 \u00e0 Lyon : de la coca\u00efne avait \u00e9t\u00e9 retrouv\u00e9e dans le corps de leur b\u00e9b\u00e9<\/b><\/p>\n<p>Des traces de drogue avaient \u00e9t\u00e9 retrouv\u00e9es dans&#8230;<\/p>\n<p><\/p>\n","protected":false},"excerpt":{"rendered":"Un conducteur de 19 ans a \u00e9t\u00e9 interpell\u00e9, dans la nuit de mercredi \u00e0 jeudi, dans les rues&hellip;\n","protected":false},"author":2,"featured_media":485611,"comment_status":"","ping_status":"","sticky":false,"template":"","format":"standard","meta":{"footnotes":""},"categories":[1889],"tags":[1111,11,5702,2430,3675,20712,1052,1777,674,6017,1011,27,2428,12,1072,25,29834],"class_list":{"0":"post-485610","1":"post","2":"type-post","3":"status-publish","4":"format-standard","5":"has-post-thumbnail","7":"category-lyon","8":"tag-actu","9":"tag-actualites","10":"tag-alcool","11":"tag-auvergne-rhone-alpes","12":"tag-cannabis","13":"tag-cocane","14":"tag-drogue","15":"tag-eu","16":"tag-europe","17":"tag-fait-divers","18":"tag-fr","19":"tag-france","20":"tag-lyon","21":"tag-news","22":"tag-police","23":"tag-republique-francaise","24":"tag-villefranche-sur-sane"},"share_on_mastodon":{"url":"https:\/\/pubeurope.com\/@fr\/115426453949796664","error":""},"_links":{"self":[{"href":"https:\/\/www.europesays.com\/fr\/wp-json\/wp\/v2\/posts\/485610","targetHints":{"allow":["GET"]}}],"collection":[{"href":"https:\/\/www.europesays.com\/fr\/wp-json\/wp\/v2\/posts"}],"about":[{"href":"https:\/\/www.europesays.com\/fr\/wp-json\/wp\/v2\/types\/post"}],"author":[{"embeddable":true,"href":"https:\/\/www.europesays.com\/fr\/wp-json\/wp\/v2\/users\/2"}],"replies":[{"embeddable":true,"href":"https:\/\/www.europesays.com\/fr\/wp-json\/wp\/v2\/comments?post=485610"}],"version-history":[{"count":0,"href":"https:\/\/www.europesays.com\/fr\/wp-json\/wp\/v2\/posts\/485610\/revisions"}],"wp:featuredmedia":[{"embeddable":true,"href":"https:\/\/www.europesays.com\/fr\/wp-json\/wp\/v2\/media\/485611"}],"wp:attachment":[{"href":"https:\/\/www.europesays.com\/fr\/wp-json\/wp\/v2\/media?parent=485610"}],"wp:term":[{"taxonomy":"category","embeddable":true,"href":"https:\/\/www.europesays.com\/fr\/wp-json\/wp\/v2\/categories?post=485610"},{"taxonomy":"post_tag","embeddable":true,"href":"https:\/\/www.europesays.com\/fr\/wp-json\/wp\/v2\/tags?post=485610"}],"curies":[{"name":"wp","href":"https:\/\/api.w.org\/{rel}","templated":true}]}}