{"id":485618,"date":"2025-10-24T01:08:14","date_gmt":"2025-10-24T01:08:14","guid":{"rendered":"https:\/\/www.europesays.com\/fr\/485618\/"},"modified":"2025-10-24T01:08:14","modified_gmt":"2025-10-24T01:08:14","slug":"israel-ne-va-rien-faire-avec-la-cisjordanie-assure-donald-trump","status":"publish","type":"post","link":"https:\/\/www.europesays.com\/fr\/485618\/","title":{"rendered":"\u00ab\u00a0Isra\u00ebl ne va rien faire avec la Cisjordanie\u00a0\u00bb, assure Donald Trump"},"content":{"rendered":"<p>   Le ministre des finances isra\u00e9lien critique l\u2019Arabie saoudite sur la question d\u2019un Etat palestinien             <\/p>\n<p class=\"post__live-container--answer-text post__space-node\">S\u2019exprimant jeudi lors d\u2019un colloque sur une \u00e9ventuelle annexion de la Cisjordanie par Isra\u00ebl, qui mettrait fin \u00e0 la cr\u00e9ation possible d\u2019un Etat palestinien, Bezalel Smotrich, le ministre des finances isra\u00e9lien, a d\u00e9clar\u00e9 que \u00ab\u00a0si l\u2019Arabie saoudite nous dit\u00a0: \u201cnormalisation en \u00e9change d\u2019un Etat palestinien\u201d, alors non merci, mes amis\u00a0\u00bb.<\/p>\n<p class=\"post__live-container--answer-text post__space-node\">\u00ab\u00a0Continuez \u00e0 monter vos chameaux dans le d\u00e9sert saoudien et nous, nous continuerons \u00e0 nous d\u00e9velopper \u2013\u00a0avec une \u00e9conomie, une soci\u00e9t\u00e9, un Etat et toutes les grandes et merveilleuses choses que nous savons faire\u00a0\u00bb, a-t-il ajout\u00e9, suscitant de vives r\u00e9actions en Isra\u00ebl.<\/p>\n<p class=\"post__live-container--answer-text post__space-node\">Le chef de l\u2019opposition, Ya\u00efr Lapid, a r\u00e9agi sur X en arabe\u00a0: \u00ab\u00a0A nos amis du royaume d\u2019Arabie saoudite et du Moyen-Orient, Smotrich ne repr\u00e9sente pas l\u2019Etat d\u2019Isra\u00ebl.\u00a0\u00bb Il a ensuite appel\u00e9 le ministre \u00e0 pr\u00e9senter ses excuses.<\/p>\n<p class=\"post__live-container--answer-text post__space-node\">L\u2019ancien ministre de la d\u00e9fense Benny Gantz a estim\u00e9 que les propos de M.\u00a0Smotrich \u00ab\u00a0t\u00e9moignent d\u2019une ignorance et d\u2019un manque de conscience de sa responsabilit\u00e9 en tant que ministre de haut rang au sein du gouvernement\u00a0\u00bb.<\/p>\n<p class=\"post__live-container--answer-text post__space-node\">M.\u00a0Smotrich est connu pour ses d\u00e9clarations incendiaires, souvent en d\u00e9calage avec la ligne officielle du gouvernement de Benyamin N\u00e9tanyahou, dont il est l\u2019un des membres les plus radicaux.<\/p>\n<p class=\"post__live-container--answer-text post__space-node\">\u00ab\u00a0L\u2019entit\u00e9 appel\u00e9e \u201cEtat d\u2019Isra\u00ebl\u201d est l\u2019Etat d\u2019Isra\u00ebl dans toutes ses fronti\u00e8res, et elle ne cr\u00e9era jamais d\u2019Etat palestinien\u00a0\u00bb, a-t-il lanc\u00e9 jeudi.<\/p>\n<p class=\"post__live-container--answer-text post__space-node\">Ministre d\u2019extr\u00eame droite, M.\u00a0Smotrich plaide depuis longtemps pour l\u2019annexion de la Cisjordanie occup\u00e9e, o\u00f9 il r\u00e9side.<\/p>\n","protected":false},"excerpt":{"rendered":"Le ministre des finances isra\u00e9lien critique l\u2019Arabie saoudite sur la question d\u2019un Etat palestinien S\u2019exprimant jeudi lors d\u2019un&hellip;\n","protected":false},"author":2,"featured_media":485619,"comment_status":"","ping_status":"","sticky":false,"template":"","format":"standard","meta":{"footnotes":""},"categories":[1888],"tags":[1111,1928,11,1927,1777,674,1011,27,12,1926,626,1925,25],"class_list":{"0":"post-485618","1":"post","2":"type-post","3":"status-publish","4":"format-standard","5":"has-post-thumbnail","7":"category-paris","8":"tag-actu","9":"tag-actu-paris","10":"tag-actualites","11":"tag-actualites-paris","12":"tag-eu","13":"tag-europe","14":"tag-fr","15":"tag-france","16":"tag-news","17":"tag-news-paris","18":"tag-paris","19":"tag-paris-news","20":"tag-republique-francaise"},"share_on_mastodon":{"url":"https:\/\/pubeurope.com\/@fr\/115426473058972691","error":""},"_links":{"self":[{"href":"https:\/\/www.europesays.com\/fr\/wp-json\/wp\/v2\/posts\/485618","targetHints":{"allow":["GET"]}}],"collection":[{"href":"https:\/\/www.europesays.com\/fr\/wp-json\/wp\/v2\/posts"}],"about":[{"href":"https:\/\/www.europesays.com\/fr\/wp-json\/wp\/v2\/types\/post"}],"author":[{"embeddable":true,"href":"https:\/\/www.europesays.com\/fr\/wp-json\/wp\/v2\/users\/2"}],"replies":[{"embeddable":true,"href":"https:\/\/www.europesays.com\/fr\/wp-json\/wp\/v2\/comments?post=485618"}],"version-history":[{"count":0,"href":"https:\/\/www.europesays.com\/fr\/wp-json\/wp\/v2\/posts\/485618\/revisions"}],"wp:featuredmedia":[{"embeddable":true,"href":"https:\/\/www.europesays.com\/fr\/wp-json\/wp\/v2\/media\/485619"}],"wp:attachment":[{"href":"https:\/\/www.europesays.com\/fr\/wp-json\/wp\/v2\/media?parent=485618"}],"wp:term":[{"taxonomy":"category","embeddable":true,"href":"https:\/\/www.europesays.com\/fr\/wp-json\/wp\/v2\/categories?post=485618"},{"taxonomy":"post_tag","embeddable":true,"href":"https:\/\/www.europesays.com\/fr\/wp-json\/wp\/v2\/tags?post=485618"}],"curies":[{"name":"wp","href":"https:\/\/api.w.org\/{rel}","templated":true}]}}