{"id":485620,"date":"2025-10-24T01:09:19","date_gmt":"2025-10-24T01:09:19","guid":{"rendered":"https:\/\/www.europesays.com\/fr\/485620\/"},"modified":"2025-10-24T01:09:19","modified_gmt":"2025-10-24T01:09:19","slug":"on-dirait-quil-sort-tout-juste-de-latelier-un-chef-doeuvre-inconnu-de-picasso-mis-aux-encheres-a-paris","status":"publish","type":"post","link":"https:\/\/www.europesays.com\/fr\/485620\/","title":{"rendered":"\u00ab\u00a0On dirait qu\u2019il sort tout juste de l\u2019atelier\u00a0\u00bb\u00a0: un chef-d\u2019\u0153uvre inconnu de Picasso mis aux ench\u00e8res \u00e0 Paris"},"content":{"rendered":"<p class=\"paragraph text_align_left lp-f-body-02\">Tout a commenc\u00e9 en f\u00e9vrier 2024. Le t\u00e9l\u00e9phone de Christophe Lucien sonne, il d\u00e9croche : c\u2019est un notaire qui r\u00e9alise un inventaire de succession, apr\u00e8s le d\u00e9c\u00e8s d\u2019une m\u00e8re de famille. Sauf que la discussion prend rapidement une tournure inattendue : un tableau compl\u00e8tement in\u00e9dit du <a href=\"https:\/\/www.leparisien.fr\/culture-loisirs\/inconnu-du-public-et-jamais-expose-un-picasso-representant-dora-maar-devoile-a-paris-18-09-2025-VWJWBNINFBEINP6MVFZWP7L7JU.php\" target=\"_self\" rel=\"nofollow noopener\">peintre Pablo Picasso<\/a> (1881-1973), ferait partie du lot, les actuels ayant droits souhaitent le vendre.<\/p>\n","protected":false},"excerpt":{"rendered":"Tout a commenc\u00e9 en f\u00e9vrier 2024. Le t\u00e9l\u00e9phone de Christophe Lucien sonne, il d\u00e9croche : c\u2019est un notaire&hellip;\n","protected":false},"author":2,"featured_media":485621,"comment_status":"","ping_status":"","sticky":false,"template":"","format":"standard","meta":{"footnotes":""},"categories":[1888],"tags":[11,872,1777,674,1011,27,1944,12,626,25],"class_list":{"0":"post-485620","1":"post","2":"type-post","3":"status-publish","4":"format-standard","5":"has-post-thumbnail","7":"category-paris","8":"tag-actualites","9":"tag-culture-et-loisirs","10":"tag-eu","11":"tag-europe","12":"tag-fr","13":"tag-france","14":"tag-ma-ville","15":"tag-news","16":"tag-paris","17":"tag-republique-francaise"},"share_on_mastodon":{"url":"https:\/\/pubeurope.com\/@fr\/115426477014381603","error":""},"_links":{"self":[{"href":"https:\/\/www.europesays.com\/fr\/wp-json\/wp\/v2\/posts\/485620","targetHints":{"allow":["GET"]}}],"collection":[{"href":"https:\/\/www.europesays.com\/fr\/wp-json\/wp\/v2\/posts"}],"about":[{"href":"https:\/\/www.europesays.com\/fr\/wp-json\/wp\/v2\/types\/post"}],"author":[{"embeddable":true,"href":"https:\/\/www.europesays.com\/fr\/wp-json\/wp\/v2\/users\/2"}],"replies":[{"embeddable":true,"href":"https:\/\/www.europesays.com\/fr\/wp-json\/wp\/v2\/comments?post=485620"}],"version-history":[{"count":0,"href":"https:\/\/www.europesays.com\/fr\/wp-json\/wp\/v2\/posts\/485620\/revisions"}],"wp:featuredmedia":[{"embeddable":true,"href":"https:\/\/www.europesays.com\/fr\/wp-json\/wp\/v2\/media\/485621"}],"wp:attachment":[{"href":"https:\/\/www.europesays.com\/fr\/wp-json\/wp\/v2\/media?parent=485620"}],"wp:term":[{"taxonomy":"category","embeddable":true,"href":"https:\/\/www.europesays.com\/fr\/wp-json\/wp\/v2\/categories?post=485620"},{"taxonomy":"post_tag","embeddable":true,"href":"https:\/\/www.europesays.com\/fr\/wp-json\/wp\/v2\/tags?post=485620"}],"curies":[{"name":"wp","href":"https:\/\/api.w.org\/{rel}","templated":true}]}}