{"id":485622,"date":"2025-10-24T01:10:15","date_gmt":"2025-10-24T01:10:15","guid":{"rendered":"https:\/\/www.europesays.com\/fr\/485622\/"},"modified":"2025-10-24T01:10:15","modified_gmt":"2025-10-24T01:10:15","slug":"apres-la-polemique-shein-le-bhv-lache-par-disneyland-paris-pour-noel-2","status":"publish","type":"post","link":"https:\/\/www.europesays.com\/fr\/485622\/","title":{"rendered":"Apr\u00e8s la pol\u00e9mique Shein, le BHV l\u00e2ch\u00e9 par Disneyland Paris pour No\u00ebl"},"content":{"rendered":"<p>        <img decoding=\"async\" loading=\"lazy\" src=\"https:\/\/www.europesays.com\/fr\/wp-content\/uploads\/2025\/10\/75c30d7_upload-1-8q9bwjeyresa-gettyimages-1205121570.jpg\"  width=\"728\" height=\"409\" alt=\"Photo d\u2019illustration du &quot;Bazar de l'Hotel de Ville&quot;, \u00e0 Paris, en f\u00e9vrier 2020.\"\/>  <\/p>\n<p>legna69 \/ Getty Images<\/p>\n<p>Photo d\u2019illustration du \u00ab\u00a0Bazar de l&rsquo;Hotel de Ville\u00a0\u00bb, \u00e0 Paris, en f\u00e9vrier 2020.<\/p>\n<p class=\"asset asset-text\">\u00c9CONOMIE &#8211; Une nouvelle d\u00e9fection en pleine crise pour l\u2019enseigne de renom. <a href=\"https:\/\/www.huffingtonpost.fr\/france\/video\/le-joueur-de-football-raphinha-accuse-une-mascotte-de-disneyland-paris-de-racisme_254498.html\" target=\"_blank\" rel=\"noopener\" title=\"Nouvelle fen\u00eatre\">Disneyland Paris <\/a>renonce \u00e0 son projet pour No\u00ebl avec le <a href=\"https:\/\/www.huffingtonpost.fr\/economie\/article\/l-arrivee-de-shein-en-france-provoque-la-bronca-du-milieu-de-l-habillement_255492.html\" target=\"_blank\" rel=\"noopener\" title=\"Nouvelle fen\u00eatre\">BHV<\/a>, apr\u00e8s l\u2019annonce du partenariat entre la plateforme sp\u00e9cialis\u00e9e dans la\u00a0\u00ab\u00a0fast fashion\u00a0\u00bb d\u00e9cri\u00e9e Shein et le grand magasin parisien, a annonc\u00e9 ce jeudi 23\u00a0octobre le parc d\u2019attractions \u00e0 l\u2019AFP, confirmant une information du<a href=\"https:\/\/www.leparisien.fr\/economie\/consommation\/shein-arrive-disneyland-renonce-morosite-a-tous-les-etages-du-bhv-on-se-demande-tous-ou-on-va-23-10-2025-KT3KCAJIQRDA3N42DBKFASX4KY.php\" target=\"_blank\" rel=\"noopener\" title=\"Nouvelle fen\u00eatre\"> Parisien.<\/a><\/p>\n<p class=\"asset asset-text\">Disneyland Paris, parc d\u2019attractions le plus fr\u00e9quent\u00e9 de France, devait installer du 4\u00a0novembre au 31\u00a0d\u00e9cembre un magasin \u00e9ph\u00e9m\u00e8re et des vitrines sur le th\u00e8me de l\u2019attraction \u00ab\u00a0It\u2019s a small world\u00a0\u00bb \u00e0 l\u2019occasion des f\u00eates de fin d\u2019ann\u00e9e. \u00ab\u00a0Les conditions ne sont plus r\u00e9unies pour d\u00e9ployer sereinement les animations de No\u00ebl\u00a0\u00bb, a-t-il d\u00e9clar\u00e9 \u00e0 l\u2019AFP.<\/p>\n<p class=\"asset asset-text\">Cette d\u00e9cision est prise alors que Shein doit ouvrir \u00e0 partir de novembre six magasins physiques p\u00e9rennes en France, dont l\u2019un au sein du Bazar de l\u2019H\u00f4tel de ville (BHV).<\/p>\n<p>    Plusieurs marques ont annonc\u00e9 leur d\u00e9part    <\/p>\n<p class=\"asset asset-text\">Le projet, fruit d\u2019un accord entre Shein et la Soci\u00e9t\u00e9 des grands magasins &#8211; SGM, fonci\u00e8re commerciale qui exploite l\u2019\u00e9tablissement parisien &#8211; a suscit\u00e9 une vive pol\u00e9mique depuis son annonce d\u00e9but octobre, les plateformes asiatiques \u00e0 prix discount \u00e9tant notamment accus\u00e9es de concurrence d\u00e9loyale, de pollution environnementale ou encore de conditions de travail indignes. Plusieurs marques avaient d\u00e9j\u00e0 annonc\u00e9 leur d\u00e9part du BHV suite \u00e0 cette annonce.<\/p>\n<p class=\"asset asset-text\">\u00ab\u00a0Ce partenariat est un mauvais signal qu\u2019il faut \u00e9viter\u00a0\u00bb, a aussi estim\u00e9 jeudi le cabinet du ministre du Commerce, Serge Papin, interrog\u00e9 par l\u2019AFP, ajoutant que le ministre souhaitait \u00ab\u00a0trouver en ce sens des solutions\u00a0\u00bb.<\/p>\n<p class=\"asset asset-text\">Interrog\u00e9 jeudi matin sur TF1 sur le fait de savoir s\u2019il faisait \u00ab\u00a0pression\u00a0\u00bb et avait \u00ab\u00a0encore un espoir\u00a0\u00bb d\u2019emp\u00eacher l\u2019arriv\u00e9e de Shein au BHV, Serge Papin avait r\u00e9pondu \u00ab\u00a0oui\u00a0\u00bb, sans plus de pr\u00e9cisions.<\/p>\n","protected":false},"excerpt":{"rendered":"legna69 \/ Getty Images Photo d\u2019illustration du \u00ab\u00a0Bazar de l&rsquo;Hotel de Ville\u00a0\u00bb, \u00e0 Paris, en f\u00e9vrier 2020. \u00c9CONOMIE&hellip;\n","protected":false},"author":2,"featured_media":485623,"comment_status":"","ping_status":"","sticky":false,"template":"","format":"standard","meta":{"footnotes":""},"categories":[1888],"tags":[11,7791,33,1777,674,1011,27,12,626,25],"class_list":{"0":"post-485622","1":"post","2":"type-post","3":"status-publish","4":"format-standard","5":"has-post-thumbnail","7":"category-paris","8":"tag-actualites","9":"tag-disneyland","10":"tag-economie","11":"tag-eu","12":"tag-europe","13":"tag-fr","14":"tag-france","15":"tag-news","16":"tag-paris","17":"tag-republique-francaise"},"share_on_mastodon":{"url":"https:\/\/pubeurope.com\/@fr\/115426481480711509","error":""},"_links":{"self":[{"href":"https:\/\/www.europesays.com\/fr\/wp-json\/wp\/v2\/posts\/485622","targetHints":{"allow":["GET"]}}],"collection":[{"href":"https:\/\/www.europesays.com\/fr\/wp-json\/wp\/v2\/posts"}],"about":[{"href":"https:\/\/www.europesays.com\/fr\/wp-json\/wp\/v2\/types\/post"}],"author":[{"embeddable":true,"href":"https:\/\/www.europesays.com\/fr\/wp-json\/wp\/v2\/users\/2"}],"replies":[{"embeddable":true,"href":"https:\/\/www.europesays.com\/fr\/wp-json\/wp\/v2\/comments?post=485622"}],"version-history":[{"count":0,"href":"https:\/\/www.europesays.com\/fr\/wp-json\/wp\/v2\/posts\/485622\/revisions"}],"wp:featuredmedia":[{"embeddable":true,"href":"https:\/\/www.europesays.com\/fr\/wp-json\/wp\/v2\/media\/485623"}],"wp:attachment":[{"href":"https:\/\/www.europesays.com\/fr\/wp-json\/wp\/v2\/media?parent=485622"}],"wp:term":[{"taxonomy":"category","embeddable":true,"href":"https:\/\/www.europesays.com\/fr\/wp-json\/wp\/v2\/categories?post=485622"},{"taxonomy":"post_tag","embeddable":true,"href":"https:\/\/www.europesays.com\/fr\/wp-json\/wp\/v2\/tags?post=485622"}],"curies":[{"name":"wp","href":"https:\/\/api.w.org\/{rel}","templated":true}]}}