{"id":485629,"date":"2025-10-24T01:15:23","date_gmt":"2025-10-24T01:15:23","guid":{"rendered":"https:\/\/www.europesays.com\/fr\/485629\/"},"modified":"2025-10-24T01:15:23","modified_gmt":"2025-10-24T01:15:23","slug":"de-paris-en-allemagne-a-la-belle-ville-de-belgique-pourquoi-donald-trump-est-il-si-nul-en-geographie-2","status":"publish","type":"post","link":"https:\/\/www.europesays.com\/fr\/485629\/","title":{"rendered":"De Paris en Allemagne \u00e0 la \u00ab\u00a0belle ville\u00a0\u00bb de Belgique\u2026 Pourquoi Donald Trump est-il si nul en g\u00e9ographie\u00a0?"},"content":{"rendered":"<p> \u00abJe ne sais m\u00eame pas o\u00f9 c\u2019est\u00a0!\u00a0\u00bb, s\u2019est agac\u00e9 <a href=\"https:\/\/www.20minutes.fr\/dossier\/donald_trump\" class=\"c-link c-link--is-underlined\" rel=\"nofollow noopener\" target=\"_blank\">Donald Trump<\/a> face \u00e0 la carte du front ukrainien, pr\u00e9sent\u00e9e par <a href=\"https:\/\/www.20minutes.fr\/monde\/volodymyr-zelensky\/\" class=\"c-link c-link--is-underlined\" rel=\"nofollow noopener\" target=\"_blank\">Volodymyr Zelensky<\/a> lors <a href=\"https:\/\/www.ft.com\/content\/7960c6aa-dbfa-4a55-91e8-ae44601842ec\" rel=\"nofollow noopener\" target=\"_blank\" class=\"c-link c-link--is-underlined\">d\u2019une r\u00e9union houleuse, vendredi 17\u00a0octobre<\/a>. Depuis le d\u00e9but de son entr\u00e9e en politique, le pr\u00e9sident des <a href=\"https:\/\/www.20minutes.fr\/monde\/etats-unis\/\" class=\"c-link c-link--is-underlined\" rel=\"nofollow noopener\" target=\"_blank\">Etats-Unis<\/a> fait montre d\u2019une connaissance g\u00e9ographique que l\u2019on pourrait qualifier (a minima) de lacunaire. D\u00e8s janvier\u00a02016, il avait concentr\u00e9 les critiques moqueuses apr\u00e8s avoir \u00e9voqu\u00e9 un fait divers \u00e0 Paris et <a href=\"https:\/\/x.com\/realDonaldTrump\/status\/685089631973601280\" rel=\"nofollow\" target=\"_blank\" class=\"c-link c-link--is-underlined\">comment\u00e9 dans le m\u00eame tweet\u00a0<\/a>: \u00ab\u00a0L\u2019Allemagne est un v\u00e9ritable d\u00e9sastre\u00a0\u00bb.<\/p>\n<p>En une d\u00e9cennie, le magnat de l\u2019immobilier a eu le temps d\u2019\u00e9toffer sa collection de bourdes g\u00e9ographiques\u00a0: la <a href=\"https:\/\/www.rtbf.be\/article\/donald-trump-aime-finalement-bien-la-belgique-cette-ville-magnifique-9327444\" rel=\"nofollow noopener\" target=\"_blank\" class=\"c-link c-link--is-underlined\">Belgique a \u00e9t\u00e9 qualifi\u00e9e de \u00ab\u00a0belle ville\u00a0\u00bb<\/a>, le N\u00e9pal <a href=\"https:\/\/www.vanityfair.com\/news\/2018\/08\/donald-trump-thought-there-was-a-country-called-nipple-nepal?srsltid=AfmBOoo_SOIP6L3ahNJRXZg9aY4CmslMYN2glWEtI5DtaKoh0mfpczWu\" rel=\"nofollow noopener\" target=\"_blank\" class=\"c-link c-link--is-underlined\">surnomm\u00e9 \u00ab\u00a0Nipple\u00a0\u00bb<\/a> (\u00ab t\u00e9ton\u00a0\u00bb, en anglais), l\u2019Alaska et la Finlande plac\u00e9e en <a href=\"https:\/\/www.20minutes.fr\/monde\/russie\/\" class=\"c-link c-link--is-underlined\" rel=\"nofollow noopener\" target=\"_blank\">Russie<\/a> ou encore le Colorado d\u00e9plac\u00e9 \u00e0 la fronti\u00e8re avec le Mexique, pourtant distant d\u2019environ 800 kilom\u00e8tres.<\/p>\n<\/p>\n<p>\u00ab\u00a0Donald Trump est nul en g\u00e9ographie, confirme d\u2019un sourire St\u00e9phane Rosi\u00e8re, g\u00e9ographe et g\u00e9opolitologue. Mais ce n\u2019est pas le premier pr\u00e9sident am\u00e9ricain \u00e0 avoir des lacunes.\u00a0\u00bb En\u00a01982, Ronald Reagan avait ainsi port\u00e9 un toast au \u00ab\u00a0peuple bolivien\u00a0\u00bb lors d\u2019un d\u00eener d\u2019Etat \u00e0\u2026 Brasilia. Plus r\u00e9cemment, Gary Johnson, l\u2019un des rivaux de Trump lors de la pr\u00e9sidentielle de\u00a02016, interrog\u00e9 sur la ville syrienne d\u2019Alep avait r\u00e9pondu\u00a0: \u00ab\u00a0Qu\u2019est-ce que c\u2019est, <a href=\"https:\/\/www.20minutes.fr\/monde\/alep\/\" class=\"c-link c-link--is-underlined\" rel=\"nofollow noopener\" target=\"_blank\">Alep<\/a>\u00a0?\u00a0\u00bb<\/p>\n<p>Des Am\u00e9ricains moqu\u00e9s pour leur niveau<\/p>\n<p>\u00ab\u00a0A la diff\u00e9rence de ses pr\u00e9d\u00e9cesseurs, Donald Trump semble exempt de tout filtre. Il n\u2019a pas l\u2019air d\u2019\u00e9couter les conseillers qui travaillent pour lui ou de lire les notes qui lui ont \u00e9t\u00e9 r\u00e9dig\u00e9es afin d\u2019\u00e9viter qu\u2019il ne d\u00e9bite des idioties\u00a0\u00bb, analyse St\u00e9phane Rosi\u00e8re. Pire encore\u00a0: le <a href=\"https:\/\/www.20minutes.fr\/dossier\/president\" class=\"c-link c-link--is-underlined\" rel=\"nofollow noopener\" target=\"_blank\">pr\u00e9sident<\/a> am\u00e9ricain a habitu\u00e9 les Etats-Unis (et le monde) \u00e0 ses r\u00e9actions \u00e0 chaud, directement transcrites sur les r\u00e9seaux sociaux. \u00ab\u00a0Cela lui permet de raconter n\u2019importe quoi, au risque d\u2019\u00e9corner son image ou la v\u00e9rit\u00e9\u00a0\u00bb, ajoute le g\u00e9ographe. Mais la criante m\u00e9connaissance du monde de Donald Trump choque plus \u00e0 l\u2019international qu\u2019\u00e0 domicile.<\/p>\n<p>Et pour cause. Les Am\u00e9ricains sont connus (et moqu\u00e9s), pour leur m\u00e9connaissance en g\u00e9ographie et les mines d\u00e9faites des passants am\u00e9ricains face \u00e0 un planisph\u00e8re font les choux gras d\u2019Internet depuis des ann\u00e9es. Un sondage du <a href=\"http:\/\/www.telegraph.co.uk\/news\/worldnews\/northamerica\/usa\/10640690\/Americans-surveyed-misunderstood-misrepresented-or-ignorant.html\" rel=\"nofollow noopener\" target=\"_blank\" class=\"c-link c-link--is-underlined\">National Geographic montrait ainsi en\u00a02006<\/a> que moins d\u2019un Am\u00e9ricain sur trois \u00e9tait capable de trouver le <a href=\"https:\/\/www.20minutes.fr\/monde\/royaume-uni\/\" class=\"c-link c-link--is-underlined\" rel=\"nofollow noopener\" target=\"_blank\">Royaume-Uni<\/a> sur une carte du monde. Au-del\u00e0 du clich\u00e9, la g\u00e9ographie est effectivement consid\u00e9r\u00e9e comme une discipline secondaire aux Etats-Unis.<\/p>\n<p>Elle est enseign\u00e9e au sein des \u00ab\u00a0social studies\u00a0\u00bb, qui comprennent souvent l\u2019histoire, la g\u00e9ographie, la sociologie, l\u2019\u00e9ducation civique et l\u2019\u00e9conomie en un seul cours. Et d\u2019apr\u00e8s un rapport du gouvernement f\u00e9d\u00e9ral datant de\u00a02015, plus de la moiti\u00e9 de ces <a href=\"https:\/\/www.gao.gov\/assets\/gao-16-7.pdf\" rel=\"nofollow noopener\" target=\"_blank\" class=\"c-link c-link--is-underlined\">professeurs consacrent moins de 10\u00a0%<\/a> de leur temps d\u2019enseignement \u00e0 la g\u00e9ographie. En\u00a0<a href=\"https:\/\/www.nationsreportcard.gov\/highlights\/geography\/2018\/\" rel=\"nofollow noopener\" target=\"_blank\" class=\"c-link c-link--is-underlined\">2018, le Programme d\u2019\u00e9valuation des progr\u00e8s dans le syst\u00e8me \u00e9ducatif am\u00e9ricain (NAEP)<\/a> expliquait que seul un \u00e9l\u00e8ve de 4e sur cinq avait suivi un cours abordant principalement la g\u00e9ographie et ne notait aucune am\u00e9lioration du niveau depuis\u00a01994.<\/p>\n<p>Une \u00ab\u00a0tradition isolationniste\u00a0\u00bb<\/p>\n<p>La g\u00e9ographie n\u2019a jamais fait partie des priorit\u00e9s des Am\u00e9ricains de tous les jours ou m\u00eame de leurs dirigeants. \u00ab\u00a0Les Etats-Unis ont pour habitude de refuser de s\u2019int\u00e9resser \u00e0 l\u2019\u00e9tranger. La revue Foreign Affairs est n\u00e9e dans les ann\u00e9es\u00a01920 avec justement pour objectif d\u2019am\u00e9liorer la connaissance du monde et de la g\u00e9ographie internationale chez les Am\u00e9ricains et leurs dirigeants, jug\u00e9s trop ignorants. Il y a un si\u00e8cle, on observait donc d\u00e9j\u00e0 le m\u00eame d\u00e9sint\u00e9r\u00eat pour le reste du monde\u00a0\u00bb, illustre St\u00e9phane Rosi\u00e8re. Apr\u00e8s leur ind\u00e9pendance, les Etats-Unis ont cultiv\u00e9 un \u00e9loignement des affaires europ\u00e9ennes.<\/p>\n<p>Ils ne sont ainsi entr\u00e9s dans la <a href=\"https:\/\/www.20minutes.fr\/dossier\/premiere-guerre-mondiale\" class=\"c-link c-link--is-underlined\" rel=\"nofollow noopener\" target=\"_blank\">Premi\u00e8re Guerre mondiale<\/a> qu\u2019en\u00a01917, apr\u00e8s trois ann\u00e9es de neutralit\u00e9, et en\u00a01941 dans la Seconde Guerre mondiale, pouss\u00e9s par l\u2019attaque de Pearl Harbor. \u00ab\u00a0Donald Trump s\u2019inscrit dans une tradition isolationniste am\u00e9ricaine qui m\u00e9prise ou se d\u00e9sint\u00e9resse du reste du monde\u00a0\u00bb, explique le g\u00e9ographe qui note tout de m\u00eame que le r\u00e9publicain pousse particuli\u00e8rement en ce sens. \u00ab\u00a0Avec Trump, c\u2019est \u00ab\u00a0America First\u00a0\u00bb dans le domaine \u00e9conomique, id\u00e9ologique et m\u00eame psychologique.\u00a0\u00bb Au risque de n\u2019avoir parfois aucune notion des enjeux et des \u00e9quilibres d\u00e9licats qui fa\u00e7onnent les relations internationales.<\/p>\n","protected":false},"excerpt":{"rendered":"\u00abJe ne sais m\u00eame pas o\u00f9 c\u2019est\u00a0!\u00a0\u00bb, s\u2019est agac\u00e9 Donald Trump face \u00e0 la carte du front ukrainien,&hellip;\n","protected":false},"author":2,"featured_media":485630,"comment_status":"","ping_status":"","sticky":false,"template":"","format":"standard","meta":{"footnotes":""},"categories":[1587],"tags":[47,11,672,1804,1805,1803,75,1122,73,1777,674,1801,937,74,12,1802,41],"class_list":{"0":"post-485629","1":"post","2":"type-post","3":"status-publish","4":"format-standard","5":"has-post-thumbnail","7":"category-allemagne","8":"tag-actualite","9":"tag-actualites","10":"tag-allemagne","11":"tag-bundesrepublik-deutschland","12":"tag-de","13":"tag-deutschland","14":"tag-donald-trump","15":"tag-ecole","16":"tag-etats-unis","17":"tag-eu","18":"tag-europe","19":"tag-germany","20":"tag-histoire","21":"tag-monde","22":"tag-news","23":"tag-republique-federale-dallemagne","24":"tag-sciences"},"share_on_mastodon":{"url":"https:\/\/pubeurope.com\/@fr\/115426501102886603","error":""},"_links":{"self":[{"href":"https:\/\/www.europesays.com\/fr\/wp-json\/wp\/v2\/posts\/485629","targetHints":{"allow":["GET"]}}],"collection":[{"href":"https:\/\/www.europesays.com\/fr\/wp-json\/wp\/v2\/posts"}],"about":[{"href":"https:\/\/www.europesays.com\/fr\/wp-json\/wp\/v2\/types\/post"}],"author":[{"embeddable":true,"href":"https:\/\/www.europesays.com\/fr\/wp-json\/wp\/v2\/users\/2"}],"replies":[{"embeddable":true,"href":"https:\/\/www.europesays.com\/fr\/wp-json\/wp\/v2\/comments?post=485629"}],"version-history":[{"count":0,"href":"https:\/\/www.europesays.com\/fr\/wp-json\/wp\/v2\/posts\/485629\/revisions"}],"wp:featuredmedia":[{"embeddable":true,"href":"https:\/\/www.europesays.com\/fr\/wp-json\/wp\/v2\/media\/485630"}],"wp:attachment":[{"href":"https:\/\/www.europesays.com\/fr\/wp-json\/wp\/v2\/media?parent=485629"}],"wp:term":[{"taxonomy":"category","embeddable":true,"href":"https:\/\/www.europesays.com\/fr\/wp-json\/wp\/v2\/categories?post=485629"},{"taxonomy":"post_tag","embeddable":true,"href":"https:\/\/www.europesays.com\/fr\/wp-json\/wp\/v2\/tags?post=485629"}],"curies":[{"name":"wp","href":"https:\/\/api.w.org\/{rel}","templated":true}]}}