{"id":485631,"date":"2025-10-24T01:16:19","date_gmt":"2025-10-24T01:16:19","guid":{"rendered":"https:\/\/www.europesays.com\/fr\/485631\/"},"modified":"2025-10-24T01:16:19","modified_gmt":"2025-10-24T01:16:19","slug":"pourquoi-les-migrants-sont-ils-necessaires-aux-economies-americaine-et-europeenne","status":"publish","type":"post","link":"https:\/\/www.europesays.com\/fr\/485631\/","title":{"rendered":"Pourquoi les migrants sont-ils n\u00e9cessaires aux\u00a0\u00e9conomies am\u00e9ricaine et europ\u00e9enne\u00a0?"},"content":{"rendered":"<p><strong>Les donn\u00e9es \u00e9conomiques contredisent frontalement les r\u00e9cits hostiles aux migrants. Loin des peurs et des clich\u00e9s, la migration appara\u00eet comme un atout strat\u00e9gique pour l\u2019avenir.<\/strong><\/p>\n<p>Face \u00e0 la mont\u00e9e des discours anti-immigration en Europe et aux \u00c9tats-Unis, il est urgent de d\u00e9passer les peurs pour regarder les faits. La mobilit\u00e9 humaine n\u2019est pas un fardeau\u00a0: c\u2019est un moteur de croissance, de r\u00e9silience d\u00e9mographique et de vitalit\u00e9 culturelle. L\u2019ignorer revient \u00e0 commettre une erreur strat\u00e9gique et \u00e0 trahir les principes d\u00e9mocratiques que les soci\u00e9t\u00e9s modernes affirment d\u00e9fendre.<\/p>\n<p>Crise ou continuit\u00e9\u00a0? La mobilit\u00e9 comme norme historique<\/p>\n<p>La migration n\u2019a rien d\u2019une anomalie du XXIe\u00a0si\u00e8cle. Des diasporas m\u00e9diterran\u00e9ennes de l\u2019Antiquit\u00e9 aux grands mouvements du XXe\u00a0si\u00e8cle, l\u2019histoire humaine s\u2019est \u00e9crite dans la circulation des personnes, des langues, des savoirs et des marchandises. Consid\u00e9rer la mobilit\u00e9 comme une menace revient \u00e0 renverser la logique\u00a0: c\u2019est l\u2019isolement qui est l\u2019exception historique.<\/p>\n<p>Le discours politique qui pr\u00e9sente les migrants comme des intrus \u2013 plut\u00f4t que comme des citoyens potentiels ou des acteurs \u00e9conomiques \u2013 repr\u00e9sente une distorsion dangereuse, non seulement sur le plan moral, mais aussi sur le plan strat\u00e9gique.<\/p>\n<p>La contribution r\u00e9elle des migrants au PIB et \u00e0 la productivit\u00e9<\/p>\n<p>Une analyse du <a href=\"https:\/\/www.mckinsey.com\/featured-insights\/employment-and-growth\/global-migrations-impact-and-opportunity\" target=\"_blank\" rel=\"noopener\">McKinsey Global Institute<\/a> a r\u00e9v\u00e9l\u00e9 un fait frappant\u00a0: en 2015, alors que les migrants ne repr\u00e9sentaient que 3,3\u00a0% de la population mondiale, ils g\u00e9n\u00e9raient 9,4\u00a0% du PIB mondial (environ 6\u00a0700\u00a0milliards de dollars). Aux \u00c9tats-Unis, leur contribution s\u2019\u00e9levait \u00e0 environ 2\u00a0000\u00a0milliards de dollars.<\/p>\n<p>Des \u00e9tudes plus r\u00e9centes le confirment. <a href=\"https:\/\/www.imf.org\/en\/Publications\/WP\/Issues\/2024\/09\/27\/Migration-into-the-EU-Stocktaking-of-Recent-Developments-and-Macroeconomic-Implications-555578\" target=\"_blank\" rel=\"noopener\">Le Fonds mon\u00e9taire international (FMI) a estim\u00e9<\/a> qu\u2019en 2024, les flux migratoires nets vers la zone euro entre 2020 et 2023, y compris les millions de r\u00e9fugi\u00e9s ukrainiens, pourraient augmenter le PIB potentiel de la r\u00e9gion de 0,5\u00a0% suppl\u00e9mentaire d\u2019ici \u00e0 2030. Cette croissance n\u2019est pas marginale\u00a0: elle repr\u00e9sente environ la moiti\u00e9 de toute la croissance potentielle attendue. En d\u2019autres termes, sans la migration, les perspectives \u00e9conomiques de l\u2019Europe seraient consid\u00e9rablement plus limit\u00e9es.<\/p>\n<p>\u00c9tats-Unis\u00a0: main-d\u2019\u0153uvre, innovation et expansion<\/p>\n<p>Aux \u00c9tats-Unis, plus de 31\u00a0millions d\u2019immigrants faisaient partie du march\u00e9 du travail en 2023, soit 19\u00a0% du total, selon le think tank ind\u00e9pendant <a href=\"https:\/\/www.cfr.org\/in-brief\/how-does-immigration-affect-us-economy\" target=\"_blank\" rel=\"noopener\">Council on Foreign Relations<\/a> \u2013\u00a0et leur taux de participation (c\u2019est-\u00e0-dire le pourcentage de la population en \u00e2ge de travailler qui est active sur le march\u00e9 du travail) \u00e9tait de 67\u00a0%, contre 62\u00a0% pour les personnes n\u00e9es dans le pays. Cette diff\u00e9rence n\u2019est pas n\u00e9gligeable. Elle implique une contribution disproportionn\u00e9e aux recettes fiscales, \u00e0 la consommation int\u00e9rieure et au dynamisme \u00e9conomique en g\u00e9n\u00e9ral.<\/p>\n<p>            <a href=\"https:\/\/images.theconversation.com\/files\/680457\/original\/file-20250716-56-5rkatp.png?ixlib=rb-4.1.0&amp;q=45&amp;auto=format&amp;w=1000&amp;fit=clip\" target=\"_blank\" rel=\"noopener\"><img decoding=\"async\" alt=\"\" class=\"lazyload\" src=\"https:\/\/www.europesays.com\/fr\/wp-content\/uploads\/2025\/10\/file-20250716-56-5rkatp.png\"  \/><\/a><\/p>\n<p>              Taux de participation de la population active.<br \/>\n              <a class=\"source\" href=\"https:\/\/www.cfr.org\/in-brief\/how-does-immigration-affect-us-economy\" target=\"_blank\" rel=\"noopener\">Council on Foreign Relations<\/a><\/p>\n<p>Souvent, ils occupent des postes physiquement exigeants ou d\u00e9laiss\u00e9s par les travailleurs locaux\u00a0: un r\u00f4le compl\u00e9mentaire et non substitutif, d\u2019autant plus crucial dans un contexte de plein emploi et de vieillissement d\u00e9mographique.<\/p>\n<p>            <a href=\"https:\/\/images.theconversation.com\/files\/680403\/original\/file-20250716-64-pobomj.png?ixlib=rb-4.1.0&amp;q=45&amp;auto=format&amp;w=1000&amp;fit=clip\" target=\"_blank\" rel=\"noopener\"><img decoding=\"async\" alt=\"\" class=\"lazyload\" src=\"https:\/\/www.europesays.com\/fr\/wp-content\/uploads\/2025\/10\/file-20250716-64-pobomj.png\"  \/><\/a><\/p>\n<p>              Travailleurs occup\u00e9s \u00e2g\u00e9s de 16\u00a0ans et plus, 2022.<br \/>\n              <a class=\"source\" href=\"https:\/\/www.cfr.org\/in-brief\/how-does-immigration-affect-us-economy\" target=\"_blank\" rel=\"noopener\">Council on Foreign Relations<\/a><\/p>\n<p>Migration et innovation\u00a0: une relation sous-estim\u00e9e<\/p>\n<p>Les migrations ne se r\u00e9sument pas \u00e0 de la main-d\u2019\u0153uvre\u00a0: elles apportent aussi des id\u00e9es. Le <a href=\"https:\/\/www.weforum.org\/stories\/2020\/09\/immigrants-expand-the-us-economy\/\" target=\"_blank\" rel=\"noopener\">Forum \u00e9conomique mondial<\/a> rappelle que les immigr\u00e9s ont 80\u00a0% plus de chances de cr\u00e9er une entreprise que les natifs, et que plus de 40\u00a0% des firmes du Fortune\u00a0500 (_ classement des 500\u00a0premi\u00e8res entreprises \u00e9tats-uniennes, ndlr_) ont \u00e9t\u00e9 fond\u00e9es par des migrants ou leurs descendants.<\/p>\n<p>Leur empreinte est visible dans la recherche et la technologie\u00a0: une <a href=\"https:\/\/www.nsf.gov\/nsb\/news\/news_summ.jsp?cntn_id=309184&amp;\" target=\"_blank\" rel=\"noopener\">large part<\/a> des demandes de brevets d\u00e9pos\u00e9es aux \u00c9tats-Unis compte au moins un inventeur \u00e9tranger. Les universit\u00e9s de pointe d\u00e9pendent aussi des \u00e9tudiants internationaux pour maintenir leurs fili\u00e8res en sciences, technologies et ing\u00e9nierie. Fermer les fronti\u00e8res, c\u2019est aussi fermer la porte \u00e0 l\u2019innovation.<\/p>\n<p>Europe occidentale\u00a0: une d\u00e9pendance silencieuse<\/p>\n<p>Dans l\u2019Union europ\u00e9enne, l\u2019impact n\u2019est pas moindre. <a href=\"https:\/\/www.imf.org\/en\/Publications\/WP\/Issues\/2024\/09\/27\/Migration-into-the-EU-Stocktaking-of-Recent-Developments-and-Macroeconomic-Implications-555578\" target=\"_blank\" rel=\"noopener\">Selon le m\u00eame rapport du FMI<\/a>, entre 2019 et 2023, deux tiers des nouveaux emplois ont \u00e9t\u00e9 occup\u00e9s par des migrants non communautaires. Ces donn\u00e9es contredisent l\u2019id\u00e9e selon laquelle les migrants \u00ab\u00a0prennent les emplois\u00a0\u00bb\u00a0: au contraire, ils <a href=\"https:\/\/www.elibrary.imf.org\/view\/journals\/001\/2024\/211\/article-A001-en.xml\" target=\"_blank\" rel=\"noopener\">pourvoient des postes vacants structurels<\/a> que ni l\u2019automatisation ni le march\u00e9 int\u00e9rieur n\u2019ont r\u00e9ussi \u00e0 pourvoir.<\/p>\n<p>L\u2019OCDE a par ailleurs averti qu\u2019\u00e0 d\u00e9faut <a href=\"https:\/\/www.wsj.com\/economy\/global\/without-remedy-countries-with-aging-populations-are-set-for-weaker-income-growth-says-oecd-7ad9d2e7\" target=\"_blank\" rel=\"noopener\">d\u2019int\u00e9grer davantage de femmes, de seniors et de migrants<\/a> dans la vie active, le PIB par habitant des pays membres pourrait voir sa croissance annuelle passer de 1\u00a0% (2000\u20132020) \u00e0 seulement 0,6\u00a0% d\u2019ici 2060. \u00c0 l\u2019inverse, une politique migratoire inclusive pourrait ajouter au moins 0,1 point par an.<\/p>\n<p>            <a href=\"https:\/\/images.theconversation.com\/files\/680416\/original\/file-20250716-92-grgcro.png?ixlib=rb-4.1.0&amp;q=45&amp;auto=format&amp;w=1000&amp;fit=clip\" target=\"_blank\" rel=\"noopener\"><img decoding=\"async\" alt=\"\" class=\"lazyload\" src=\"https:\/\/www.europesays.com\/fr\/wp-content\/uploads\/2025\/10\/file-20250716-92-grgcro.png\"  \/><\/a><\/p>\n<p>              Indicateurs de p\u00e9nurie de main-d\u2019\u0153uvre.<br \/>\n              <a class=\"source\" href=\"https:\/\/www.oecd.org\/content\/dam\/oecd\/en\/publications\/reports\/2024\/05\/oecd-economic-outlook-volume-2024-issue-1_1046e564\/69a0c310-en.pdf\" target=\"_blank\" rel=\"noopener\">OCDE, mai 2024<\/a><\/p>\n<p>Envois de fonds\u00a0: impact \u00e9conomique transnational<\/p>\n<p>Le <a href=\"https:\/\/publications.iom.int\/books\/world-migration-report-2024\" target=\"_blank\" rel=\"noopener\">rapport sur les migrations dans le monde 2024<\/a> confirme que les transferts de fonds mondiaux ont atteint 831\u00a0milliards de dollars am\u00e9ricains en 2022, soit une croissance de plus de 650\u00a0% depuis 2000. Ce volume d\u00e9passe largement l\u2019aide publique au d\u00e9veloppement et m\u00eame, dans de nombreux cas, les investissements \u00e9trangers directs. Les transferts de fonds sont principalement investis dans la sant\u00e9, l\u2019\u00e9ducation et le logement.<\/p>\n<p>Ils constituent en effet une <a href=\"https:\/\/www.ft.com\/content\/05497710-ba0a-494d-adba-85479ae0d522\" target=\"_blank\" rel=\"noopener\">redistribution mondiale de la richesse<\/a> qui ne passe pas par le syst\u00e8me multilat\u00e9ral, mais qui produit un effet stabilisateur et profond\u00e9ment humain.<\/p>\n<p>Et si nous regardons vers l\u2019avenir\u00a0?<\/p>\n<p>Le probl\u00e8me d\u00e9passe l\u2019\u00e9conomie. Adopter un discours d\u2019exclusion, c\u2019est renoncer \u00e0 la capacit\u00e9 d\u2019adaptation des soci\u00e9t\u00e9s. Les co\u00fbts sont triples\u00a0:<\/p>\n<ol>\n<li>\n<p>\u00c9conomique, en renon\u00e7ant \u00e0 une source structurelle de croissance, d\u2019innovation et de viabilit\u00e9 budg\u00e9taire.<\/p>\n<\/li>\n<li>\n<p>Social, en alimentant des stigmates qui fracturent la coh\u00e9sion.<\/p>\n<\/li>\n<li>\n<p>G\u00e9opolitique, en perdant de l\u2019influence dans un monde o\u00f9 la concurrence pour les talents et le capital humain s\u2019intensifie.<\/p>\n<\/li>\n<\/ol>\n<p>Des solutions existent pourtant\u00a0: reconnaissance plus rapide des dipl\u00f4mes, coop\u00e9rations r\u00e9gionales, politiques inclusives. Le v\u00e9ritable enjeu est politique \u2013 et narratif. Il s\u2019agit de construire un r\u00e9cit qui fasse de la mobilit\u00e9 humaine un \u00e9l\u00e9ment constitutif du contrat social contemporain.<\/p>\n<p>Comme le souligne le <a href=\"https:\/\/www.weforum.org\/stories\/2024\/05\/migration-important-strategic-asset-we-must-not-undermine-it\/\" target=\"_blank\" rel=\"noopener\">Forum \u00e9conomique mondial<\/a>, la migration n\u2019est pas un probl\u00e8me \u00e0 r\u00e9soudre, mais un atout strat\u00e9gique \u00e0 g\u00e9rer avec intelligence et humanit\u00e9. La sous-estimer revient \u00e0 saper les fondements du d\u00e9veloppement mondial au XXIe\u00a0si\u00e8cle.<\/p>\n","protected":false},"excerpt":{"rendered":"Les donn\u00e9es \u00e9conomiques contredisent frontalement les r\u00e9cits hostiles aux migrants. Loin des peurs et des clich\u00e9s, la migration&hellip;\n","protected":false},"author":2,"featured_media":485632,"comment_status":"","ping_status":"","sticky":false,"template":"","format":"standard","meta":{"footnotes":""},"categories":[1586],"tags":[11,1777,674,1011,27,12,25],"class_list":{"0":"post-485631","1":"post","2":"type-post","3":"status-publish","4":"format-standard","5":"has-post-thumbnail","7":"category-europe","8":"tag-actualites","9":"tag-eu","10":"tag-europe","11":"tag-fr","12":"tag-france","13":"tag-news","14":"tag-republique-francaise"},"share_on_mastodon":{"url":"https:\/\/pubeurope.com\/@fr\/115426505273681054","error":""},"_links":{"self":[{"href":"https:\/\/www.europesays.com\/fr\/wp-json\/wp\/v2\/posts\/485631","targetHints":{"allow":["GET"]}}],"collection":[{"href":"https:\/\/www.europesays.com\/fr\/wp-json\/wp\/v2\/posts"}],"about":[{"href":"https:\/\/www.europesays.com\/fr\/wp-json\/wp\/v2\/types\/post"}],"author":[{"embeddable":true,"href":"https:\/\/www.europesays.com\/fr\/wp-json\/wp\/v2\/users\/2"}],"replies":[{"embeddable":true,"href":"https:\/\/www.europesays.com\/fr\/wp-json\/wp\/v2\/comments?post=485631"}],"version-history":[{"count":0,"href":"https:\/\/www.europesays.com\/fr\/wp-json\/wp\/v2\/posts\/485631\/revisions"}],"wp:featuredmedia":[{"embeddable":true,"href":"https:\/\/www.europesays.com\/fr\/wp-json\/wp\/v2\/media\/485632"}],"wp:attachment":[{"href":"https:\/\/www.europesays.com\/fr\/wp-json\/wp\/v2\/media?parent=485631"}],"wp:term":[{"taxonomy":"category","embeddable":true,"href":"https:\/\/www.europesays.com\/fr\/wp-json\/wp\/v2\/categories?post=485631"},{"taxonomy":"post_tag","embeddable":true,"href":"https:\/\/www.europesays.com\/fr\/wp-json\/wp\/v2\/tags?post=485631"}],"curies":[{"name":"wp","href":"https:\/\/api.w.org\/{rel}","templated":true}]}}