{"id":485633,"date":"2025-10-24T01:17:12","date_gmt":"2025-10-24T01:17:12","guid":{"rendered":"https:\/\/www.europesays.com\/fr\/485633\/"},"modified":"2025-10-24T01:17:12","modified_gmt":"2025-10-24T01:17:12","slug":"lunion-europeenne-veut-utiliser-les-avoirs-russes-pour-soutenir-kiev","status":"publish","type":"post","link":"https:\/\/www.europesays.com\/fr\/485633\/","title":{"rendered":"L\u2019Union europ\u00e9enne veut utiliser les avoirs russes pour soutenir Kiev"},"content":{"rendered":"<p>C\u2019est un compromis prudent, mais d\u00e9cisif. Les dirigeants europ\u00e9ens ont charg\u00e9 jeudi la <a href=\"https:\/\/www.20minutes.fr\/dossier\/commission_europeenne\" target=\"_blank\" class=\"c-link c-link--is-underlined\" rel=\"noopener\">Commission europ\u00e9enne<\/a> d\u2019examiner comment financer l\u2019<a href=\"https:\/\/www.20minutes.fr\/monde\/ukraine\/\" target=\"_blank\" class=\"c-link c-link--is-underlined\" rel=\"noopener\">Ukraine<\/a> sur les deux prochaines ann\u00e9es, en s\u2019appuyant potentiellement sur les avoirs russes gel\u00e9s depuis\u00a02022. Ce projet, encore flou, sera d\u00e9battu plus en d\u00e9tail lors du sommet europ\u00e9en de d\u00e9cembre, signe que les arbitrages politiques les plus sensibles restent \u00e0 venir.<\/p>\n<p>Au c\u0153ur du dossier, quelque 210\u00a0milliards d\u2019euros appartenant \u00e0 la Banque centrale russe et immobilis\u00e9s dans l\u2019<a href=\"https:\/\/www.20minutes.fr\/dossier\/ue\" target=\"_blank\" class=\"c-link c-link--is-underlined\" rel=\"noopener\">Union europ\u00e9enne<\/a> apr\u00e8s l\u2019invasion de l\u2019Ukraine. Bruxelles propose de s\u2019en servir comme garantie pour un pr\u00eat d\u2019environ 140\u00a0milliards d\u2019euros \u00e0 <a href=\"https:\/\/www.20minutes.fr\/dossier\/kiev\" target=\"_blank\" class=\"c-link c-link--is-underlined\" rel=\"noopener\">Kiev<\/a>, \u00e9vitant ainsi la saisie pure et simple de ces fonds, consid\u00e9r\u00e9e comme une ligne rouge par plusieurs Etats membres. Mais l\u2019initiative se heurte \u00e0 des r\u00e9ticences, notamment de la <a href=\"https:\/\/www.20minutes.fr\/dossier\/belgique\" target=\"_blank\" class=\"c-link c-link--is-underlined\" rel=\"noopener\">Belgique<\/a>, o\u00f9 la majorit\u00e9 de ces avoirs sont d\u00e9tenus. \u00ab\u00a0Avoir une solide base l\u00e9gale n\u2019est pas un luxe\u00a0\u00bb, a martel\u00e9 le Premier ministre Bart De Wever.<\/p>\n<p>\u00ab\u00a0Des questions juridiques\u00a0\u00bb, selon Emmanuel Macron<\/p>\n<p><a href=\"https:\/\/www.20minutes.fr\/politique\/emmanuel-macron\/\" target=\"_blank\" class=\"c-link c-link--is-underlined\" rel=\"noopener\">Emmanuel Macron<\/a> a reconnu que \u00ab\u00a0cette solution pose des questions juridiques, des questions de partage du risque\u00a0\u00bb, tout en la jugeant \u00ab\u00a0la piste la plus prometteuse\u00a0\u00bb pour assurer un soutien durable \u00e0 Kiev. Pr\u00e9sent \u00e0 Bruxelles, <a href=\"https:\/\/www.20minutes.fr\/monde\/volodymyr-zelensky\/\" target=\"_blank\" class=\"c-link c-link--is-underlined\" rel=\"noopener\">Volodymyr Zelensky<\/a> a salu\u00e9 sur X les \u00ab\u00a0bons r\u00e9sultats\u00a0\u00bb du sommet et affirm\u00e9 avoir obtenu \u00ab\u00a0un soutien politique\u00a0\u00bb en faveur de ce m\u00e9canisme. \u00ab\u00a0La <a href=\"https:\/\/www.20minutes.fr\/monde\/russie\/\" target=\"_blank\" class=\"c-link c-link--is-underlined\" rel=\"noopener\">Russie<\/a> doit retenir ceci\u00a0: l\u2019Ukraine aura les ressources financi\u00e8res dont elle a besoin pour se d\u00e9fendre contre l\u2019agression russe\u00a0\u00bb, a insist\u00e9 le pr\u00e9sident du Conseil europ\u00e9en Antonio Costa.<\/p>\n<\/p>\n<p>Ce nouveau d\u00e9bat intervient alors que les <a href=\"https:\/\/www.20minutes.fr\/monde\/etats-unis\/\" target=\"_blank\" class=\"c-link c-link--is-underlined\" rel=\"noopener\">Etats-Unis<\/a> ont franchi un cap dans leur propre politique de sanctions. Apr\u00e8s des mois d\u2019h\u00e9sitation, Washington a gel\u00e9 les actifs des g\u00e9ants p\u00e9troliers russes Rosneft et Lukoil et interdit toute transaction avec eux. Emmanuel Macron y voit \u00ab\u00a0un v\u00e9ritable tournant\u00a0\u00bb dans la riposte occidentale \u00e0 Moscou. Donald Trump, qui juge d\u00e9sormais que ses \u00e9changes avec Vladimir Poutine \u00ab\u00a0ne menaient nulle part\u00a0\u00bb, a assum\u00e9 ce durcissement.<\/p>\n<p>Des sanctions \u00ab\u00a0contre-productive\u00a0\u00bb pour la Russie<\/p>\n<p>La Russie, de son c\u00f4t\u00e9, d\u00e9nonce des sanctions \u00ab\u00a0contre-productives\u00a0\u00bb. <a href=\"https:\/\/www.20minutes.fr\/monde\/vladimir_poutine\/\" target=\"_blank\" class=\"c-link c-link--is-underlined\" rel=\"noopener\">Vladimir Poutine<\/a> affirme qu\u2019elles n\u2019auront pas d\u2019\u00ab\u00a0impact significatif\u00a0\u00bb sur son \u00e9conomie. Depuis Washington, Donald Trump a r\u00e9pliqu\u00e9\u00a0: \u00ab\u00a0Je vous dirai ce que j\u2019en pense dans six mois. Nous verrons comment tout cela \u00e9volue\u2026\u00a0\u00bb. Au sujet des mesures am\u00e9ricaines, Emmanuel Macron a estim\u00e9 jeudi soir que les sanctions contre deux groupes p\u00e9troliers russes allaient \u00ab dans la bonne direction \u00bb et porteront un \u00ab coup massif \u00bb au financement de l&rsquo;effort de guerre russe.<\/p>\n<p><a href=\"https:\/\/www.20minutes.fr\/monde\/ukraine\/\" target=\"_blank\" class=\"c-link c-btn c-btn--primary\" rel=\"noopener\">Notre dossier sur la guerre en Ukraine<\/a><\/p>\n<p>Dans la foul\u00e9e, les Vingt-Sept ont adopt\u00e9 un 19e paquet de sanctions visant \u00e0 ass\u00e9cher encore davantage les revenus \u00e9nerg\u00e9tiques du Kremlin. Le plan pr\u00e9voit la fin totale des importations de gaz naturel liqu\u00e9fi\u00e9 russe d\u2019ici fin\u00a02026 et un renforcement des mesures contre la \u00ab\u00a0flotte fant\u00f4me\u00a0\u00bb de p\u00e9troliers utilis\u00e9e par <a href=\"https:\/\/www.20minutes.fr\/monde\/moscou\/\" target=\"_blank\" class=\"c-link c-link--is-underlined\" rel=\"noopener\">Moscou<\/a> pour contourner les restrictions occidentales.<\/p>\n","protected":false},"excerpt":{"rendered":"C\u2019est un compromis prudent, mais d\u00e9cisif. Les dirigeants europ\u00e9ens ont charg\u00e9 jeudi la Commission europ\u00e9enne d\u2019examiner comment financer&hellip;\n","protected":false},"author":2,"featured_media":485634,"comment_status":"","ping_status":"","sticky":false,"template":"","format":"standard","meta":{"footnotes":""},"categories":[1586],"tags":[47,11,2196,18787,75,1073,73,1777,674,1779,1011,27,131,74,12,25,132,10378,1778,364,555,135,134],"class_list":{"0":"post-485633","1":"post","2":"type-post","3":"status-publish","4":"format-standard","5":"has-post-thumbnail","7":"category-europe","8":"tag-actualite","9":"tag-actualites","10":"tag-commission-europeenne","11":"tag-conseil-europeen","12":"tag-donald-trump","13":"tag-emmanuel-macron","14":"tag-etats-unis","15":"tag-eu","16":"tag-europe","17":"tag-european-union","18":"tag-fr","19":"tag-france","20":"tag-guerre-en-ukraine","21":"tag-monde","22":"tag-news","23":"tag-republique-francaise","24":"tag-russie","25":"tag-sanction","26":"tag-ue","27":"tag-union-europeenne","28":"tag-union-europeenne-ue","29":"tag-vladimir-poutine","30":"tag-volodymyr-zelensky"},"share_on_mastodon":{"url":"https:\/\/pubeurope.com\/@fr\/115426508440342602","error":""},"_links":{"self":[{"href":"https:\/\/www.europesays.com\/fr\/wp-json\/wp\/v2\/posts\/485633","targetHints":{"allow":["GET"]}}],"collection":[{"href":"https:\/\/www.europesays.com\/fr\/wp-json\/wp\/v2\/posts"}],"about":[{"href":"https:\/\/www.europesays.com\/fr\/wp-json\/wp\/v2\/types\/post"}],"author":[{"embeddable":true,"href":"https:\/\/www.europesays.com\/fr\/wp-json\/wp\/v2\/users\/2"}],"replies":[{"embeddable":true,"href":"https:\/\/www.europesays.com\/fr\/wp-json\/wp\/v2\/comments?post=485633"}],"version-history":[{"count":0,"href":"https:\/\/www.europesays.com\/fr\/wp-json\/wp\/v2\/posts\/485633\/revisions"}],"wp:featuredmedia":[{"embeddable":true,"href":"https:\/\/www.europesays.com\/fr\/wp-json\/wp\/v2\/media\/485634"}],"wp:attachment":[{"href":"https:\/\/www.europesays.com\/fr\/wp-json\/wp\/v2\/media?parent=485633"}],"wp:term":[{"taxonomy":"category","embeddable":true,"href":"https:\/\/www.europesays.com\/fr\/wp-json\/wp\/v2\/categories?post=485633"},{"taxonomy":"post_tag","embeddable":true,"href":"https:\/\/www.europesays.com\/fr\/wp-json\/wp\/v2\/tags?post=485633"}],"curies":[{"name":"wp","href":"https:\/\/api.w.org\/{rel}","templated":true}]}}