{"id":485650,"date":"2025-10-24T01:30:21","date_gmt":"2025-10-24T01:30:21","guid":{"rendered":"https:\/\/www.europesays.com\/fr\/485650\/"},"modified":"2025-10-24T01:30:21","modified_gmt":"2025-10-24T01:30:21","slug":"nashville-a-lage-de-23-ans","status":"publish","type":"post","link":"https:\/\/www.europesays.com\/fr\/485650\/","title":{"rendered":"Nashville) \u00e0 l&rsquo;\u00e2ge de 23 ans"},"content":{"rendered":"<p>Isabelle Tate, qui avait r\u00e9cemment d\u00e9croch\u00e9 un r\u00f4le dans la s\u00e9rie 9-1-1: Nashville sur Disney +, est d\u00e9c\u00e9d\u00e9e \u00e0 l&rsquo;\u00e2ge de 23 ans. L&rsquo;actrice am\u00e9ricaine \u00e9tait atteinte de la maladie de Charcot-Marie-Tooth.<\/p>\n<p>Une disparition tragique. Isabelle Tate, actrice am\u00e9ricaine originaire de Nashville, est d\u00e9c\u00e9d\u00e9e le 19 octobre dernier \u00e0 l&rsquo;\u00e2ge de 23 ans. La com\u00e9dienne a succomb\u00e9 \u00e0 la maladie. Elle souffrait d&rsquo;une forme rare de la maladie de Charcot-Marie-Tooth. Isabelle Tate avait d\u00e9croch\u00e9 son premier r\u00f4le tr\u00e8s r\u00e9cemment dans la s\u00e9rie 9-1-1: Nashville de <a href=\"https:\/\/www.programme-tv.net\/biographie\/6014-murphy-ryan\/\" data-link-people=\"e867c4c3-9150-4b5a-bdfb-bfc2dd1ba1d7\" target=\"_blank\" rel=\"noopener\">Ryan Murphy<\/a>, un spin-off de <a href=\"https:\/\/www.programme-tv.net\/news\/series-tv\/380734-9-1-1-apres-cette-fin-frustrante-et-excitante-ou-voir-la-suite-du-premier-episode-de-la-soiree-qui-ne-sera-pas-diffusee-sur-m6-on-vous-dit-tout\/\" data-api-deeplink=\"teleloisirs:\/\/news\/380734\" target=\"_blank\" rel=\"noopener\">la s\u00e9rie 9-1-1<\/a> qui est <a href=\"https:\/\/www.programme-tv.net\/news\/evenement\/disney-plus-streaming\/389330-onregardequoi-cest-quoi-ce-programme-qui-arrive-sur-disney\/\" data-api-deeplink=\"teleloisirs:\/\/news\/389330\" target=\"_blank\" rel=\"noopener\">\u00e0 d\u00e9couvrir sur Disney +<\/a>. Elle interpr\u00e9tait le r\u00f4le de Julie depuis l&rsquo;\u00e9pisode pilote qui a \u00e9t\u00e9 d\u00e9voil\u00e9 le 9 octobre 2025 sur ABC. Au casting de la s\u00e9rie, on retrouve notamment <a href=\"https:\/\/www.programme-tv.net\/biographie\/74729-odonnell-chris\/\" data-link-people=\"58fb15b3-bde5-4c6c-95a5-52cafa490d9b\" target=\"_blank\" rel=\"noopener\">Chris O\u2019Donnell<\/a> \u2013<a href=\"https:\/\/www.programme-tv.net\/news\/series-tv\/358726-ncis-los-angeles-la-femme-et-les-quatre-enfants-de-chris-o-donnell-callen-ont-joue-dans-la-serie\/\" data-api-deeplink=\"teleloisirs:\/\/news\/358726\" target=\"_blank\" rel=\"noopener\"> star de la s\u00e9rie NCIS Los Angeles <\/a>\u2013, <a href=\"https:\/\/www.programme-tv.net\/biographie\/16710-rimes-leann\/\" data-link-people=\"9fe93e96-97d3-443d-9f85-8d230a49fc93\" target=\"_blank\" rel=\"noopener\">LeAnn Rimes<\/a>, Michael Provost, <a href=\"https:\/\/www.programme-tv.net\/biographie\/25324-capshaw-jessica\/\" data-link-people=\"a23a8433-b3cf-41ad-baa7-22d99f398d44\" target=\"_blank\" rel=\"noopener\">Jessica Capshaw<\/a>, Kimberly Williams-Paisley ou encore Juani Feliz. Isabelle Tate laisse derri\u00e8re elle sa m\u00e8re Katerina, son p\u00e8re John et sa s\u0153ur Daniella.<\/p>\n<p>                        Mort de l&rsquo;actrice Isabelle Tate \u00e0 23 ans : son agent lui rend hommage<\/p>\n<p>La disparition d&rsquo;Isabelle Tate a \u00e9t\u00e9 annonc\u00e9e cette semaine par son agent sur les r\u00e9seaux sociaux. \u00ab\u00a0C&rsquo;est avec une profonde tristesse et un immense chagrin que nous vous annon\u00e7ons le d\u00e9c\u00e8s d&rsquo;Isabelle Tate, le 19 octobre dernier. Elle avait 23 ans. Je connaissais Izzy depuis son adolescence et elle a r\u00e9cemment repris le m\u00e9tier d&rsquo;actrice\u00a0\u00bb, a rapport\u00e9 l&rsquo;agence McCray. \u00ab\u00a0Elle a pass\u00e9 un merveilleux moment. Un grand merci \u00e0 Mark Fincannon et Shelby Holt pour son casting et \u00e0 Caroline Locorriere pour ses merveilleux encouragements et son encouragement \u00e0 revenir au monde du cin\u00e9ma\u00a0\u00bb, peut-on lire \u00e0 propos de son retour sur les plateaux de tournage dans la s\u00e9rie 9-1-1: Nashville qui a \u00e9t\u00e9 \u00ab\u00a0une exp\u00e9rience inoubliable\u00a0\u00bb pour elle. \u00ab\u00a0Je suis de tout c\u0153ur avec sa merveilleuse m\u00e8re Katerina, sa s\u0153ur Daniella, sa famille et ses amis. J&rsquo;ai eu beaucoup de chance de la conna\u00eetre et elle manquera \u00e9norm\u00e9ment \u00e0 beaucoup de gens\u00a0\u00bb, a conclu son agent.<\/p>\n<p>            Mort d&rsquo;Isabelle Tate : le beau geste de sa famille pour ses obs\u00e8ques<\/p>\n<p>Dans <a href=\"https:\/\/www.austinfuneralservice.com\/obituaries\/Isabelle-Adora-Tate?obId=45959656\" target=\"_blank\" rel=\"noopener\">la n\u00e9crologie officielle d&rsquo;Isabelle Tate<\/a>, la famille de l&rsquo;actrice a partag\u00e9 ses souhaits concernant ses obs\u00e8ques qui auront lieu ce vendredi 24 octobre \u00e0 Brentwood dans le Tennessee. \u00ab\u00a0Au lieu de fleurs, la famille demande que des dons \u00e0 sa m\u00e9moire soient d\u00e9di\u00e9s \u00e0 Isabelle Tate au CMTA\u00a0\u00bb, ont demand\u00e9 les proches d&rsquo;Isabelle Tate. Il s&rsquo;agit d&rsquo;une association qui soutient la recherche pour la maladie de Charcot-Marie-Tooth dont \u00e9tait atteinte la com\u00e9dienne.<\/p>\n<blockquote class=\"instagram-media\" data-instgrm-captioned=\"\" data-instgrm-permalink=\"https:\/\/www.instagram.com\/p\/DQE4faCDeu7\/?utm_source=ig_embed&amp;utm_campaign=loading\" data-instgrm-version=\"14\" style=\" background:#FFF; border:0; border-radius:3px; box-shadow:0 0 1px 0 rgba(0,0,0,0.5),0 1px 10px 0 rgba(0,0,0,0.15); margin: 1px; max-width:658px; min-width:326px; padding:0; width:99.375%; width:-webkit-calc(100% - 2px); width:calc(100% - 2px);\"\/>\n<p>        <script async src=\"\/\/www.instagram.com\/embed.js\"><\/script><\/p>\n","protected":false},"excerpt":{"rendered":"Isabelle Tate, qui avait r\u00e9cemment d\u00e9croch\u00e9 un r\u00f4le dans la s\u00e9rie 9-1-1: Nashville sur Disney +, est d\u00e9c\u00e9d\u00e9e&hellip;\n","protected":false},"author":2,"featured_media":485651,"comment_status":"","ping_status":"","sticky":false,"template":"","format":"standard","meta":{"footnotes":""},"categories":[1359],"tags":[244,10451,58,59,1011,27,18,973,129],"class_list":{"0":"post-485650","1":"post","2":"type-post","3":"status-publish","4":"format-standard","5":"has-post-thumbnail","7":"category-people","8":"tag-commentaire","9":"tag-disney-plus","10":"tag-divertissement","11":"tag-entertainment","12":"tag-fr","13":"tag-france","14":"tag-mort","15":"tag-people","16":"tag-svod"},"share_on_mastodon":{"url":"https:\/\/pubeurope.com\/@fr\/115426559592390508","error":""},"_links":{"self":[{"href":"https:\/\/www.europesays.com\/fr\/wp-json\/wp\/v2\/posts\/485650","targetHints":{"allow":["GET"]}}],"collection":[{"href":"https:\/\/www.europesays.com\/fr\/wp-json\/wp\/v2\/posts"}],"about":[{"href":"https:\/\/www.europesays.com\/fr\/wp-json\/wp\/v2\/types\/post"}],"author":[{"embeddable":true,"href":"https:\/\/www.europesays.com\/fr\/wp-json\/wp\/v2\/users\/2"}],"replies":[{"embeddable":true,"href":"https:\/\/www.europesays.com\/fr\/wp-json\/wp\/v2\/comments?post=485650"}],"version-history":[{"count":0,"href":"https:\/\/www.europesays.com\/fr\/wp-json\/wp\/v2\/posts\/485650\/revisions"}],"wp:featuredmedia":[{"embeddable":true,"href":"https:\/\/www.europesays.com\/fr\/wp-json\/wp\/v2\/media\/485651"}],"wp:attachment":[{"href":"https:\/\/www.europesays.com\/fr\/wp-json\/wp\/v2\/media?parent=485650"}],"wp:term":[{"taxonomy":"category","embeddable":true,"href":"https:\/\/www.europesays.com\/fr\/wp-json\/wp\/v2\/categories?post=485650"},{"taxonomy":"post_tag","embeddable":true,"href":"https:\/\/www.europesays.com\/fr\/wp-json\/wp\/v2\/tags?post=485650"}],"curies":[{"name":"wp","href":"https:\/\/api.w.org\/{rel}","templated":true}]}}