{"id":485654,"date":"2025-10-24T01:32:14","date_gmt":"2025-10-24T01:32:14","guid":{"rendered":"https:\/\/www.europesays.com\/fr\/485654\/"},"modified":"2025-10-24T01:32:14","modified_gmt":"2025-10-24T01:32:14","slug":"belfort-la-librairie-le-chat-borgne-mise-sur-asterix-en-lusitanie-pour-finir-lannee-en-beaute","status":"publish","type":"post","link":"https:\/\/www.europesays.com\/fr\/485654\/","title":{"rendered":"Belfort\u00a0: la librairie Le Chat Borgne mise sur Ast\u00e9rix en Lusitanie pour finir l\u2019ann\u00e9e en beaut\u00e9"},"content":{"rendered":"<p>Les irr\u00e9ductibles Gaulois reprennent du service\u00a0! Avec la sortie ce jeudi 23 octobre de \u00ab\u00a0Ast\u00e9rix en Lusitanie\u00a0\u00bb, leur 41e aventure, ils combattent pour la premi\u00e8re fois les Romains au Portugal. \u00c0 Belfort, la librairie Le Chat Borgne mise gros sur cette nouveaut\u00e9 tr\u00e8s attendue.<\/p>\n<p>Par Toutatis, ils sont de retour\u00a0! Ast\u00e9rix et Ob\u00e9lix combattent les Romains\u2026 au Portugal. Apr\u00e8s 40 albums d\u2019aventures \u00e0 travers le monde antique, Ast\u00e9rix et Ob\u00e9lix explorent pour la premi\u00e8re fois le territoire lusitanien dans leur 41e opus, <strong>\u00ab\u00a0Ast\u00e9rix en Lusitanie\u00a0\u00bb<\/strong>, sorti ce jeudi en France et dans plus de 20 pays. Un \u00e9v\u00e9nement attendu par des millions de fans, qui d\u00e9couvrent cette nouvelle escapade pleine d\u2019humour et de rebondissements.<\/p>\n<p>Une forte demande dans les librairies ind\u00e9pendantes<\/p>\n<p>\u00c0 Belfort, \u00e0 la librairie <strong>Le Chat Borgne<\/strong>, Caroline, la libraire, se r\u00e9jouit de l\u2019engouement autour de cette sortie. \u00ab\u00a0On a d\u00e9j\u00e0 re\u00e7u plusieurs pr\u00e9commandes\u00a0\u00bb, explique-t-elle.<\/p>\n<p>Elle souligne aussi un changement notable\u00a0: \u00ab\u00a0Apr\u00e8s, c&rsquo;est la premi\u00e8re ann\u00e9e aussi pour nous, o\u00f9 il n&rsquo;y aura pas en m\u00eame temps que nous une grande pr\u00e9sence d&rsquo;Ast\u00e9rix chez l&rsquo;Olybrius. Nos anciens coll\u00e8gues ind\u00e9pendants sp\u00e9cialis\u00e9s en BD puisqu&rsquo;ils ont malheureusement ferm\u00e9 l&rsquo;ann\u00e9e derni\u00e8re. Donc c&rsquo;est la premi\u00e8re ann\u00e9e aussi pour nous qu&rsquo;on prend un aussi grand stock. On va voir parce qu&rsquo;on a rempli la marmite. On a d\u00e9j\u00e0 eu quelques pr\u00e9 r\u00e9servations que je pense, on n&rsquo;aurait pas eu les ann\u00e9es pr\u00e9c\u00e9dentes.\u00a0\u00bb<\/p>\n<p>Avec plus de 60 exemplaires vendus en \u00e0 peine deux mois et demi l\u2019ann\u00e9e derni\u00e8re, la librairie mise gros sur cette sortie, esp\u00e9rant un succ\u00e8s \u00e0 la hauteur de l\u2019engouement historique pour la s\u00e9rie. Le stock ce jeudi \u00e9tait d&rsquo;une soixantaine de BD.<\/p>\n<p>Une \u00e9dition mondiale de grande ampleur<\/p>\n<p>Le ph\u00e9nom\u00e8ne Ast\u00e9rix ne se d\u00e9ment pas\u00a0: pour cet album, le tirage atteint <strong>2 millions d\u2019exemplaires rien qu\u2019en France<\/strong> et <strong>5 millions dans le monde<\/strong>. Une preuve suppl\u00e9mentaire de la popularit\u00e9 toujours intacte des aventures de nos Gaulois pr\u00e9f\u00e9r\u00e9s.<\/p>\n<p>Par ailleurs, la librairie Le Chat Borgne propose aussi en rayon les <strong>40 autres albums<\/strong>, neufs ou d\u2019occasion, pour les collectionneurs et nouveaux lecteurs qui souhaitent (re)d\u00e9couvrir toute la saga.<\/p>\n<p>\u00c0 lire aussi   <img decoding=\"async\" src=\"https:\/\/www.europesays.com\/fr\/wp-content\/uploads\/2025\/10\/1761269534_411_560x315\" alt=\"Le sc\u00e9nariste Fabcaro et le dessinateur Didier Conrad, auteurs de l'album &quot;Ast\u00e9rix en Lusitanie&quot; qui sort ce jeudi.\" style=\"--_image-preview:url('data:image\/jpeg;base64,\/9j\/2wBDACgcHiMeGSgjISMtKygwPGRBPDc3PHtYXUlkkYCZlo+AjIqgtObDoKrarYqMyP\/L2u71\/\/\/\/m8H\/\/\/\/6\/+b9\/\/j\/2wBDASstLTw1PHZBQXb4pYyl+Pj4+Pj4+Pj4+Pj4+Pj4+Pj4+Pj4+Pj4+Pj4+Pj4+Pj4+Pj4+Pj4+Pj4+Pj4+Pj4+Pj\/wAARCAAXACoDASIAAhEBAxEB\/8QAGAAAAwEBAAAAAAAAAAAAAAAAAAECAwT\/xAAYEAEBAQEBAAAAAAAAAAAAAAAAAQISEf\/EABYBAQEBAAAAAAAAAAAAAAAAAAECAP\/EABQRAQAAAAAAAAAAAAAAAAAAAAD\/2gAMAwEAAhEDEQA\/AOmU5pl0OwW3SbpjdpuyzTWk+s7sukkdFdAFKbtN2AWLo+gAp\/\/Z');\" loading=\"lazy\" fetchpriority=\"low\" aria-hidden=\"true\" class=\"svelte-1pnmlwx rounded\" onload=\"this.__e=event\" onerror=\"this.__e=event\"\/><\/p>\n","protected":false},"excerpt":{"rendered":"Les irr\u00e9ductibles Gaulois reprennent du service\u00a0! Avec la sortie ce jeudi 23 octobre de \u00ab\u00a0Ast\u00e9rix en Lusitanie\u00a0\u00bb, leur&hellip;\n","protected":false},"author":2,"featured_media":485655,"comment_status":"","ping_status":"","sticky":false,"template":"","format":"standard","meta":{"footnotes":""},"categories":[1357],"tags":[1379,58,59,1011,27,1380],"class_list":{"0":"post-485654","1":"post","2":"type-post","3":"status-publish","4":"format-standard","5":"has-post-thumbnail","7":"category-livres","8":"tag-books","9":"tag-divertissement","10":"tag-entertainment","11":"tag-fr","12":"tag-france","13":"tag-livres"},"share_on_mastodon":{"url":"https:\/\/pubeurope.com\/@fr\/115426567986337155","error":""},"_links":{"self":[{"href":"https:\/\/www.europesays.com\/fr\/wp-json\/wp\/v2\/posts\/485654","targetHints":{"allow":["GET"]}}],"collection":[{"href":"https:\/\/www.europesays.com\/fr\/wp-json\/wp\/v2\/posts"}],"about":[{"href":"https:\/\/www.europesays.com\/fr\/wp-json\/wp\/v2\/types\/post"}],"author":[{"embeddable":true,"href":"https:\/\/www.europesays.com\/fr\/wp-json\/wp\/v2\/users\/2"}],"replies":[{"embeddable":true,"href":"https:\/\/www.europesays.com\/fr\/wp-json\/wp\/v2\/comments?post=485654"}],"version-history":[{"count":0,"href":"https:\/\/www.europesays.com\/fr\/wp-json\/wp\/v2\/posts\/485654\/revisions"}],"wp:featuredmedia":[{"embeddable":true,"href":"https:\/\/www.europesays.com\/fr\/wp-json\/wp\/v2\/media\/485655"}],"wp:attachment":[{"href":"https:\/\/www.europesays.com\/fr\/wp-json\/wp\/v2\/media?parent=485654"}],"wp:term":[{"taxonomy":"category","embeddable":true,"href":"https:\/\/www.europesays.com\/fr\/wp-json\/wp\/v2\/categories?post=485654"},{"taxonomy":"post_tag","embeddable":true,"href":"https:\/\/www.europesays.com\/fr\/wp-json\/wp\/v2\/tags?post=485654"}],"curies":[{"name":"wp","href":"https:\/\/api.w.org\/{rel}","templated":true}]}}