{"id":485661,"date":"2025-10-24T01:36:15","date_gmt":"2025-10-24T01:36:15","guid":{"rendered":"https:\/\/www.europesays.com\/fr\/485661\/"},"modified":"2025-10-24T01:36:15","modified_gmt":"2025-10-24T01:36:15","slug":"vous-pensez-que-tout-ralentit-apres-50-ans-voici-ce-que-votre-cerveau-est-reellement-en-train-de-faire","status":"publish","type":"post","link":"https:\/\/www.europesays.com\/fr\/485661\/","title":{"rendered":"Vous pensez que tout ralentit apr\u00e8s 50 ans ? Voici ce que votre cerveau est r\u00e9ellement en train de faire"},"content":{"rendered":"<p>Vous avez peur de \u00ab <a href=\"https:\/\/www.futura-sciences.com\/sante\/actualites\/vieillissement-vieillir-bonne-sante-non-vous-ne-devez-surtout-pas-vous-doucher-tous-jours-si-vous-avez-65-ans-c7g3-126150\/\" title=\"Vieillir en bonne sant\u00e9 : non, vous ne devez surtout pas vous doucher tous les jours si vous avez + de 65 ans !\" target=\"_blank\" rel=\"noopener\">vieillir<\/a> \u00bb ? De ne plus \u00eatre aussi vif, aussi rapide, aussi clair dans vos id\u00e9es ? Pourtant, une \u00e9tude internationale, publi\u00e9e dans <a href=\"https:\/\/www.sciencedirect.com\/science\/article\/pii\/S0160289625000649?via%3Dihub\" target=\"_blank\" rel=\"noopener\">Intelligence<\/a>, affirme tout l&rsquo;inverse : c&rsquo;est pr\u00e9cis\u00e9ment autour de 60 ans que le cerveau humain atteindrait son \u00e9quilibre et ses meilleures performances.<\/p>\n<p>Sign\u00e9e par Gilles Gignac, professeur associ\u00e9 \u00e0 l&rsquo;Universit\u00e9 d&rsquo;Australie-Occidentale, et Marcin Zajenkowski, de l&rsquo;Universit\u00e9 de Varsovie, cette recherche remet en cause une id\u00e9e profond\u00e9ment ancr\u00e9e : celle selon laquelle la jeunesse serait le sommet de nos capacit\u00e9s mentales.<\/p>\n<p>Pour comprendre \u00e0 quel \u00e2ge nous \u00ab fonctionnons \u00bb vraiment le mieux, les deux chercheurs ont compil\u00e9 des donn\u00e9es issues de multiples \u00e9tudes internationales portant sur des milliers d&rsquo;adultes \u00e2g\u00e9s de 18 \u00e0 85 ans. Leur ambition : mesurer le fonctionnement psychologique global, et non une seule facette du <a href=\"https:\/\/www.futura-sciences.com\/sante\/dossiers\/medecine-mysteres-cerveau-408\/\" title=\"Les myst\u00e8res du cerveau\" target=\"_blank\" rel=\"noopener\">cerveau<\/a>.<\/p>\n<p>Ils ont donc retenu 16 dimensions cl\u00e9s regroupant :<\/p>\n<ul>\n<li>les capacit\u00e9s cognitives : m\u00e9moire, vitesse de traitement, raisonnement, connaissances g\u00e9n\u00e9rales ;<\/li>\n<li>les traits de personnalit\u00e9 : conscience professionnelle, stabilit\u00e9 \u00e9motionnelle, ouverture d&rsquo;esprit, <a href=\"https:\/\/www.futura-sciences.com\/planete\/definitions\/geologie-extraversion-11363\/\" target=\"_blank\" rel=\"noopener\">extraversion<\/a>, agr\u00e9abilit\u00e9 ;<\/li>\n<li>les comp\u00e9tences dites \u00ab de vie \u00bb : <a href=\"https:\/\/www.futura-sciences.com\/sciences\/questions-reponses\/homme-intelligence-emotionnelle-developper-13415\/\" title=\"Intelligence \u00e9motionnelle : comment la d\u00e9velopper ?\" target=\"_blank\" rel=\"noopener\">intelligence \u00e9motionnelle<\/a>, raisonnement moral, \u00e9ducation financi\u00e8re, empathie ou <a href=\"https:\/\/www.futura-sciences.com\/maison\/definitions\/maison-resistance-10889\/\" target=\"_blank\" rel=\"noopener\">r\u00e9sistance<\/a> aux biais cognitifs.<\/li>\n<\/ul>\n<p>Chaque donn\u00e9e a \u00e9t\u00e9 standardis\u00e9e sur une m\u00eame \u00e9chelle, afin de comparer leur \u00e9volution au fil de l&rsquo;\u00e2ge. Mais les chercheurs sont all\u00e9s plus loin : ils ont construit deux indices composites pond\u00e9r\u00e9s pour mod\u00e9liser la trajectoire du fonctionnement psychologique humain :<\/p>\n<ul>\n<li>le mod\u00e8le conventionnel donnait davantage de poids aux capacit\u00e9s cognitives classiques et aux traits de personnalit\u00e9 de base ;<\/li>\n<li>le mod\u00e8le global, lui, int\u00e9grait un \u00e9ventail plus large de comp\u00e9tences psychologiques, notamment l&rsquo;intelligence \u00e9motionnelle, la morale ou la litt\u00e9ratie financi\u00e8re, consid\u00e9r\u00e9es comme essentielles dans la vie r\u00e9elle.<\/li>\n<\/ul>\n<p>L&rsquo;objectif ? Ne pas se limiter \u00e0 la vitesse ou \u00e0 la m\u00e9moire, mais comprendre comment toutes les dimensions de l&rsquo;intelligence humaine s&rsquo;\u00e9quilibrent avec l&rsquo;\u00e2ge.<\/p>\n<p class=\"fs-media\">\n<p><img decoding=\"async\" data-imgid=\"full\" src=\"https:\/\/www.europesays.com\/fr\/wp-content\/uploads\/2025\/10\/business-homme-femme.jpeg\" width=\"1080\" height=\"720\" alt=\"\" loading=\"lazy\"\/><br \/>\nContrairement aux id\u00e9es re\u00e7ues, la performance intellectuelle ne s\u2019effondre pas avec l\u2019\u00e2ge. Selon cette \u00e9tude, elle atteint m\u00eame un pic autour de 55-60 ans, ce qui questionne notre fa\u00e7on d\u2019\u00e9valuer la valeur des travailleurs exp\u00e9riment\u00e9s. \u00a9 Seventyfour, Adobe Stock<\/p>\n<p>Des r\u00e9sultats qui changent notre regard sur l\u2019\u00e2ge<\/p>\n<p>Leur conclusion est claire : le fonctionnement mental global culmine entre 55 et 60 ans. Autrement dit, c&rsquo;est \u00e0 ce moment que se combinent au mieux la <a href=\"https:\/\/www.futura-sciences.com\/sciences\/definitions\/physique-vitesse-324\/\" target=\"_blank\" rel=\"noopener\">rapidit\u00e9<\/a> de r\u00e9flexion, l&rsquo;exp\u00e9rience accumul\u00e9e, la ma\u00eetrise \u00e9motionnelle et le discernement.<\/p>\n<p>Certaines aptitudes, comme <a href=\"https:\/\/www.futura-sciences.com\/sante\/questions-reponses\/cerveau-sont-differents-types-memoires-4909\/\" title=\"Quels sont les diff\u00e9rents types de m\u00e9moires ?\" target=\"_blank\" rel=\"noopener\">la m\u00e9moire<\/a> de travail ou la vitesse de raisonnement, commencent \u00e0 ralentir d\u00e8s la trentaine. Mais d&rsquo;autres progressent encore longtemps :<\/p>\n<ul>\n<li>la conscience professionnelle atteint son sommet vers 65 ans ;<\/li>\n<li>la stabilit\u00e9 \u00e9motionnelle continue d&rsquo;augmenter jusqu&rsquo;\u00e0 75 ans ;<\/li>\n<li>des dimensions plus subtiles, comme le raisonnement moral ou la r\u00e9sistance aux biais cognitifs, s&rsquo;am\u00e9liorent jusqu&rsquo;\u00e0 la fin de la vie adulte.<\/li>\n<\/ul>\n<p>Ces compensations expliquent pourquoi les individus entre 50 et 65 ans excellent souvent dans les r\u00f4les de direction, de <a href=\"https:\/\/www.futura-sciences.com\/tech\/definitions\/logiciels-transmission-27634\/\" target=\"_blank\" rel=\"noopener\">transmission<\/a> ou de <a href=\"https:\/\/www.futura-sciences.com\/tech\/definitions\/informatique-resolution-18289\/\" target=\"_blank\" rel=\"noopener\">r\u00e9solution<\/a> de probl\u00e8mes complexes.<\/p>\n<p>Ces r\u00e9sultats changent notre fa\u00e7on de voir <a href=\"https:\/\/www.futura-sciences.com\/sante\/actualites\/vieillissement-vieillissement-accelere-deux-moments-precis-vie-decouvrez-lesquels-122931\/\" title=\"Le vieillissement s\u2019acc\u00e9l\u00e8re \u00e0 deux moments pr\u00e9cis de la vie : d\u00e9couvrez lesquels\" target=\"_blank\" rel=\"noopener\">le vieillissement<\/a>. On imagine souvent que tout d\u00e9cline avec l&rsquo;\u00e2ge : la m\u00e9moire, la rapidit\u00e9, la cr\u00e9ativit\u00e9&#8230; Mais cette \u00e9tude montre que le cerveau se transforme plut\u00f4t qu&rsquo;il ne s&rsquo;affaiblit.\u00a0<\/p>\n<p>D&rsquo;un point de vue social, cela invite aussi \u00e0 repenser la place des seniors dans le monde du travail et dans la soci\u00e9t\u00e9. Les plus de 55 ans disposent de qualit\u00e9s uniques pour diriger, transmettre, d\u00e9cider et innover diff\u00e9remment.<\/p>\n<p>\u00ab L&rsquo;histoire regorge de personnes qui ont atteint leurs plus grandes r\u00e9ussites bien apr\u00e8s ce que la soci\u00e9t\u00e9 appelle souvent \u00ab l&rsquo;\u00e2ge id\u00e9al \u00bb. Il est peut-\u00eatre temps de cesser de consid\u00e9rer la quarantaine comme un compte \u00e0 rebours et de la consid\u00e9rer comme un <a href=\"https:\/\/www.futura-sciences.com\/sciences\/definitions\/univers-apogee-853\/\" target=\"_blank\" rel=\"noopener\">apog\u00e9e<\/a> \u00bb, rappelle Gilles Gignac.<\/p>\n<p>Autrement dit, \u00e0 60 ans, on n&rsquo;est pas \u00ab moins bon \u00bb : on est autrement comp\u00e9tent. Et si, finalement, le secret du plein potentiel humain n&rsquo;\u00e9tait pas dans <a href=\"https:\/\/www.futura-sciences.com\/sante\/actualites\/cerveau-ces-habitudes-preservent-jeunesse-votre-cerveau-selon-chercheurs-121187\/\" title=\"Ces habitudes qui pr\u00e9servent la jeunesse de votre cerveau selon les chercheurs\u200b\" target=\"_blank\" rel=\"noopener\">la jeunesse<\/a>&#8230; mais dans la maturit\u00e9 ?<\/p>\n","protected":false},"excerpt":{"rendered":"Vous avez peur de \u00ab vieillir \u00bb ? De ne plus \u00eatre aussi vif, aussi rapide, aussi clair&hellip;\n","protected":false},"author":2,"featured_media":485662,"comment_status":"","ping_status":"","sticky":false,"template":"","format":"standard","meta":{"footnotes":""},"categories":[10],"tags":[60903,60901,10290,286,1011,27,72,60900,4075,280,60685,71,60902],"class_list":{"0":"post-485661","1":"post","2":"type-post","3":"status-publish","4":"format-standard","5":"has-post-thumbnail","7":"category-sante","8":"tag-capacite-mentale","9":"tag-capacites-cognitives","10":"tag-competences","11":"tag-declin-cognitif","12":"tag-fr","13":"tag-france","14":"tag-health","15":"tag-intelligence-emotionnelle","16":"tag-jeunesse","17":"tag-memoire","18":"tag-raisonnement","19":"tag-sante","20":"tag-traits-de-personnalite"},"share_on_mastodon":{"url":"https:\/\/pubeurope.com\/@fr\/115426583380909422","error":""},"_links":{"self":[{"href":"https:\/\/www.europesays.com\/fr\/wp-json\/wp\/v2\/posts\/485661","targetHints":{"allow":["GET"]}}],"collection":[{"href":"https:\/\/www.europesays.com\/fr\/wp-json\/wp\/v2\/posts"}],"about":[{"href":"https:\/\/www.europesays.com\/fr\/wp-json\/wp\/v2\/types\/post"}],"author":[{"embeddable":true,"href":"https:\/\/www.europesays.com\/fr\/wp-json\/wp\/v2\/users\/2"}],"replies":[{"embeddable":true,"href":"https:\/\/www.europesays.com\/fr\/wp-json\/wp\/v2\/comments?post=485661"}],"version-history":[{"count":0,"href":"https:\/\/www.europesays.com\/fr\/wp-json\/wp\/v2\/posts\/485661\/revisions"}],"wp:featuredmedia":[{"embeddable":true,"href":"https:\/\/www.europesays.com\/fr\/wp-json\/wp\/v2\/media\/485662"}],"wp:attachment":[{"href":"https:\/\/www.europesays.com\/fr\/wp-json\/wp\/v2\/media?parent=485661"}],"wp:term":[{"taxonomy":"category","embeddable":true,"href":"https:\/\/www.europesays.com\/fr\/wp-json\/wp\/v2\/categories?post=485661"},{"taxonomy":"post_tag","embeddable":true,"href":"https:\/\/www.europesays.com\/fr\/wp-json\/wp\/v2\/tags?post=485661"}],"curies":[{"name":"wp","href":"https:\/\/api.w.org\/{rel}","templated":true}]}}