{"id":485674,"date":"2025-10-24T01:43:20","date_gmt":"2025-10-24T01:43:20","guid":{"rendered":"https:\/\/www.europesays.com\/fr\/485674\/"},"modified":"2025-10-24T01:43:20","modified_gmt":"2025-10-24T01:43:20","slug":"haute-tendance-a-la-psychopathie-absence-dempathie-les-experts-dans-la-tete-de-dahbia-benkired","status":"publish","type":"post","link":"https:\/\/www.europesays.com\/fr\/485674\/","title":{"rendered":"\u00ab\u00a0Haute tendance \u00e0 la psychopathie\u00a0\u00bb, absence d\u2019empathie\u2026 Les experts dans la t\u00eate de Dahbia Benkired"},"content":{"rendered":"<p>A la cour d\u2019assises de Paris,<\/p>\n<p>Que se passe-t-il <a href=\"https:\/\/www.20minutes.fr\/justice\/4179328-20251016-meurtre-lola-ca-fait-ni-chaud-ni-froid-dahbia-benkired-jugee-horrible-geste\" class=\"c-link c-link--is-underlined\" target=\"_blank\" rel=\"noopener\">dans la t\u00eate de Dahbia Benkired<\/a>\u00a0? Trois psychiatres ont examin\u00e9, apr\u00e8s son arrestation, la jeune femme de 27 ans, accus\u00e9e du <a href=\"https:\/\/www.20minutes.fr\/societe\/meurtre-lola\/\" class=\"c-link c-link--is-underlined\" target=\"_blank\" rel=\"noopener\">meurtre et du viol de Lola Daviet<\/a>, 12 ans, en octobre\u00a02022. \u00ab\u00a0On serait soulag\u00e9 de se dire que cet acte a \u00e9t\u00e9 fait par un fou, par une folle\u00a0\u00bb, souffle ce jeudi matin le pr\u00e9sident de la cour. Car si l\u2019Alg\u00e9rienne compara\u00eet devant la cour d\u2019assises de <a href=\"https:\/\/www.20minutes.fr\/paris\/\" class=\"c-link c-link--is-underlined\" target=\"_blank\" rel=\"noopener\">Paris<\/a>, c\u2019est parce que les experts ont tous estim\u00e9 que son comportement n\u2019\u00e9tait ni alt\u00e9r\u00e9, ni aboli, le jour des faits. Et qu\u2019elle est donc accessible \u00e0 une sanction p\u00e9nale. \u00ab\u00a0Il est important de ne pas confondre la folie d\u2019un acte avec la folie de son auteur\u00a0\u00bb, explique \u00e0 la barre Karine Jean, 43 ans, psychiatre des h\u00f4pitaux, qui a rencontr\u00e9 l\u2019accus\u00e9e \u00e0 trois reprises \u00e0 la maison d\u2019arr\u00eat de Fresnes (Val-de-Marne), en novembre\u00a02022.<\/p>\n<p>Lors de leur premi\u00e8re rencontre, Karine Jean a eu \u00ab\u00a0un contact globalement ferm\u00e9\u00a0\u00bb avec l\u2019accus\u00e9e qui avait \u00ab\u00a0une attitude contestataire et opposante\u00a0\u00bb. Elle a d\u00e9cel\u00e9 chez cette jeune femme \u00ab\u00a0fluette\u00a0\u00bb, \u00e0 \u00ab\u00a0l\u2019allure tr\u00e8s juv\u00e9nile\u00a0\u00bb, et au visage marqu\u00e9 par des \u00ab\u00a0cicatrices d\u2019acn\u00e9\u00a0\u00bb, \u00ab\u00a0une volont\u00e9 de ma\u00eetriser l\u2019instant\u00a0\u00bb. Dahbia Benkired \u00e9tait tr\u00e8s attentive \u00ab\u00a0\u00e0 ce qui pouvait se dire sur son compte\u00a0\u00bb dans les m\u00e9dias. Et elle s\u2019est montr\u00e9e \u00ab\u00a0tout \u00e0 fait frustr\u00e9e de ne pas susciter l\u2019int\u00e9r\u00eat qu\u2019elle attendait\u00a0\u00bb. Ce jour-l\u00e0, la jeune femme \u00ab\u00a0ne se souvenait plus de rien\u00a0\u00bb, \u00ab\u00a0n\u2019arrivait plus \u00e0 parler fran\u00e7ais\u00a0\u00bb. A la fin de l\u2019entretien, elle a regard\u00e9 la psychiatre \u00ab\u00a0de mani\u00e8re tr\u00e8s froide, tr\u00e8s soutenue, dans une volont\u00e9 de domination\u00a0\u00bb. \u00ab\u00a0Pas la peine d\u2019insister\u00a0\u00bb, Karine Jean a mis \u00ab\u00a0un terme\u00a0\u00bb \u00e0 la rencontre.<\/p>\n<\/p>\n<p>Quand elle la revoit, trois jours plus tard, Dahbia Benkried se montre \u00ab\u00a0courtoise\u00a0\u00bb, \u00ab\u00a0d\u00e9contract\u00e9e\u00a0\u00bb. Mais les r\u00e9ponses qu\u2019elle apporte sont \u00ab\u00a0\u00e0 c\u00f4t\u00e9\u00a0\u00bb de la plaque. \u00ab\u00a0Le contenu du discours est pauvre, avec une volont\u00e9 manipulatoire\u00a0\u00bb, observe la psychiatre. Le troisi\u00e8me entretien se passe \u00ab\u00a0de la m\u00eame mani\u00e8re\u00a0\u00bb. Karine Jean rel\u00e8ve \u00ab\u00a0<a href=\"https:\/\/www.20minutes.fr\/justice\/4180503-20251020-meurtre-lola-pris-trois-lyrica-explications-tres-fluctuantes-dahbia-benkired\" class=\"c-link c-link--is-underlined\" target=\"_blank\" rel=\"noopener\">beaucoup de propos contradictoires<\/a>\u00a0\u00bb chez l\u2019accus\u00e9e. \u00ab\u00a0On avait vraiment un discours en creux qui ne permettait pas de saisir Mme\u00a0Benkired dans sa totalit\u00e9\u00a0\u00bb, observe la m\u00e9decin. L\u2019accus\u00e9e \u00e9tait, selon elle, \u00ab\u00a0dans une volont\u00e9 de domination et de ma\u00eetrise de l\u2019instant comme on en rencontre peu, en tout cas chez les femmes\u00a0\u00bb. La psychiatre n\u2019a d\u00e9cel\u00e9 chez elle aucun \u00ab\u00a0trouble de l\u2019humeur\u00a0\u00bb, aucun \u00ab\u00a0trouble de la pens\u00e9e\u00a0\u00bb, aucun \u00ab\u00a0trouble bipolaire\u00a0\u00bb, aucun \u00ab\u00a0\u00e9l\u00e9ment d\u00e9lirant\u00a0\u00bb, aucun \u00ab\u00a0\u00e9l\u00e9ment anxieux\u00a0\u00bb. Elle n\u2019\u00e9tait pas \u00ab\u00a0d\u00e9pressive\u00a0\u00bb et son intelligence \u00ab\u00a0se situait dans le spectre large de la normale\u00a0\u00bb.<\/p>\n<p>Dahbia Benkired s\u2019est dite \u00ab\u00a0h\u00e9t\u00e9rosexuelle de mani\u00e8re exclusive\u00a0\u00bb. \u00ab\u00a0Elle a mentionn\u00e9 que, toute sa vie, on l\u2019aurait viol\u00e9e\u00a0\u00bb, indique aussi la psychiatre, pr\u00e9cisant que \u00ab\u00a0rien n\u2019\u00e9tait tr\u00e8s clair\u00a0\u00bb dans les faits rapport\u00e9s par l\u2019accus\u00e9e. Le jour des faits, l\u2019accus\u00e9e <a href=\"https:\/\/www.20minutes.fr\/justice\/4180375-20251020-meurtre-lola-agonie-collegienne-dure-entre-deux-trois-minutes-estiment-medecins\" class=\"c-link c-link--is-underlined\" target=\"_blank\" rel=\"noopener\">aurait \u00ab\u00a0perdu le contr\u00f4le\u00a0\u00bb<\/a>, se serait sentie \u00ab\u00a0comme un pantin\u00a0\u00bb. Elle a rechign\u00e9 \u00e0 reconna\u00eetre clairement son implication dans le meurtre et le viol de la pr\u00e9adolescente. \u00ab\u00a0Elle dira qu\u2019elle a \u00e9t\u00e9 viol\u00e9e et empoisonn\u00e9e et qu\u2019elle \u00e9tait sous influence\u00a0\u00bb, rapporte la m\u00e9decin.<\/p>\n<p>Au cours de ces rencontres, Dahbia Benkired s\u2019est montr\u00e9e \u00ab\u00a0provocante, cynique\u00a0\u00bb et \u00ab\u00a0\u00e9vasive\u00a0\u00bb. \u00ab\u00a0Elle semait le trouble et la confusion chez son interlocuteur\u00a0\u00bb, raconte Karine Jean qui, au final, n\u2019a \u00ab\u00a0rien retenu\u00a0\u00bb de l\u2019accus\u00e9e. Elle a m\u00eame ressenti pour la premi\u00e8re fois \u00ab\u00a0en quize ans d\u2019exp\u00e9rience en milieu carc\u00e9ral\u00a0\u00bb, un \u00ab\u00a0malaise\u00a0\u00bb. L\u2019experte a observ\u00e9 chez elle une \u00ab\u00a0haute tendance \u00e0 la psychopathie\u00a0\u00bb. L\u2019accus\u00e9e \u00ab\u00a0a besoin de l\u2019autre, besoin d\u2019un rapport dominant domin\u00e9\u00a0\u00bb. \u00ab\u00a0Elle investit l\u2019autre comme un objet qu\u2019on prend qu\u2019on casse, qu\u2019on jette. Cela lui procure de la jouissance m\u00e9galomaniaque.\u00a0\u00bb<\/p>\n<p>Karine Jean n\u2019a relev\u00e9 aucun \u00ab\u00a0trouble psychique qui aurait alt\u00e9r\u00e9 ou aboli son discernement\u00a0\u00bb. A-t-elle pu commettre les faits \u00e0 cause de Mustapha M., son ex-compagnon, <a href=\"https:\/\/www.20minutes.fr\/justice\/4180736-20251021-meurtre-lola-dahbia-benkired-voulait-faire-mal-ex-compagnon-toxique-quand-croise-ado\" class=\"c-link c-link--is-underlined\" target=\"_blank\" rel=\"noopener\">comme elle l\u2019a affirm\u00e9 au cours du proc\u00e8s<\/a>\u00a0? \u00ab\u00a0\u00c7a me semblerait une explication un peu simpliste\u00a0\u00bb, estime l\u2019experte, soulignant que l\u2019accus\u00e9e \u00ab\u00a0a une tendance \u00e0 la d\u00e9responsabilisation tr\u00e8s nette\u00a0\u00bb. \u00ab\u00a0Je pense que la motivation est avant tout sexuelle, avec quelque chose qui aurait pu faire \u00e9cho \u00e0 un traumatisme tr\u00e8s infantile dont elle n\u2019aurait pas pleinement conscience, pour ensuite engendrer le d\u00e9c\u00e8s de cette enfant\u00a0\u00bb, avance la psychiatre.<\/p>\n<p>Cr\u00e2ne ras\u00e9<\/p>\n<p>La d\u00e9fense avait sollicit\u00e9 une contre-expertise confi\u00e9e par la juge d\u2019instruction \u00e0 Liova Yon et Rapha\u00ebl Gourevitch, qui exercent tous deux \u00e0 l\u2019h\u00f4pital Sainte-Anne \u00e0 Paris. Ils ont rencontr\u00e9 trois fois, en six mois, Dahbia Benkired qui \u00e9tait plac\u00e9e en unit\u00e9 pour malades difficiles. Ils se sont retrouv\u00e9s face \u00ab\u00a0\u00e0 une femme qui se pr\u00e9sente avec un cr\u00e2ne ras\u00e9\u00a0\u00bb, raconte Liova Yon \u00e0 la barre de la cour d\u2019assises. Sa biographie est \u00ab\u00a0tr\u00e8s lacunaire\u00a0\u00bb, \u00ab\u00a0difficile \u00e0 retracer\u00a0\u00bb et comporte \u00ab\u00a0des \u00e9l\u00e9ments contradictoires\u00a0\u00bb, en particulier concernant les viols qu\u2019elle aurait subis \u00e9tant enfant. Lui et son coll\u00e8gue n\u2019ont rep\u00e9r\u00e9 \u00ab\u00a0aucun sympt\u00f4me de stress post-traumatique\u00a0\u00bb chez elle.<\/p>\n<p>Les deux experts n\u2019ont d\u00e9cel\u00e9 chez l\u2019accus\u00e9e \u00ab\u00a0aucun trouble de la logique et du raisonnement\u00a0\u00bb. \u00ab\u00a0Sur certains th\u00e8mes, <a href=\"https:\/\/www.20minutes.fr\/justice\/4180081-20251017-meurtre-lola-photos-videos-projetees-audience-racontent-drame\" class=\"c-link c-link--is-underlined\" target=\"_blank\" rel=\"noopener\">les faits qui lui sont reproch\u00e9s<\/a>, le discours est plus confus, note Liova Yon. Elle s\u2019engage dans des r\u00e9ponses assez creuses, assez vides, mais qui ne permettent pas de s\u2019engager sur une piste psychotique.\u00a0\u00bb \u00ab\u00a0Pour ne pas r\u00e9pondre aux questions\u00a0\u00bb, elle a \u00e9voqu\u00e9 avec les m\u00e9decins \u00ab\u00a0des \u00e9l\u00e9ments mystiques, des ph\u00e9nom\u00e8nes bizarres\u00a0\u00bb. Pour autant, ils estiment qu\u2019elle ne d\u00e9lire pas et \u00ab\u00a0aucun \u00e9l\u00e9ment\u00a0\u00bb n\u2019a \u00e9t\u00e9 d\u00e9cel\u00e9 leur permettant de penser \u00ab\u00a0qu\u2019elle a pu d\u00e9lirer dans le pass\u00e9 ou au moment des faits m\u00eame\u00a0\u00bb.<\/p>\n<p>\u00ab\u00a0Aucune empathie pour la victime et sa famille\u00a0\u00bb<\/p>\n<p>Elle \u00ab\u00a0ne pr\u00e9sentait pas, au moment des faits, de trouble mental caract\u00e9ris\u00e9 de nature \u00e0 agir sur son libre arbitre\u00a0\u00bb, insistent les deux experts. Ils n\u2019ont d\u00e9cel\u00e9 chez Dahbia Benkired \u00ab\u00a0<a href=\"https:\/\/www.20minutes.fr\/justice\/4179931-20251017-meurtre-lola-horrible-fait-regrette-declare-dahbia-benkired\" class=\"c-link c-link--is-underlined\" target=\"_blank\" rel=\"noopener\">aucune empathie pour la victime et sa famille<\/a>\u00a0\u00bb. Au contraire, l\u2019accus\u00e9e s\u2019est montr\u00e9e \u00ab\u00a0tr\u00e8s pr\u00e9occup\u00e9e par sa situation judiciaire\u00a0\u00bb et a regrett\u00e9 que \u00ab\u00a0personne\u00a0\u00bb ne se mette \u00e0 sa place. En entendant ces propos, <a href=\"https:\/\/www.20minutes.fr\/justice\/4180907-20251022-meurtre-lola-chose-enfermee-toute-vie-detresse-maman-ado-meurtrie-jamais\" class=\"c-link c-link--is-underlined\" target=\"_blank\" rel=\"noopener\">certains proches de Lola sont en pleurs<\/a>.<\/p>\n<p>Cette \u00e9preuve judiciaire, qu\u2019ils endurent depuis cinq jours, touche presque \u00e0 sa fin. Vendredi, l\u2019avocat g\u00e9n\u00e9ral pr\u00e9sentera ses r\u00e9quisitions. L\u2019avocat de Dahbia Benkired plaidera pour tenter d\u2019\u00e9viter \u00e0 sa cliente la r\u00e9clusion criminelle \u00e0 perp\u00e9tuit\u00e9. Le verdict devrait \u00eatre rendu dans la soir\u00e9e.<\/p>\n","protected":false},"excerpt":{"rendered":"A la cour d\u2019assises de Paris, Que se passe-t-il dans la t\u00eate de Dahbia Benkired\u00a0? Trois psychiatres ont&hellip;\n","protected":false},"author":2,"featured_media":485675,"comment_status":"","ping_status":"","sticky":false,"template":"","format":"standard","meta":{"footnotes":""},"categories":[2],"tags":[47,11,20851,1011,27,2683,662,303,777,52922,12,626,2694,235,3693],"class_list":{"0":"post-485674","1":"post","2":"type-post","3":"status-publish","4":"format-standard","5":"has-post-thumbnail","7":"category-actualites","8":"tag-actualite","9":"tag-actualites","10":"tag-cour-dassises","11":"tag-fr","12":"tag-france","13":"tag-homicide","14":"tag-ile-de-france","15":"tag-justice","16":"tag-meurtre","17":"tag-meurtre-de-lola","18":"tag-news","19":"tag-paris","20":"tag-proces","21":"tag-psychiatrie","22":"tag-tribunal"},"share_on_mastodon":{"url":"https:\/\/pubeurope.com\/@fr\/115426610718834931","error":""},"_links":{"self":[{"href":"https:\/\/www.europesays.com\/fr\/wp-json\/wp\/v2\/posts\/485674","targetHints":{"allow":["GET"]}}],"collection":[{"href":"https:\/\/www.europesays.com\/fr\/wp-json\/wp\/v2\/posts"}],"about":[{"href":"https:\/\/www.europesays.com\/fr\/wp-json\/wp\/v2\/types\/post"}],"author":[{"embeddable":true,"href":"https:\/\/www.europesays.com\/fr\/wp-json\/wp\/v2\/users\/2"}],"replies":[{"embeddable":true,"href":"https:\/\/www.europesays.com\/fr\/wp-json\/wp\/v2\/comments?post=485674"}],"version-history":[{"count":0,"href":"https:\/\/www.europesays.com\/fr\/wp-json\/wp\/v2\/posts\/485674\/revisions"}],"wp:featuredmedia":[{"embeddable":true,"href":"https:\/\/www.europesays.com\/fr\/wp-json\/wp\/v2\/media\/485675"}],"wp:attachment":[{"href":"https:\/\/www.europesays.com\/fr\/wp-json\/wp\/v2\/media?parent=485674"}],"wp:term":[{"taxonomy":"category","embeddable":true,"href":"https:\/\/www.europesays.com\/fr\/wp-json\/wp\/v2\/categories?post=485674"},{"taxonomy":"post_tag","embeddable":true,"href":"https:\/\/www.europesays.com\/fr\/wp-json\/wp\/v2\/tags?post=485674"}],"curies":[{"name":"wp","href":"https:\/\/api.w.org\/{rel}","templated":true}]}}