{"id":485692,"date":"2025-10-24T01:55:26","date_gmt":"2025-10-24T01:55:26","guid":{"rendered":"https:\/\/www.europesays.com\/fr\/485692\/"},"modified":"2025-10-24T01:55:26","modified_gmt":"2025-10-24T01:55:26","slug":"les-degats-a-grenoble-et-en-isere","status":"publish","type":"post","link":"https:\/\/www.europesays.com\/fr\/485692\/","title":{"rendered":"les d\u00e9g\u00e2ts \u00e0 Grenoble et en Is\u00e8re"},"content":{"rendered":"<p>            Par<br \/>\n        <strong><br \/>\n            <a href=\"https:\/\/actu.fr\/auteur\/lisa-rodrigues\" title=\"Consulter tous les articles de Lisa Rodrigues\" target=\"_blank\" rel=\"noopener\">Lisa Rodrigues<\/a><br \/>\n        <\/strong><\/p>\n<p>        Publi\u00e9 le<\/p>\n<p>            23 oct. 2025 \u00e0 18h09        <\/p>\n<p>Rafales de vent jusqu\u2019\u00e0 100 km\/h en plaine, arbres couch\u00e9s sur les routes, quelques pannes d\u2019\u00e9lectricit\u00e9\u2026 La <a href=\"https:\/\/actu.fr\/meteo\/tempete-benjamin-presque-toute-la-france-en-vigilance-vent-ce-jeudi-des-rafales-jusqu-a-140-km-h-attendus_63334231.html\" target=\"_blank\" rel=\"noopener\">temp\u00eate Benjamin<\/a> a travers\u00e9 jeudi 23 octobre l\u2019<a href=\"https:\/\/actu.fr\/auvergne-rhone-alpes\/isere_38\" target=\"_blank\" rel=\"noopener\">Is\u00e8re<\/a>.<\/p>\n<p class=\" wall-content\">Aucune intervention majeure des pompiers n\u2019a \u00e9t\u00e9 n\u00e9cessaire, mais quelques d\u00e9g\u00e2ts ont \u00e9t\u00e9 signal\u00e9s. \u00c0 <a href=\"https:\/\/actu.fr\/auvergne-rhone-alpes\/grenoble_38185\" target=\"_blank\" rel=\"noopener\">Grenoble<\/a>, les <strong>parcs et jardins ont \u00e9t\u00e9 ferm\u00e9s<\/strong> pour la journ\u00e9e par la mairie. Des arbres ont \u00e9t\u00e9 d\u00e9racin\u00e9s par la force du vent dans le parc Bachelard, sans faire de bless\u00e9s.<\/p>\n<p>    <a href=\"https:\/\/www.facebook.com\/plugins\/post.php?href=https%3A%2F%2Fwww.facebook.com%2FVilledeGrenoble%2Fposts%2Fpfbid0Gu4NZJ42NJKrMAsMqHGGAjVckH5wSEpCRXCdkVE8XSSNsSEgHVSm6LfsbKfrpmgSl&amp;show_text=true&amp;width=350\" title=\"Ouvrie le lien\" target=\"_blank\" rel=\"noopener\">Cliquez ici pour visualiser le contenu<\/a><\/p>\n<p>Des arbres bris\u00e9s<\/p>\n<p class=\" wall-content\">Au sud de l\u2019agglom\u00e9ration, \u00e0 <strong>Pont-de-Claix<\/strong>, s\u2019est un arbre sur l\u2019avenue Jean-Jaur\u00e8s qui a perturb\u00e9 le trafic des voitures et bus M\u2019Tag jeudi matin.<\/p>\n<p><a class=\"jo-module-caroussel__img-container\" href=\"https:\/\/static.actu.fr\/uploads\/2025\/10\/pont-de-claix-arbre.jpg\" title=\"Agrandir la photo Un arbre tomb\u00e9 sur la route a perturb\u00e9 la circulation \u00e0 Pont-de-Claix, jeudi matin. (\u00a9 Document remis \u00e0 actu Grenoble \/ Dylan Demontis)\" data-idx=\"1\" target=\"_blank\" rel=\"noopener\"><br \/>\n    <img decoding=\"async\" class=\"jo-module-caroussel__img\" loading=\"lazy\" src=\"https:\/\/www.europesays.com\/fr\/wp-content\/uploads\/2025\/10\/pont-de-claix-arbre-640x427.jpg\" alt=\"Un arbre tomb\u00e9 sur la route a perturb\u00e9 la circulation \u00e0 Pont-de-Claix, jeudi matin. (\u00a9 Document remis \u00e0 actu Grenoble \/ Dylan Demontis)\" width=\"640\" height=\"427\"\/><\/a><a class=\"jo-module-caroussel__img-container\" href=\"https:\/\/static.actu.fr\/uploads\/2025\/10\/pont-de-claix-tempete.jpg\" title=\"Agrandir la photo Un arbre tomb\u00e9 sur la route a perturb\u00e9 la circulation \u00e0 Pont-de-Claix, jeudi matin. (\u00a9 Document remis \u00e0 actu Grenoble \/ Dylan Demontis)\" data-idx=\"2\" target=\"_blank\" rel=\"noopener\"><br \/>\n    <img decoding=\"async\" class=\"jo-module-caroussel__img\" loading=\"lazy\" src=\"https:\/\/www.europesays.com\/fr\/wp-content\/uploads\/2025\/10\/pont-de-claix-tempete-640x427.jpg\" alt=\"Un arbre tomb\u00e9 sur la route a perturb\u00e9 la circulation \u00e0 Pont-de-Claix, jeudi matin. (\u00a9 Document remis \u00e0 actu Grenoble \/ Dylan Demontis)\" width=\"640\" height=\"427\"\/><\/a><\/p>\n<p class=\" wall-content\">C\u2019\u00e9tait notamment en altitude que les rafales les plus importantes \u00e9taient attendues.<\/p>\n<p class=\" wall-content\">Sur la commune de <strong>Bourg-d\u2019Oisans<\/strong>, de nombreux arbres sont \u00e9galement tomb\u00e9s sur la voie publique. La municipalit\u00e9 a indiqu\u00e9 que l\u2019immense saule pleureur \u00e0 proximit\u00e9 de la mairie s\u2019est bris\u00e9.\u00a0<\/p>\n<p>Votre r\u00e9gion, votre actu !<\/p>\n<p>Recevez chaque jour les infos qui comptent pour vous.<\/p>\n<p>\t<a href=\"https:\/\/actu.fr\/newsletter\" class=\"ac-btn ac-btn--corner ac-btn--medium ac-btn--blue800\" target=\"_blank\" rel=\"noopener\">S&rsquo;incrire<\/a><\/p>\n<p>    <a href=\"https:\/\/www.facebook.com\/plugins\/post.php?href=https%3A%2F%2Fwww.facebook.com%2Fmairielebourgdoisans%2Fposts%2Fpfbid02d5u88sfdzFggFLgwPoBm8pBrCnp9djjKpPjopBjwRbrjSgBPbDG3CFt1KHAnqkryl&amp;show_text=true&amp;width=350\" title=\"Ouvrie le lien\" target=\"_blank\" rel=\"noopener\">Cliquez ici pour visualiser le contenu<\/a><\/p>\n<p class=\" wall-content\">Certaines communes ont d\u2019ores et d\u00e9j\u00e0 pris les devants pour permettre aux habitants de d\u00e9clarer les \u00e9ventuels d\u00e9g\u00e2ts li\u00e9s \u00e0 la temp\u00eate, comme \u00e0 <strong>Varces-Alli\u00e8res-et-Risset<\/strong> qui a mis \u00e0 disposition <a href=\"https:\/\/www.varces.fr\/actualites\/1210-attestation-en-ligne-tempete-benjamin?fbclid=IwY2xjawNnLX1leHRuA2FlbQIxMABicmlkETFmZlBwT3pqT0luenV4OTYwAR4MZzxbvwPtuAnRv79xObJyucVrwB0dt2aj59VPlzUJiaej-Lg-Q6HiI8iVoQ_aem_71HEGVLGPCuDeiB16p3_mQ\" target=\"_blank\" rel=\"noopener\">une attestation en ligne<\/a> pour les assurances.\u00a0<\/p>\n<p>Record \u00e0 108 km\/h\u00a0<\/p>\n<p class=\" wall-content\">En Nord-Is\u00e8re, le gros des intemp\u00e9ries s\u2019est d\u00e9roul\u00e9 en d\u00e9but de journ\u00e9e. D\u2019apr\u00e8s les relev\u00e9s relay\u00e9s par <a href=\"https:\/\/www.facebook.com\/meteocentreisere\" target=\"_blank\" rel=\"noopener\">M\u00e9t\u00e9o-Centre Is\u00e8re<\/a>, c\u2019est \u00e0 <strong>Bourgoin-Jallieu<\/strong> que le record des rafales de vent a \u00e9t\u00e9 mesur\u00e9 : <strong>108 km\/h<\/strong>.<\/p>\n<p>    <a href=\"https:\/\/www.facebook.com\/plugins\/post.php?href=https%3A%2F%2Fwww.facebook.com%2Fmeteocentreisere%2Fposts%2Fpfbid02GUhnisr7uqhoMwJfN15igPLpEsJLUzPXYaNaBUY43uoNoCrqzwcmTxiMjZj9FJCbl&amp;show_text=true&amp;width=350\" title=\"Ouvrie le lien\" target=\"_blank\" rel=\"noopener\">Cliquez ici pour visualiser le contenu<\/a><\/p>\n<p class=\" wall-content\">Des <strong>coupures d\u2019\u00e9lectricit\u00e9<\/strong> ont \u00e9t\u00e9 constat\u00e9es par des habitants, avant que le courant n\u2019ait \u00e9t\u00e9 remis par les \u00e9quipes d\u2019Enedis avant la mi-journ\u00e9e.<\/p>\n<p>La vigilance m\u00e9t\u00e9o maintenue<\/p>\n<p class=\" wall-content\"><a href=\"https:\/\/actu.fr\/tag\/meteo-france\" target=\"_blank\" rel=\"noopener\">M\u00e9t\u00e9o-France<\/a> a maintenu l\u2019Is\u00e8re en <strong>vigilance jaune<\/strong> pour la journ\u00e9e de vendredi.<\/p>\n<p class=\" wall-content\">\n<p class=\" wall-content\">La vigilance pour les vents violents est maintenue jusqu\u2019\u00e0 6 heures vendredi matin, celle pour les risques de pluie-inondation jusqu\u2019\u00e0 10 heures.<\/p>\n<p class=\" wall-content\">Personnalisez votre actualit\u00e9 en ajoutant vos villes et m\u00e9dias en favori avec <a href=\"https:\/\/moncompte.actu.fr\" title=\"D\u00e9couvez Mon Actu\" rel=\"nofollow noopener\" data-trk=\"{&quot;cta&quot;:{&quot;action&quot;:&quot;https:\\\/\\\/moncompte.actu.fr&quot;,&quot;category&quot;:&quot;mon compte&quot;,&quot;from&quot;:&quot;article footer&quot;,&quot;name&quot;:&quot;Mon actu&quot;,&quot;type&quot;:&quot;cta&quot;}}\" target=\"_blank\">Mon Actu<\/a>.<\/p>\n","protected":false},"excerpt":{"rendered":"Par Lisa Rodrigues Publi\u00e9 le 23 oct. 2025 \u00e0 18h09 Rafales de vent jusqu\u2019\u00e0 100 km\/h en plaine,&hellip;\n","protected":false},"author":2,"featured_media":485693,"comment_status":"","ping_status":"","sticky":false,"template":"","format":"standard","meta":{"footnotes":""},"categories":[9566],"tags":[1111,11,2430,1777,674,1011,27,2731,2487,2357,12,4594,25],"class_list":{"0":"post-485692","1":"post","2":"type-post","3":"status-publish","4":"format-standard","5":"has-post-thumbnail","7":"category-grenoble","8":"tag-actu","9":"tag-actualites","10":"tag-auvergne-rhone-alpes","11":"tag-eu","12":"tag-europe","13":"tag-fr","14":"tag-france","15":"tag-grenoble","16":"tag-meteo","17":"tag-meteo-france","18":"tag-news","19":"tag-orages","20":"tag-republique-francaise"},"share_on_mastodon":{"url":"https:\/\/pubeurope.com\/@fr\/115426658295123109","error":""},"_links":{"self":[{"href":"https:\/\/www.europesays.com\/fr\/wp-json\/wp\/v2\/posts\/485692","targetHints":{"allow":["GET"]}}],"collection":[{"href":"https:\/\/www.europesays.com\/fr\/wp-json\/wp\/v2\/posts"}],"about":[{"href":"https:\/\/www.europesays.com\/fr\/wp-json\/wp\/v2\/types\/post"}],"author":[{"embeddable":true,"href":"https:\/\/www.europesays.com\/fr\/wp-json\/wp\/v2\/users\/2"}],"replies":[{"embeddable":true,"href":"https:\/\/www.europesays.com\/fr\/wp-json\/wp\/v2\/comments?post=485692"}],"version-history":[{"count":0,"href":"https:\/\/www.europesays.com\/fr\/wp-json\/wp\/v2\/posts\/485692\/revisions"}],"wp:featuredmedia":[{"embeddable":true,"href":"https:\/\/www.europesays.com\/fr\/wp-json\/wp\/v2\/media\/485693"}],"wp:attachment":[{"href":"https:\/\/www.europesays.com\/fr\/wp-json\/wp\/v2\/media?parent=485692"}],"wp:term":[{"taxonomy":"category","embeddable":true,"href":"https:\/\/www.europesays.com\/fr\/wp-json\/wp\/v2\/categories?post=485692"},{"taxonomy":"post_tag","embeddable":true,"href":"https:\/\/www.europesays.com\/fr\/wp-json\/wp\/v2\/tags?post=485692"}],"curies":[{"name":"wp","href":"https:\/\/api.w.org\/{rel}","templated":true}]}}