{"id":485701,"date":"2025-10-24T02:02:15","date_gmt":"2025-10-24T02:02:15","guid":{"rendered":"https:\/\/www.europesays.com\/fr\/485701\/"},"modified":"2025-10-24T02:02:15","modified_gmt":"2025-10-24T02:02:15","slug":"le-spectacle-de-dieudonne-interdit-en-loire-atlantique-par-la-prefecture","status":"publish","type":"post","link":"https:\/\/www.europesays.com\/fr\/485701\/","title":{"rendered":"Le spectacle de Dieudonn\u00e9 interdit en Loire-Atlantique par la pr\u00e9fecture"},"content":{"rendered":"<p>Le lieu devait \u00eatre d\u00e9voil\u00e9 quelques heures avant. Et seulement aux spectateurs ayant achet\u00e9 un billet. <a href=\"https:\/\/nantes.maville.com\/info\/info-locale\/dieudonne-a-nantes-le-prefet-interdit-le-spectacle-5a6c1958-db9b-11e9-8deb-0cc47a644868\" target=\"_self\" rel=\"noopener\">Le spectacle de Dieudonn\u00e9<\/a>, Istanbul, a finalement \u00e9t\u00e9 interdit.<\/p>\n<p>L\u2019humoriste, condamn\u00e9 \u00e0 plusieurs reprises pour des propos \u00a0\u00e0 caract\u00e8re antis\u00e9mite et incitant \u00e0 la haine\u00a0, devait se produire dans \u00a0un rayon de 30\u00a0km autour de Nantes\u00a0, vendredi 24\u00a0octobre 2025, \u00e0 19\u00a0heures. C\u2019est un message par SMS qui devait pr\u00e9venir les personnes le jour m\u00eame, indique le site officiel de Dieudonn\u00e9.<\/p>\n<p>La pr\u00e9fecture de Loire-Atlantique a d\u00e9cid\u00e9 de l\u2019interdire, \u00e9voquant \u00a0les cons\u00e9quences de ces propos sur l\u2019ordre public\u00a0. L\u2019\u00e9v\u00e9nement est interdit dans tout le d\u00e9partement. Les autorit\u00e9s pr\u00e9cisent que \u00a0toutes les dispositions n\u00e9cessaires pour la bonne ex\u00e9cution de cet arr\u00eat\u00e9\u00a0 seront prises.<\/p>\n<p>Interrompu par les forces de l\u2019ordre<\/p>\n<p>Malgr\u00e9 une interdiction pr\u00e9fectorale, le pol\u00e9miste avait maintenu son spectacle \u00e0 H\u00e9rin, dans le Nord, le 11\u00a0octobre 2025. Les forces de l\u2019ordre \u00e9taient intervenues pour l\u2019interrompre, indique l\u2019AFP confirmant une information de La Voix du Nord. Il s\u2019\u00e9tait produit en plein air devant une brasserie de la commune.<\/p>\n<p>Sur le r\u00e9seau social X, Dieudonn\u00e9 s\u2019en amusait le 13\u00a0octobre 2025\u00a0: \u00a0le r\u00e9sultat de leurs interdictions c\u2019est que vous \u00eates de plus en plus nombreux \u00e0 venir assister \u00e0 mes spectacles.\u00a0<\/p>\n<p>Dans son arr\u00eat\u00e9, la pr\u00e9fecture soulignait les \u00a0propos graves et outrageants, antis\u00e9mites, diffamatoires et conspirationnistes\u00a0, susceptibles de troubler l\u2019ordre public, r\u00e9p\u00e9t\u00e9s lors de ses spectacles.<\/p>\n<p>Il avait pu monter sur sc\u00e8ne<\/p>\n<p><a href=\"https:\/\/www.ouest-france.fr\/politique\/dieudonne\/dieudonne-interdit-de-spectacle-pres-de-saint-nazaire-d6ab6960-ed21-11ee-a793-3d15ad53aa4e\" target=\"_self\" rel=\"noopener\">D\u2019abord interdit,<\/a> son spectacle avait pu se tenir le 29\u00a0mars 2024 pr\u00e8s de Saint-Nazaire. La juge des r\u00e9f\u00e9r\u00e9s du tribunal administratif de Nantes avait d\u00e9cid\u00e9 que \u00a0l\u2019interdiction du spectacle [portait] une atteinte grave et manifestement ill\u00e9gale \u00e0 la libert\u00e9 d\u2019expression\u00a0.<\/p>\n<p>La justice avait estim\u00e9 qu\u2019il n\u2019y avait aucun \u00a0\u00e9l\u00e9ment concret justifiant l\u2019existence du trouble \u00e0 l\u2019ordre public all\u00e9gu\u00e9\u00a0. <a href=\"https:\/\/nantes.maville.com\/actu\/actudet_-dieudonne-va-pouvoir-monter-sur-scene-ce-vendredi-soir-dans-l-arrondissement-de-saint-nazaire-_52716-6222904_actu.Htm\" target=\"_self\" rel=\"noopener\">Dieudonn\u00e9 avait donc pu monter sur sc\u00e8ne<\/a>.<\/p>\n<p>\u00a0<\/p>\n","protected":false},"excerpt":{"rendered":"Le lieu devait \u00eatre d\u00e9voil\u00e9 quelques heures avant. Et seulement aux spectateurs ayant achet\u00e9 un billet. Le spectacle&hellip;\n","protected":false},"author":2,"featured_media":485702,"comment_status":"","ping_status":"","sticky":false,"template":"","format":"standard","meta":{"footnotes":""},"categories":[2818],"tags":[1111,11,41311,1777,674,1011,27,11648,3047,766,12,2636,8916,25,3140],"class_list":{"0":"post-485701","1":"post","2":"type-post","3":"status-publish","4":"format-standard","5":"has-post-thumbnail","7":"category-nantes","8":"tag-actu","9":"tag-actualites","10":"tag-dieudonne","11":"tag-eu","12":"tag-europe","13":"tag-fr","14":"tag-france","15":"tag-interdit","16":"tag-loire-atlantique","17":"tag-nantes","18":"tag-news","19":"tag-pays-de-la-loire","20":"tag-prefecture","21":"tag-republique-francaise","22":"tag-spectacle"},"share_on_mastodon":{"url":"https:\/\/pubeurope.com\/@fr\/115426685306157412","error":""},"_links":{"self":[{"href":"https:\/\/www.europesays.com\/fr\/wp-json\/wp\/v2\/posts\/485701","targetHints":{"allow":["GET"]}}],"collection":[{"href":"https:\/\/www.europesays.com\/fr\/wp-json\/wp\/v2\/posts"}],"about":[{"href":"https:\/\/www.europesays.com\/fr\/wp-json\/wp\/v2\/types\/post"}],"author":[{"embeddable":true,"href":"https:\/\/www.europesays.com\/fr\/wp-json\/wp\/v2\/users\/2"}],"replies":[{"embeddable":true,"href":"https:\/\/www.europesays.com\/fr\/wp-json\/wp\/v2\/comments?post=485701"}],"version-history":[{"count":0,"href":"https:\/\/www.europesays.com\/fr\/wp-json\/wp\/v2\/posts\/485701\/revisions"}],"wp:featuredmedia":[{"embeddable":true,"href":"https:\/\/www.europesays.com\/fr\/wp-json\/wp\/v2\/media\/485702"}],"wp:attachment":[{"href":"https:\/\/www.europesays.com\/fr\/wp-json\/wp\/v2\/media?parent=485701"}],"wp:term":[{"taxonomy":"category","embeddable":true,"href":"https:\/\/www.europesays.com\/fr\/wp-json\/wp\/v2\/categories?post=485701"},{"taxonomy":"post_tag","embeddable":true,"href":"https:\/\/www.europesays.com\/fr\/wp-json\/wp\/v2\/tags?post=485701"}],"curies":[{"name":"wp","href":"https:\/\/api.w.org\/{rel}","templated":true}]}}