{"id":485713,"date":"2025-10-24T02:09:15","date_gmt":"2025-10-24T02:09:15","guid":{"rendered":"https:\/\/www.europesays.com\/fr\/485713\/"},"modified":"2025-10-24T02:09:15","modified_gmt":"2025-10-24T02:09:15","slug":"lille-seffondre-face-au-paok-dans-un-match-dingue-nice-poursuit-sa-descente-2","status":"publish","type":"post","link":"https:\/\/www.europesays.com\/fr\/485713\/","title":{"rendered":"Lille s\u2019effondre face au PAOK dans un match dingue, Nice poursuit sa descente"},"content":{"rendered":"<p class=\"mb-4 text-lg md:leading-8 break-words\"><strong>LIGUE EUROPA &#8211; Soir\u00e9e cauchemardesque pour Lille et Nice. Le Losc s\u2019est inclin\u00e9 4-3 \u00e0 domicile face au PAOK Salonique apr\u00e8s un sc\u00e9nario renversant, tandis que Nice, r\u00e9duit \u00e0 dix, a chut\u00e9 contre le Celta Vigo (2-1)<\/strong><\/p>\n<p class=\"mb-4 text-lg md:leading-8 break-words\">Rien ne laissait pr\u00e9sager une telle soir\u00e9e. Au Stade Pierre-Mauroy, le <a href=\"https:\/\/www.20minutes.fr\/sport\/losc\/?at_medium=RSS%20feed&amp;at_campaign=ynews&amp;utm_source=yahoo&amp;utm_medium=rss&amp;utm_campaign=news_feed&amp;utm_content=in_article_link\" rel=\"nofollow noopener\" target=\"_blank\" data-ylk=\"slk:Losc;elm:context_link;itc:0;sec:content-canvas\" class=\"link \">Losc<\/a> a sombr\u00e9 puis fr\u00f4l\u00e9 l\u2019exploit avant de s\u2019incliner 4-3 face au PAOK Salonique, jeudi soir en <a href=\"https:\/\/www.20minutes.fr\/sport\/ligue_europa\/?at_medium=RSS%20feed&amp;at_campaign=ynews&amp;utm_source=yahoo&amp;utm_medium=rss&amp;utm_campaign=news_feed&amp;utm_content=in_article_link\" rel=\"nofollow noopener\" target=\"_blank\" data-ylk=\"slk:Ligue Europa;elm:context_link;itc:0;sec:content-canvas\" class=\"link \">Ligue Europa<\/a>. Une d\u00e9faite renversante qui ne compromet pas ses chances de qualification, mais r\u00e9v\u00e8le une nouvelle fois les failles d\u2019une \u00e9quipe aussi talentueuse qu\u2019instable.<\/p>\n<p class=\"mb-4 text-lg md:leading-8 break-words\">D\u00e8s le coup d\u2019envoi, les Lillois ont \u00e9t\u00e9 pris \u00e0 la gorge. En 45 minutes cauchemardesques, les hommes de <a href=\"https:\/\/www.20minutes.fr\/dossier\/bruno_genesio?at_medium=RSS%20feed&amp;at_campaign=ynews&amp;utm_source=yahoo&amp;utm_medium=rss&amp;utm_campaign=news_feed&amp;utm_content=in_article_link\" rel=\"nofollow noopener\" target=\"_blank\" data-ylk=\"slk:Bruno Genesio;elm:context_link;itc:0;sec:content-canvas\" class=\"link \">Bruno Genesio<\/a> ont encaiss\u00e9 trois buts, impuissants face \u00e0 des Grecs d\u2019une efficacit\u00e9 clinique. L\u2019ancien du club Souhaliho Me\u00eft\u00e9 (18e), Andrija Zivkovic (23e) et Giannis Konstantelias (42e) ont puni la d\u00e9fense nordiste, o\u00f9 Tiago Santos et Nathan Ngoy ont sombr\u00e9 avant d\u2019\u00eatre remplac\u00e9s d\u00e8s la pause par Chancel Mbemba et Thomas Meunier.<\/p>\n<p>Un p\u00e9nalty refus\u00e9 malgr\u00e9 la VAR<\/p>\n<p class=\"mb-4 text-lg md:leading-8 break-words\">Un tournant a pourtant enflamm\u00e9 les esprits\u00a0: juste avant le troisi\u00e8me but grec, l\u2019arbitre a refus\u00e9 un <a href=\"https:\/\/www.20minutes.fr\/dossier\/penalty?at_medium=RSS%20feed&amp;at_campaign=ynews&amp;utm_source=yahoo&amp;utm_medium=rss&amp;utm_campaign=news_feed&amp;utm_content=in_article_link\" rel=\"nofollow noopener\" target=\"_blank\" data-ylk=\"slk:penalty;elm:context_link;itc:0;sec:content-canvas\" class=\"link \">penalty<\/a> \u00e9vident pour une faute sur Matias Fernandez-Pardo, malgr\u00e9 l\u2019intervention de la VAR. Une d\u00e9cision qui a fait exploser la col\u00e8re du pr\u00e9sident Olivier L\u00e9tang. \u00ab\u00a0J\u2019ai d\u00e9j\u00e0 \u00e9crit \u00e0 M. Ceferin, ce qui s\u2019est pass\u00e9 ce soir est incroyable\u00a0\u00bb, a-t-il lanc\u00e9 dans le couloir, des propos capt\u00e9s par Canal+.<\/p>\n<p class=\"mb-4 text-lg md:leading-8 break-words\">Remobilis\u00e9 apr\u00e8s la pause, le Losc a retrouv\u00e9 son mordant. Benjamin Andr\u00e9 a relanc\u00e9 l\u2019espoir sur corner (57e), avant qu\u2019Hamza Igamane ne fasse trembler \u00e0 nouveau les filets dix minutes plus tard (68e). L\u2019ambiance a alors chang\u00e9 de dimension, le public sentant que tout restait pos(&#8230;)<\/p>\n<p class=\"mb-4 text-lg md:leading-8 break-words\"><a href=\"https:\/\/www.20minutes.fr\/sport\/football\/4181304-20251024-ligue-europa-lille-effondre-face-paok-match-dingue-nice-poursuit-descente?at_medium=RSS%20feed&amp;at_campaign=ynews&amp;utm_source=yahoo&amp;utm_medium=rss&amp;utm_campaign=news_feed&amp;utm_content=read_more_link&quot;\" rel=\"nofollow noopener\" target=\"_blank\" data-ylk=\"slk:Lire la suite sur 20minutes;elm:context_link;itc:0;sec:content-canvas\" class=\"link \">Lire la suite sur 20minutes<\/a><\/p>\n<p>\u00c0 lire aussi :<br \/><a href=\"https:\/\/www.20minutes.fr\/sport\/football\/4180165-20251023-football-amateur-comment-lyon-duchere-installe-comme-grand-trouble-fete-championnat-u17-national?at_medium=RSS%20feed&amp;at_campaign=ynews&amp;utm_source=yahoo&amp;utm_medium=rss&amp;utm_campaign=news_feed&amp;utm_content=related_content_link\" rel=\"nofollow noopener\" target=\"_blank\" data-ylk=\"slk:Football amateur\u00a0: Comment Lyon La Duch\u00e8re s\u2019est install\u00e9 comme le grand trouble-f\u00eate du championnat U17 national;elm:context_link;itc:0;sec:content-canvas\" class=\"link \">Football amateur\u00a0: Comment Lyon La Duch\u00e8re s\u2019est install\u00e9 comme le grand trouble-f\u00eate du championnat U17 national<\/a><br \/><a href=\"https:\/\/www.20minutes.fr\/justice\/4181050-20251023-brest-nouveau-stade-foot-100-millions-peut-etre-interet-public-majeur?at_medium=RSS%20feed&amp;at_campaign=ynews&amp;utm_source=yahoo&amp;utm_medium=rss&amp;utm_campaign=news_feed&amp;utm_content=related_content_link\" rel=\"nofollow noopener\" target=\"_blank\" data-ylk=\"slk:Brest\u00a0: Le nouveau stade de foot \u00e0 100\u00a0millions n\u2019est peut-\u00eatre pas \u00ab\u00a0d\u2019int\u00e9r\u00eat public majeur\u00a0\u00bb;elm:context_link;itc:0;sec:content-canvas\" class=\"link \">Brest\u00a0: Le nouveau stade de foot \u00e0 100\u00a0millions n\u2019est peut-\u00eatre pas \u00ab\u00a0d\u2019int\u00e9r\u00eat public majeur\u00a0\u00bb<\/a><\/p>\n","protected":false},"excerpt":{"rendered":"LIGUE EUROPA &#8211; Soir\u00e9e cauchemardesque pour Lille et Nice. Le Losc s\u2019est inclin\u00e9 4-3 \u00e0 domicile face au&hellip;\n","protected":false},"author":2,"featured_media":485714,"comment_status":"","ping_status":"","sticky":false,"template":"","format":"standard","meta":{"footnotes":""},"categories":[2815],"tags":[1111,11,60908,3450,8095,54698,1777,674,1011,27,60909,811,5843,1307,60910,12,60907,25,4676,54697],"class_list":{"0":"post-485713","1":"post","2":"type-post","3":"status-publish","4":"format-standard","5":"has-post-thumbnail","7":"category-lille","8":"tag-actu","9":"tag-actualites","10":"tag-andrija-zivkovic","11":"tag-brest","12":"tag-bruno-genesio","13":"tag-chancel-mbemba","14":"tag-eu","15":"tag-europe","16":"tag-fr","17":"tag-france","18":"tag-giannis-konstantelias","19":"tag-hauts-de-france","20":"tag-ligue-europa","21":"tag-lille","22":"tag-nathan-ngoy","23":"tag-news","24":"tag-paok-salonique","25":"tag-republique-francaise","26":"tag-thomas-meunier","27":"tag-tiago-santos"},"share_on_mastodon":{"url":"https:\/\/pubeurope.com\/@fr\/115426713023200907","error":""},"_links":{"self":[{"href":"https:\/\/www.europesays.com\/fr\/wp-json\/wp\/v2\/posts\/485713","targetHints":{"allow":["GET"]}}],"collection":[{"href":"https:\/\/www.europesays.com\/fr\/wp-json\/wp\/v2\/posts"}],"about":[{"href":"https:\/\/www.europesays.com\/fr\/wp-json\/wp\/v2\/types\/post"}],"author":[{"embeddable":true,"href":"https:\/\/www.europesays.com\/fr\/wp-json\/wp\/v2\/users\/2"}],"replies":[{"embeddable":true,"href":"https:\/\/www.europesays.com\/fr\/wp-json\/wp\/v2\/comments?post=485713"}],"version-history":[{"count":0,"href":"https:\/\/www.europesays.com\/fr\/wp-json\/wp\/v2\/posts\/485713\/revisions"}],"wp:featuredmedia":[{"embeddable":true,"href":"https:\/\/www.europesays.com\/fr\/wp-json\/wp\/v2\/media\/485714"}],"wp:attachment":[{"href":"https:\/\/www.europesays.com\/fr\/wp-json\/wp\/v2\/media?parent=485713"}],"wp:term":[{"taxonomy":"category","embeddable":true,"href":"https:\/\/www.europesays.com\/fr\/wp-json\/wp\/v2\/categories?post=485713"},{"taxonomy":"post_tag","embeddable":true,"href":"https:\/\/www.europesays.com\/fr\/wp-json\/wp\/v2\/tags?post=485713"}],"curies":[{"name":"wp","href":"https:\/\/api.w.org\/{rel}","templated":true}]}}