{"id":485715,"date":"2025-10-24T02:10:19","date_gmt":"2025-10-24T02:10:19","guid":{"rendered":"https:\/\/www.europesays.com\/fr\/485715\/"},"modified":"2025-10-24T02:10:19","modified_gmt":"2025-10-24T02:10:19","slug":"mort-de-sophie-bottai-avocate-marseillaise-qui-a-ouvert-la-voie-a-toute-une-generation-de-femmes-penalistes","status":"publish","type":"post","link":"https:\/\/www.europesays.com\/fr\/485715\/","title":{"rendered":"Mort de Sophie Bottai, avocate marseillaise qui a ouvert la voie \u00e0 toute une g\u00e9n\u00e9ration de femmes p\u00e9nalistes"},"content":{"rendered":"<p>Elle a \u00e9t\u00e9 un mod\u00e8le de t\u00e9nacit\u00e9 et a ouvert la voie \u00e0 toute une g\u00e9n\u00e9ration de femmes p\u00e9nalistes, en s\u2019imposant, \u00e0 la force du verbe, au caract\u00e8re, dans un monde d\u2019hommes bien d\u00e9cid\u00e9s \u00e0 ne leur laisser aucune place. Pionni\u00e8re du barreau de <a href=\"https:\/\/www.laprovence.com\/bouches-du-rhone\/marseille-13055\" target=\"_blank\" rel=\"noopener\">Marseille<\/a>, <strong><a href=\"https:\/\/www.laprovence.com\/article\/actualites\/519213\/escroquerie-aux-dechets-2-millions-deuros-detournes-dans-les-bouches-du-rhone.html\" target=\"_blank\" rel=\"noopener\">Sophie Bottai<\/a> s\u2019est \u00e9teinte \u00e0 l\u2019\u00e2ge de 73\u00a0ans<\/strong> le mardi 21\u00a0octobre.<\/p>\n<p>Tout au long d\u2019une carri\u00e8re foisonnante, elle aura incarn\u00e9 avec un talent inimitable la d\u00e9fense de clients c\u00e9l\u00e8bres\u00a0: <strong>Christine Devier-Joncour dans l\u2019affaire Dumas<\/strong>, le <strong>parrain Jacky Imbert dit \u00ab\u00a0Le Mat\u00a0\u00bb<\/strong>,<strong> Marcel Long<\/strong>, qui faisait office de chauffeur dans l\u2019assassinat du docteur Peschard, <a href=\"https:\/\/www.laprovence.com\/article\/actualites\/425518\/affaire-de-proxenetisme-ribery-dans-le-collimateur.html\" target=\"_blank\" rel=\"noopener\"><strong>Franck Rib\u00e9ry dans le dossier Zahia<\/strong><\/a>, <strong>Robert Louis-Dreyfus pour les comptes de l\u2019OM<\/strong>, Micha\u00ebl Blanc (un jeune Fran\u00e7ais condamn\u00e9 \u00e0 mort \u00e0 Bali pour trafic de haschisch), <strong>Christian Lacroix<\/strong>, son amie <strong>Charlotte Rampling<\/strong>\u2026 Et tant d\u2019autres, anonyme ou pas, son credo chevill\u00e9 au corps\u00a0: \u00ab\u00a0Les d\u00e9fendre tous, et tenter de les sauver\u00a0\u00bb.<\/p>\n<p>\u00ab\u00a0Elle n\u2019aura eu qu\u2019une vie, le barreau\u00a0\u00bb<\/p>\n<p>\u00ab\u00a0<a href=\"https:\/\/www.laprovence.com\/article\/actualites\/37046\/crash-du-rio-paris-il-faut-se-demander-si-la-catastrophe-etait-evitable.html\" target=\"_blank\" rel=\"noopener\">C\u2019\u00e9tait une grande avocate<\/a>, elle s\u2019est distingu\u00e9e par son \u00e9l\u00e9gance, son courage mais aussi son talent qui semblait naturel mais qui \u00e9tait le fruit de beaucoup de travail. Exigeante avec elle-m\u00eame elle n\u2019aura eu qu\u2019une vie\u00a0: le barreau et qu\u2019un d\u00e9sir abouti\u00a0: \u00eatre avocate\u00a0\u00bb, confie Me Marie-Anne Donsimoni.<\/p>\n<p>\u00ab\u00a0\u00c0 midi \u00e0 la table d\u2019un ca\u00efd et le soir \u00e0 celle d\u2019un ministre, elle \u00e9tait dans le sillage des grandes telles que Camille Giudicelli ou d\u2019une Gis\u00e8le Halimi\u00a0\u00bb, poursuit-elle en hommage \u00e0 cette \u00ab\u00a0amie merveilleuse\u00a0\u00bb, \u00ab\u00a0belle, g\u00e9n\u00e9reuse, elle aimait l\u2019art, elle \u00e9tait gourmande et son rire r\u00e9sonne encore\u00a0\u00bb.<\/p>\n<p>\u00ab\u00a0Elle a \u00e9t\u00e9 adoub\u00e9e par les plus grands\u00a0\u00bb<\/p>\n<p>Il faut dire que bien avant de pr\u00eater serment, en novembre 1975, Sophie Bottai \u00e9tait tomb\u00e9e dans la marmite d\u00e8s son plus jeune \u00e2ge. \u00ab\u00a0Mon m\u00e9tier, je n\u2019ai pas eu le choix, il s\u2019est impos\u00e9 \u00e0 moi\u00a0\u00bb, souriait-elle en retra\u00e7ant son parcours avec dans la voix une d\u00e9votion intacte pour son p\u00e8re, <strong>Raoul Bottai, lui aussi un t\u00e9nor du barreau.<\/strong><\/p>\n<p><strong>Crini\u00e8re blonde, caract\u00e8re en acier tremp\u00e9 et humour vorace<\/strong>, voix rocailleuse \u00e0 cause des cigarettes qu\u2019elle fumait \u00e0 la file, Sophie Bottai attirait les cam\u00e9ras et, entre deux proc\u00e8s, pouvait se transformer en sc\u00e9nariste (la s\u00e9rie Verdict sur M6).\u00a0<\/p>\n<p>\u00ab\u00a0L\u2019image que je garderai toujours de Sophie, au-del\u00e0 de ses \u00e9clats de rire tonitruants et de son esprit de libert\u00e9, est celle d\u2019une Lionne\u2026 avec une magnifique crini\u00e8re. Une femme, d\u2019abord, avec toute sa douceur et son humanit\u00e9, dans la droite ligne de sa Maman Simone. Une <strong>avocate, ensuite et surtout, avec le courage, la d\u00e9termination<\/strong> et le punch du grand t\u00e9nor qu\u2019\u00e9tait son Papa Raoul, le Lino Ventura du Barreau\u00a0\u00bb, se souvient Me Silvio Rossi-Arnaud, son associ\u00e9.<\/p>\n<p>Un \u00ab\u00a0privil\u00e8ge\u00a0\u00bb, dit-il, en rappelant que Sophie Bottai a \u00e9t\u00e9 \u00ab\u00a0adoub\u00e9e par les plus grands, au 1er rang desquels Paul Lombard, ce n\u2019est pas pour rien que c\u2019\u00e9tait la 1\u00e8re Avocate d\u2019un Barreau de Province \u00e0 acqu\u00e9rir une dimension nationale, inspirant des g\u00e9n\u00e9rations de jeunes Cons\u0153urs.\u00a0\u00bb<\/p>\n<p>\u00ab\u00a0Si l\u2019homme \u00e9choue\u2026\u00a0\u00bb<\/p>\n<p>En 2001, La Provence lui avait demand\u00e9 de r\u00e9diger son \u00e9pitaphe : \u00ab\u00a0Ci-g\u00eet qui mille morts souffrit, passant prends garde ne l\u2019\u00e9veille, pour la premi\u00e8re nuit pauvre Scaron sommeille\u00a0\u00bb, avait r\u00e9pondu du tac au tac cette femme de lettre avant de glisser\u00a0: \u00ab\u00a0Si l\u2019homme \u00e9choue \u00e0 concilier justice et libert\u00e9, alors il \u00e9choue en toute chose.\u00a0\u00bb Une profession de foi qui sonne aujourd\u2019hui comme un h\u00e9ritage. <a href=\"https:\/\/www.laprovence.com\/Carnet-Avis-de-deces\/23102025\/sophie-bottai-3654\" target=\"_blank\" rel=\"noopener\">Une c\u00e9r\u00e9monie religieuse aura lieu ce vendredi 24\u00a0octobre \u00e0 9\u00a0heures<\/a> en la basilique Saint-Victor (7e).<\/p>\n","protected":false},"excerpt":{"rendered":"Elle a \u00e9t\u00e9 un mod\u00e8le de t\u00e9nacit\u00e9 et a ouvert la voie \u00e0 toute une g\u00e9n\u00e9ration de femmes&hellip;\n","protected":false},"author":2,"featured_media":485716,"comment_status":"","ping_status":"","sticky":false,"template":"","format":"standard","meta":{"footnotes":""},"categories":[2814],"tags":[17,1111,11,16741,60911,1102,1777,674,274,1011,27,11989,884,18,12,15316,882,3583,25,38427],"class_list":{"0":"post-485715","1":"post","2":"type-post","3":"status-publish","4":"format-standard","5":"has-post-thumbnail","7":"category-marseille","8":"tag-17","9":"tag-actu","10":"tag-actualites","11":"tag-avocate","12":"tag-bottai","13":"tag-breakingnews","14":"tag-eu","15":"tag-europe","16":"tag-faits-divers-justice","17":"tag-fr","18":"tag-france","19":"tag-marseillaise","20":"tag-marseille","21":"tag-mort","22":"tag-news","23":"tag-ouvert","24":"tag-provence-alpes-cote-dazur","25":"tag-qui","26":"tag-republique-francaise","27":"tag-sophie"},"share_on_mastodon":{"url":"https:\/\/pubeurope.com\/@fr\/115426716831016773","error":""},"_links":{"self":[{"href":"https:\/\/www.europesays.com\/fr\/wp-json\/wp\/v2\/posts\/485715","targetHints":{"allow":["GET"]}}],"collection":[{"href":"https:\/\/www.europesays.com\/fr\/wp-json\/wp\/v2\/posts"}],"about":[{"href":"https:\/\/www.europesays.com\/fr\/wp-json\/wp\/v2\/types\/post"}],"author":[{"embeddable":true,"href":"https:\/\/www.europesays.com\/fr\/wp-json\/wp\/v2\/users\/2"}],"replies":[{"embeddable":true,"href":"https:\/\/www.europesays.com\/fr\/wp-json\/wp\/v2\/comments?post=485715"}],"version-history":[{"count":0,"href":"https:\/\/www.europesays.com\/fr\/wp-json\/wp\/v2\/posts\/485715\/revisions"}],"wp:featuredmedia":[{"embeddable":true,"href":"https:\/\/www.europesays.com\/fr\/wp-json\/wp\/v2\/media\/485716"}],"wp:attachment":[{"href":"https:\/\/www.europesays.com\/fr\/wp-json\/wp\/v2\/media?parent=485715"}],"wp:term":[{"taxonomy":"category","embeddable":true,"href":"https:\/\/www.europesays.com\/fr\/wp-json\/wp\/v2\/categories?post=485715"},{"taxonomy":"post_tag","embeddable":true,"href":"https:\/\/www.europesays.com\/fr\/wp-json\/wp\/v2\/tags?post=485715"}],"curies":[{"name":"wp","href":"https:\/\/api.w.org\/{rel}","templated":true}]}}