{"id":485723,"date":"2025-10-24T02:16:15","date_gmt":"2025-10-24T02:16:15","guid":{"rendered":"https:\/\/www.europesays.com\/fr\/485723\/"},"modified":"2025-10-24T02:16:15","modified_gmt":"2025-10-24T02:16:15","slug":"donald-trump-va-profiter-de-sa-tournee-en-asie-pour-rencontrer-xi-jinping","status":"publish","type":"post","link":"https:\/\/www.europesays.com\/fr\/485723\/","title":{"rendered":"Donald Trump va profiter de sa tourn\u00e9e en Asie pour rencontrer Xi Jinping"},"content":{"rendered":"<p>                      <img loading=\"lazy\" decoding=\"async\" src=\"https:\/\/www.europesays.com\/fr\/wp-content\/uploads\/2025\/10\/b4a02b4_ftp-import-images-1-hg5hh8sb2xqx-5189686-01-06.jpg\" alt=\"Les pr\u00e9sidents am\u00e9ricain et chinois, Donald Trump et Xi Jinping, lors d\u2019une r\u00e9union bilat\u00e9rale en marge du sommet du G20\u00a0\u00e0 Osaka (Japon), le 29\u00a0juin\u00a02019.\"   width=\"664\" height=\"443\"\/>    Les pr\u00e9sidents am\u00e9ricain et chinois, Donald Trump et Xi Jinping, lors d\u2019une r\u00e9union bilat\u00e9rale en marge du sommet du G20\u00a0\u00e0 Osaka (Japon), le 29\u00a0juin\u00a02019.  BRENDAN SMIALOWSKI \/ AFP                          <\/p>\n<p class=\"article__paragraph  \">La Malaisie, le Japon et la Cor\u00e9e du Sud sont au programme de la tourn\u00e9e asiatique que Donald Trump s\u2019appr\u00eate \u00e0 lancer. A ce copieux menu, un \u00e9v\u00e9nement de poids s\u2019est ajout\u00e9, selon le programme livr\u00e9 jeudi 23\u00a0octobre par la Maison Blanche\u00a0: une rencontre aux enjeux majeurs pour l\u2019\u00e9conomie mondiale entre le pr\u00e9sident am\u00e9ricain et son homologue chinois, Xi Jinping. Elle aura lieu jeudi 30\u00a0octobre, en Cor\u00e9e du Sud, en marge d\u2019un sommet de la Coop\u00e9ration \u00e9conomique Asie-Pacifique (APEC).<\/p>\n<p class=\"article__paragraph  \">Donald Trump avait annonc\u00e9, mercredi, un \u00ab\u00a0grand voyage\u00a0\u00bb pour qualifier son premier d\u00e9placement dans la r\u00e9gion asiatique depuis son retour au pouvoir en janvier. Mais il avait laiss\u00e9 planer un doute sur la tenue d\u2019une rencontre avec le pr\u00e9sident chinois, sur fond de tensions commerciales entre les deux pays. Il a toutefois dit s\u2019attendre \u00e0 conclure un \u00ab\u00a0bon\u00a0\u00bb accord entre les deux premi\u00e8res \u00e9conomies de la plan\u00e8te.<\/p>\n<p class=\"article__paragraph  \">La Chine et les Etats-Unis doivent par ailleurs tenir de nouvelles discussions commerciales dans les prochains jours en Malaisie, qui accueille le sommet de l\u2019Association des nations de l\u2019Asie du Sud-Est (Asean) \u00e0 partir de dimanche \u00e0 Kuala Lumpur, a dit jeudi le minist\u00e8re du commerce chinois.<\/p>\n<p>                                       Lire aussi |  Article r\u00e9serv\u00e9 \u00e0 nos abonn\u00e9s  <a href=\"https:\/\/www.lemonde.fr\/international\/article\/2025\/10\/23\/la-chine-prepare-son-economie-a-davantage-de-confrontations-avec-les-etats-unis_6649058_3210.html\" class=\"js-article-read-also catcher--favoris__link\" data-premium=\"1\" id=\"article-title-3443657\" rel=\"nofollow noopener\" target=\"_blank\">La Chine pr\u00e9pare son \u00e9conomie \u00e0 davantage de confrontations avec les Etats-Unis<\/a>    <\/p>\n<p>   Lire plus tard  <\/p>\n<p>                          Une rencontre avec le pr\u00e9sident br\u00e9silien \u00e9galement envisag\u00e9e                    <\/p>\n<p class=\"article__paragraph  \">Lors de cette tourn\u00e9e, tous les pays h\u00f4tes devraient d\u00e9rouler le tapis rouge \u00e0 Donald Trump pour tenter de s\u2019attirer ses faveurs et d\u2019obtenir les meilleurs accords possibles en mati\u00e8re de droits de douane et de garanties de s\u00e9curit\u00e9.<\/p>\n<p class=\"article__paragraph  \">Le pr\u00e9sident am\u00e9ricain quittera Washington vendredi pour arriver dimanche en Malaisie pour le sommet de l\u2019Asean, qu\u2019il a snob\u00e9 \u00e0 plusieurs reprises lors de son premier mandat, pr\u00e9vu du 26 au 28\u00a0octobre. Il devrait y conclure un accord commercial avec la Malaisie et, surtout, assister \u00e0 la signature d\u2019un accord de paix entre la Tha\u00eflande et le Cambodge. Apr\u00e8s un conflit de plusieurs jours, les deux voisins avaient conclu un cessez-le-feu le 29\u00a0juillet, \u00e0 la suite d\u2019une intervention de Donald Trump, qui r\u00e9clame le prix Nobel de la paix pour son r\u00f4le revendiqu\u00e9 dans la r\u00e9solution de plusieurs conflits, dont celui-ci.<\/p>\n<p>                                       Lire aussi |  Article r\u00e9serv\u00e9 \u00e0 nos abonn\u00e9s  <a href=\"https:\/\/www.lemonde.fr\/international\/article\/2025\/08\/07\/comment-la-geopolitique-s-est-invitee-dans-le-conflit-entre-thailande-et-cambodge_6627316_3210.html\" class=\"js-article-read-also catcher--favoris__link\" data-premium=\"1\" id=\"article-title-3433862\" rel=\"nofollow noopener\" target=\"_blank\">Comment la g\u00e9opolitique s\u2019est invit\u00e9e dans le conflit entre Tha\u00eflande et Cambodge<\/a>    <\/p>\n<p>   Lire plus tard  <\/p>\n<p class=\"article__paragraph  \">Une rencontre avec le pr\u00e9sident br\u00e9silien, Luiz Inacio Lula da Silva, est \u00e9galement envisag\u00e9e \u00e0 l\u2019occasion de ce sommet. Les deux dirigeants ont commenc\u00e9 \u00e0 aplanir leurs diff\u00e9rends apr\u00e8s des mois de tensions li\u00e9es en premier lieu au proc\u00e8s et \u00e0 la condamnation de l\u2019ancien pr\u00e9sident br\u00e9silien d\u2019extr\u00eame droite Jair Bolsonaro, un alli\u00e9 du locataire de la Maison Blanche.<\/p>\n<p class=\"article__paragraph  \">Donald Trump se rendra ensuite mardi au Japon o\u00f9 il rencontrera, mercredi, la nationaliste Sanae Takaichi, devenue cette semaine la premi\u00e8re femme \u00e0 prendre la t\u00eate du gouvernement japonais. Cette derni\u00e8re a dit vouloir des \u00ab\u00a0discussions franches\u00a0\u00bb avec le pr\u00e9sident am\u00e9ricain. Tokyo a sign\u00e9 cet \u00e9t\u00e9 un accord commercial avec Washington, mais certains d\u00e9tails restent \u00e0 discuter. Le pr\u00e9sident am\u00e9ricain souhaite par ailleurs que le Japon cesse d\u2019importer de l\u2019\u00e9nergie russe et augmente ses d\u00e9penses de d\u00e9fense.<\/p>\n<p>                                       Lire aussi |  Article r\u00e9serv\u00e9 \u00e0 nos abonn\u00e9s  <a href=\"https:\/\/www.lemonde.fr\/international\/article\/2025\/10\/04\/au-japon-l-election-de-sanae-takaichi-a-la-tete-du-parti-au-pouvoir-au-japon-annonce-un-tournant-nationaliste-dans-l-archipel_6644401_3210.html\" class=\"js-article-read-also catcher--favoris__link\" data-premium=\"1\" id=\"article-title-3440865\" rel=\"nofollow noopener\" target=\"_blank\">Au Japon, l\u2019\u00e9lection de Sanae Takaichi \u00e0 la t\u00eate du parti au pouvoir annonce un tournant nationaliste dans l\u2019Archipel<\/a>    <\/p>\n<p>   Lire plus tard  <\/p>\n<p>                          Plusieurs enjeux en Cor\u00e9e du Sud                    <\/p>\n<p class=\"article__paragraph  \">Mais le point d\u2019orgue de la tourn\u00e9e se d\u00e9roulera donc en Cor\u00e9e du Sud, o\u00f9 Donald Trump est attendu \u00e0 partir du 29\u00a0octobre pour l\u2019APEC, en marge duquel il aura un entretien avec Xi Jinping \u00e0 Gyeongju. Donald Trump a dit mercredi esp\u00e9rer conclure un accord avec le pr\u00e9sident chinois sur \u00ab\u00a0tous les sujets\u00a0\u00bb.<\/p>\n<p> Le Monde M\u00e9morable  <\/p>\n<p> <a href=\"https:\/\/www.lemonde.fr\/memorable\/?rfextension=inread\" class=\"inread__link js-services-inread-link\" target=\"_blank\" rel=\"nofollow noopener\">  <\/p>\n<p>Testez votre culture g\u00e9n\u00e9rale avec la r\u00e9daction du \u00ab Monde \u00bb<\/p>\n<p>Testez votre culture g\u00e9n\u00e9rale avec la r\u00e9daction du \u00ab Monde \u00bb<\/p>\n<p>D\u00e9couvrir<\/p>\n<p> <\/a>      <\/p>\n<p> Newsletter  <\/p>\n<p> <a href=\"https:\/\/www.lemonde.fr\/newsletters\/a-la-une\/\" class=\"inread__link js-services-inread-link\" target=\"_blank\" rel=\"nofollow noopener\">  <\/p>\n<p>\u00ab A la une \u00bb<\/p>\n<p>Chaque matin, parcourez l&rsquo;essentiel de l&rsquo;actualit\u00e9 du jour avec les derniers titres du \u00ab Monde \u00bb<\/p>\n<p>S&rsquo;inscrire<\/p>\n<p> <\/a>          <\/p>\n<p> Le Monde Application  <\/p>\n<p> <a href=\"https:\/\/lamatinale.onelink.me\/gKMy\/ahw2ubr3\" class=\"inread__link js-services-inread-link\" target=\"_blank\" rel=\"nofollow noopener\">  <\/p>\n<p>La Matinale du Monde<\/p>\n<p>Chaque matin, retrouvez notre s\u00e9lection de 20 articles \u00e0 ne pas manquer <\/p>\n<p>T\u00e9l\u00e9charger l&rsquo;application<\/p>\n<p> <\/a>      <\/p>\n<p> Newsletter abonn\u00e9s  <\/p>\n<p> <a href=\"https:\/\/www.lemonde.fr\/newsletters\/international\/\" class=\"inread__link js-services-inread-link\" target=\"_blank\" rel=\"nofollow noopener\">  <\/p>\n<p>\u00ab International \u00bb<\/p>\n<p>L\u2019essentiel de l\u2019actualit\u00e9 internationale de la semaine<\/p>\n<p>S&rsquo;inscrire<\/p>\n<p> <\/a>             <\/p>\n<p class=\"article__paragraph  \">Le pr\u00e9sident am\u00e9ricain rencontrera aussi son homologue sud-cor\u00e9en, Lee Jae Myung, prononcera un discours devant des hommes d\u2019affaires et participera \u00e0 un d\u00eener des dirigeants de l\u2019APEC, selon la Maison Blanche.<\/p>\n<p class=\"article__paragraph  \">La Cor\u00e9e du Nord, qui a tir\u00e9 plusieurs missiles balistiques mercredi, figurera \u00e9galement \u00e0 l\u2019agenda. Donald Trump a affirm\u00e9 qu\u2019il esp\u00e9rait voir le dirigeant nord-cor\u00e9en Kim Jong-un, possiblement cette ann\u00e9e, apr\u00e8s trois sommets au cours de son premier mandat. Mais la Maison Blanche n\u2019a pas confirm\u00e9 des informations selon lesquelles une nouvelle rencontre serait envisag\u00e9e au cours de ce voyage.<\/p>\n<p>                                       Lire aussi |  Article r\u00e9serv\u00e9 \u00e0 nos abonn\u00e9s  <a href=\"https:\/\/www.lemonde.fr\/idees\/article\/2025\/09\/07\/xi-jinping-et-vladimir-poutine-continuent-d-entretenir-la-fascination-communiste-vis-a-vis-de-la-lutte-contre-la-degradation-du-corps_6639604_3232.html\" class=\"js-article-read-also catcher--favoris__link\" data-premium=\"1\" id=\"article-title-3437021\" rel=\"nofollow noopener\" target=\"_blank\">\u00ab\u00a0Xi Jinping et Vladimir Poutine entretiennent une fascination communiste pour la lutte contre la d\u00e9gradation du corps\u00a0\u00bb<\/a>    <\/p>\n<p>   Lire plus tard  <\/p>\n<p class=\"author__detail\">  Le Monde avec AFP  <\/p>\n<p>                <a href=\"https:\/\/www.lemonde.fr\/syndication\/\" class=\"reuse__content\" title=\"R\u00e9utiliser ce contenu\" target=\"_blank\" rel=\"nofollow noopener\">R\u00e9utiliser ce contenu<\/a>      <\/p>\n","protected":false},"excerpt":{"rendered":"Les pr\u00e9sidents am\u00e9ricain et chinois, Donald Trump et Xi Jinping, lors d\u2019une r\u00e9union bilat\u00e9rale en marge du sommet&hellip;\n","protected":false},"author":2,"featured_media":485724,"comment_status":"","ping_status":"","sticky":false,"template":"","format":"standard","meta":{"footnotes":""},"categories":[1888],"tags":[1111,1928,11,1927,1777,674,1011,27,12,1926,626,1925,25],"class_list":{"0":"post-485723","1":"post","2":"type-post","3":"status-publish","4":"format-standard","5":"has-post-thumbnail","7":"category-paris","8":"tag-actu","9":"tag-actu-paris","10":"tag-actualites","11":"tag-actualites-paris","12":"tag-eu","13":"tag-europe","14":"tag-fr","15":"tag-france","16":"tag-news","17":"tag-news-paris","18":"tag-paris","19":"tag-paris-news","20":"tag-republique-francaise"},"share_on_mastodon":{"url":"https:\/\/pubeurope.com\/@fr\/115426741580817514","error":""},"_links":{"self":[{"href":"https:\/\/www.europesays.com\/fr\/wp-json\/wp\/v2\/posts\/485723","targetHints":{"allow":["GET"]}}],"collection":[{"href":"https:\/\/www.europesays.com\/fr\/wp-json\/wp\/v2\/posts"}],"about":[{"href":"https:\/\/www.europesays.com\/fr\/wp-json\/wp\/v2\/types\/post"}],"author":[{"embeddable":true,"href":"https:\/\/www.europesays.com\/fr\/wp-json\/wp\/v2\/users\/2"}],"replies":[{"embeddable":true,"href":"https:\/\/www.europesays.com\/fr\/wp-json\/wp\/v2\/comments?post=485723"}],"version-history":[{"count":0,"href":"https:\/\/www.europesays.com\/fr\/wp-json\/wp\/v2\/posts\/485723\/revisions"}],"wp:featuredmedia":[{"embeddable":true,"href":"https:\/\/www.europesays.com\/fr\/wp-json\/wp\/v2\/media\/485724"}],"wp:attachment":[{"href":"https:\/\/www.europesays.com\/fr\/wp-json\/wp\/v2\/media?parent=485723"}],"wp:term":[{"taxonomy":"category","embeddable":true,"href":"https:\/\/www.europesays.com\/fr\/wp-json\/wp\/v2\/categories?post=485723"},{"taxonomy":"post_tag","embeddable":true,"href":"https:\/\/www.europesays.com\/fr\/wp-json\/wp\/v2\/tags?post=485723"}],"curies":[{"name":"wp","href":"https:\/\/api.w.org\/{rel}","templated":true}]}}