{"id":485725,"date":"2025-10-24T02:17:26","date_gmt":"2025-10-24T02:17:26","guid":{"rendered":"https:\/\/www.europesays.com\/fr\/485725\/"},"modified":"2025-10-24T02:17:26","modified_gmt":"2025-10-24T02:17:26","slug":"art-basel-paris-2025-tout-ce-quil-faut-savoir-sur-la-foire-dart-contemporain-qui-a-lieu-ce-week-end-a-paris","status":"publish","type":"post","link":"https:\/\/www.europesays.com\/fr\/485725\/","title":{"rendered":"Art Basel Paris 2025 : tout ce qu&rsquo;il faut savoir sur la foire d&rsquo;art contemporain, qui a lieu ce week-end \u00e0 Paris"},"content":{"rendered":"<p>Lanc\u00e9e en 2024, la section Oh La La! r\u00e9unissait l&rsquo;ann\u00e9e derni\u00e8re quelque 35 galeries qui avaient accept\u00e9 le d\u00e9fi de r\u00e9inventer leurs stands pour y exposer de nouvelles \u0153uvres insolites. L&rsquo;occasion, par exemple, pour la galerie italienne <strong>Massimo De Carlo<\/strong> (qui ouvrait ses portes en 1987) d&rsquo;exposer les travaux de ses tous premiers artistes, \u00e0 l&rsquo;instar de <strong>Maurizio Cattelan<\/strong>, ou pour la galerie <strong>Ellen de Bruijne Projects<\/strong> de Amsterdam de montrer les dessins m\u00e9connus (et terriblement pervers) du r\u00e9alisateur sovi\u00e9tique <strong>Sergue\u00ef Eisenstein<\/strong>, largement c\u00e9l\u00e9br\u00e9 pour ses <a href=\"https:\/\/www.vogue.fr\/dossier\/films\" isautogenerated=\"true\" rel=\"nofollow noopener\" target=\"_blank\">films<\/a> visionnaires. Ci-dessous, le tableau de la peintresse <strong>Takako Yamaguchi<\/strong>, repr\u00e9sentatif de l&rsquo;initiative, pourrait figurer parmi la s\u00e9lection 2025, pr\u00e9sent\u00e9e par la jeune galerie <strong>Ortuzar<\/strong>, bas\u00e9e \u00e0 New York.<\/p>\n<p><img decoding=\"async\" alt=\"Takako Yamaguchi Patricia and Dusty 1993. Art Basel Paris 2025\" loading=\"lazy\" class=\"ResponsiveImageContainer-eNxvmU cfBbTk responsive-image__image\"   src=\"https:\/\/www.europesays.com\/fr\/wp-content\/uploads\/2025\/10\/Takako%20Yamaguchi.jpg\"\/><\/p>\n<p>Takako Yamaguchi, Patricia and Dusty, 1993.Courtesy of the artist, Ortuzar, New York and asis.la, Los Angeles. Photo : Izzy Leung @ Takako Yamaguchi<\/p>\n<p>Quand et o\u00f9 aura lieu la foire Art Basel Paris 2025 ?<\/p>\n<p>La foire Art Basel Paris aura lieu au Grand Palais, sur l&rsquo;avenue Winston-Churchill (75008 Paris), \u00e0 partir du vendredi 24 octobre et jusqu&rsquo;au dimanche 26 octobre 2025.<\/p>\n<p>Quelles sont les diff\u00e9rents parcours de Art Basel Paris ?<\/p>\n<p>Chaque ann\u00e9e, la foire d&rsquo;art contemporain se divise en plusieurs sections, \u00e0 commencer par un programme public compos\u00e9 d&rsquo;\u0153uvres de grande envergure, \u00e0 voir gratuitement dans certains lieux embl\u00e9matiques de la ville de Paris, \u00e0 l&rsquo;instar de la place Vend\u00f4me. La section Galeries peut \u00eatre envisag\u00e9e comme le parcours principal de la foire, au c\u0153ur du Grand Palais, avec les galeries incontournables \u00e0 visiter comme <strong>Perrotin<\/strong>, <strong>Gagosian<\/strong> ou <strong>Mennour<\/strong>. Le secteur Emergence propose \u00e0 certaines galeries de se concentrer sur des jeunes artistes \u00e9mergents tandis que le secteur Premise permet de (re)d\u00e9couvrir des \u0153uvres m\u00e9connues \u2013 dont certaines cr\u00e9\u00e9es avant 1900 \u2013 et pr\u00e9sent\u00e9es par 9 galeries.<\/p>\n<p>Quel est le programme gratuit de Art Basel Paris ?<\/p>\n<p>La foire a pour habitude de s&rsquo;\u00e9taler bien au-del\u00e0 de l&rsquo;enceinte du mus\u00e9e, pour vibrer au rythme de la vie culturelle parisienne, le temps d&rsquo;un <a href=\"https:\/\/www.vogue.fr\/dossier\/week-end\" rel=\"nofollow noopener\" target=\"_blank\">week-end<\/a>. Comprenez plut\u00f4t : \u00e0 chaque \u00e9dition, son lot d&rsquo;\u0153uvres spectaculaires install\u00e9es dans certains lieux embl\u00e9matiques de la capitale, \u00e0 voir gratuitement. Des objets d&rsquo;art \u00e9rig\u00e9s au statut de v\u00e9ritables monuments urbains, s\u00e9lectionn\u00e9s avec une exigence rare, mettant en lumi\u00e8re les plus grands noms de l&rsquo;<a href=\"https:\/\/www.vogue.fr\/dossier\/art-contemporain\" rel=\"nofollow noopener\" target=\"_blank\">art contemporain<\/a>. Par exemple : la peintresse fran\u00e7aise <strong>Fabienne Verdier<\/strong> \u00e0 la Cit\u00e9 de l\u2019architecture et du patrimoine, <strong>Harry Nuriev<\/strong> \u00e0 la Chapelle des Petits-Augustins des Beaux-Arts de Paris ou <strong>Jo\u00ebl Andrianomearisoa<\/strong> \u00e0 l&rsquo;H\u00f4tel de la Marine.<\/p>\n","protected":false},"excerpt":{"rendered":"Lanc\u00e9e en 2024, la section Oh La La! r\u00e9unissait l&rsquo;ann\u00e9e derni\u00e8re quelque 35 galeries qui avaient accept\u00e9 le&hellip;\n","protected":false},"author":2,"featured_media":485726,"comment_status":"","ping_status":"","sticky":false,"template":"","format":"standard","meta":{"footnotes":""},"categories":[1888],"tags":[1111,1928,11,1927,3734,1777,674,1349,1011,27,12,1926,626,1925,25],"class_list":{"0":"post-485725","1":"post","2":"type-post","3":"status-publish","4":"format-standard","5":"has-post-thumbnail","7":"category-paris","8":"tag-actu","9":"tag-actu-paris","10":"tag-actualites","11":"tag-actualites-paris","12":"tag-art","13":"tag-eu","14":"tag-europe","15":"tag-expositions","16":"tag-fr","17":"tag-france","18":"tag-news","19":"tag-news-paris","20":"tag-paris","21":"tag-paris-news","22":"tag-republique-francaise"},"share_on_mastodon":{"url":"https:\/\/pubeurope.com\/@fr\/115426744433704490","error":""},"_links":{"self":[{"href":"https:\/\/www.europesays.com\/fr\/wp-json\/wp\/v2\/posts\/485725","targetHints":{"allow":["GET"]}}],"collection":[{"href":"https:\/\/www.europesays.com\/fr\/wp-json\/wp\/v2\/posts"}],"about":[{"href":"https:\/\/www.europesays.com\/fr\/wp-json\/wp\/v2\/types\/post"}],"author":[{"embeddable":true,"href":"https:\/\/www.europesays.com\/fr\/wp-json\/wp\/v2\/users\/2"}],"replies":[{"embeddable":true,"href":"https:\/\/www.europesays.com\/fr\/wp-json\/wp\/v2\/comments?post=485725"}],"version-history":[{"count":0,"href":"https:\/\/www.europesays.com\/fr\/wp-json\/wp\/v2\/posts\/485725\/revisions"}],"wp:featuredmedia":[{"embeddable":true,"href":"https:\/\/www.europesays.com\/fr\/wp-json\/wp\/v2\/media\/485726"}],"wp:attachment":[{"href":"https:\/\/www.europesays.com\/fr\/wp-json\/wp\/v2\/media?parent=485725"}],"wp:term":[{"taxonomy":"category","embeddable":true,"href":"https:\/\/www.europesays.com\/fr\/wp-json\/wp\/v2\/categories?post=485725"},{"taxonomy":"post_tag","embeddable":true,"href":"https:\/\/www.europesays.com\/fr\/wp-json\/wp\/v2\/tags?post=485725"}],"curies":[{"name":"wp","href":"https:\/\/api.w.org\/{rel}","templated":true}]}}