{"id":485727,"date":"2025-10-24T02:18:17","date_gmt":"2025-10-24T02:18:17","guid":{"rendered":"https:\/\/www.europesays.com\/fr\/485727\/"},"modified":"2025-10-24T02:18:17","modified_gmt":"2025-10-24T02:18:17","slug":"comment-vincent-delerm-a-fait-rechanter-jean-jacques-goldman-cela-sest-fait-tres-simplement-a-distance","status":"publish","type":"post","link":"https:\/\/www.europesays.com\/fr\/485727\/","title":{"rendered":"Comment Vincent Delerm a fait rechanter Jean-Jacques Goldman\u00a0: \u00ab\u00a0Cela s\u2019est fait tr\u00e8s simplement, \u00e0 distance\u00a0\u00bb"},"content":{"rendered":"<p class=\"paragraph text_align_left lp-f-body-02\">Dans son nouveau spectacle, qu\u2019il pr\u00e9sente \u00e0 Paris depuis mardi soir et qui, comme son nom l\u2019indique, peint \u00ab la Fresque \u00bb de sa vie, <a href=\"https:\/\/www.leparisien.fr\/culture-loisirs\/cinema\/vincent-delerm-jai-compose-les-melodies-de-mon-premier-album-devant-les-films-de-truffaut-17-06-2024-7W52XRNWZNCTDEKRK57IZCQUB4.php\" target=\"_blank\" rel=\"noreferrer nofollow noopener\">Vincent Delerm <\/a>fait des zooms sur des figures qui l\u2019ont marqu\u00e9, inconnues ou pas, de sa professeure de piano, Nicole Bruy\u00e8re, aujourd\u2019hui \u00e2g\u00e9e de 90 ans, au chanteur oubli\u00e9 Jean Sommer\u2026<\/p>\n<p class=\"paragraph text_align_left lp-f-body-02\">\u00c0 chaque fois, leur voix ou leur image sur l\u2019\u00e9cran convexe en fond de sc\u00e8ne provoquent un coup au c\u0153ur du public de la Cigale (Paris XVIIIe), sa salle de pr\u00e9dilection depuis pr\u00e8s de 25 ans\u2026 Quand il aborde son adolescence, ce gar\u00e7on \u00ab un peu \u00e0 part \u00bb nous entra\u00eene dans sa chambre des ann\u00e9es 1980. Quand ses copains recouvrent leurs murs de posters de stars de football am\u00e9ricain et d\u2019Iron Maiden, lui affiche sa passion pour le champion de tennis de table <a href=\"https:\/\/www.leparisien.fr\/jo-paris-2024\/tennis-de-table\/jean-philippe-gatien-champion-olympique-en-tennis-de-table-les-freres-lebrun-ont-la-gagne-en-eux-28-07-2024-AVXH565MKJFHLOETDNUHHIIDDM.php?ts=1761212637939\" target=\"_blank\" rel=\"noreferrer nofollow noopener\">Jean-Philippe Gatien<\/a> et pour Jean-Jacques Goldman.<\/p>\n","protected":false},"excerpt":{"rendered":"Dans son nouveau spectacle, qu\u2019il pr\u00e9sente \u00e0 Paris depuis mardi soir et qui, comme son nom l\u2019indique, peint&hellip;\n","protected":false},"author":2,"featured_media":485728,"comment_status":"","ping_status":"","sticky":false,"template":"","format":"standard","meta":{"footnotes":""},"categories":[1888],"tags":[11,872,1777,674,1011,27,873,12,626,25],"class_list":{"0":"post-485727","1":"post","2":"type-post","3":"status-publish","4":"format-standard","5":"has-post-thumbnail","7":"category-paris","8":"tag-actualites","9":"tag-culture-et-loisirs","10":"tag-eu","11":"tag-europe","12":"tag-fr","13":"tag-france","14":"tag-musique","15":"tag-news","16":"tag-paris","17":"tag-republique-francaise"},"share_on_mastodon":{"url":"https:\/\/pubeurope.com\/@fr\/115426748273638790","error":""},"_links":{"self":[{"href":"https:\/\/www.europesays.com\/fr\/wp-json\/wp\/v2\/posts\/485727","targetHints":{"allow":["GET"]}}],"collection":[{"href":"https:\/\/www.europesays.com\/fr\/wp-json\/wp\/v2\/posts"}],"about":[{"href":"https:\/\/www.europesays.com\/fr\/wp-json\/wp\/v2\/types\/post"}],"author":[{"embeddable":true,"href":"https:\/\/www.europesays.com\/fr\/wp-json\/wp\/v2\/users\/2"}],"replies":[{"embeddable":true,"href":"https:\/\/www.europesays.com\/fr\/wp-json\/wp\/v2\/comments?post=485727"}],"version-history":[{"count":0,"href":"https:\/\/www.europesays.com\/fr\/wp-json\/wp\/v2\/posts\/485727\/revisions"}],"wp:featuredmedia":[{"embeddable":true,"href":"https:\/\/www.europesays.com\/fr\/wp-json\/wp\/v2\/media\/485728"}],"wp:attachment":[{"href":"https:\/\/www.europesays.com\/fr\/wp-json\/wp\/v2\/media?parent=485727"}],"wp:term":[{"taxonomy":"category","embeddable":true,"href":"https:\/\/www.europesays.com\/fr\/wp-json\/wp\/v2\/categories?post=485727"},{"taxonomy":"post_tag","embeddable":true,"href":"https:\/\/www.europesays.com\/fr\/wp-json\/wp\/v2\/tags?post=485727"}],"curies":[{"name":"wp","href":"https:\/\/api.w.org\/{rel}","templated":true}]}}