{"id":485732,"date":"2025-10-24T02:21:13","date_gmt":"2025-10-24T02:21:13","guid":{"rendered":"https:\/\/www.europesays.com\/fr\/485732\/"},"modified":"2025-10-24T02:21:13","modified_gmt":"2025-10-24T02:21:13","slug":"les-dirigeants-de-lue-font-un-premier-pas-vers-lutilisation-au-profit-de-lukraine-liberation","status":"publish","type":"post","link":"https:\/\/www.europesays.com\/fr\/485732\/","title":{"rendered":"les dirigeants de l\u2019UE font un premier pas vers l\u2019utilisation au profit de l\u2019Ukraine \u2013 Lib\u00e9ration"},"content":{"rendered":"<p class=\"sc-cPiKLX AiZTS text-element\">Si elle se r\u00e9alise, l\u2019op\u00e9ration serait in\u00e9dite. Les dirigeants de l\u2019UE ont demand\u00e9 ce jeudi 23 octobre \u00e0 la Commission europ\u00e9enne d\u2019explorer les moyens de financer l\u2019Ukraine dans sa guerre contre l\u2019invasion russe sur les deux ann\u00e9es \u00e0 venir en laissant la porte ouverte \u00e0 la mise en place d\u2019un pr\u00eat s\u2019appuyant sur <a href=\"https:\/\/www.liberation.fr\/international\/europe\/avoirs-russes-geles-leurope-sous-pression-pour-voler-au-secours-de-lukraine-20250304_DAKKMKBVTNF3RCEKZHSNWVGCEU\/\" target=\"_blank\" rel=\"noreferrer nofollow noopener\" title=\"https:\/\/www.liberation.fr\/international\/europe\/avoirs-russes-geles-leurope-sous-pression-pour-voler-au-secours-de-lukraine-20250304_DAKKMKBVTNF3RCEKZHSNWVGCEU\/\">les avoirs russes gel\u00e9s<\/a>, ont fait savoir plusieurs diplomates \u00e0 l\u2019AFP. <\/p>\n<p class=\"sc-cPiKLX AiZTS text-element\">Cette proposition est d\u00e9lib\u00e9r\u00e9ment formul\u00e9e en termes tr\u00e8s larges afin de prendre en compte les fortes r\u00e9serves de la Belgique sur le dossier. Celle-ci soutiendrait le projet, a d\u00e9clar\u00e9 \u00e0 Reuters, alors que se trouve sur son sol la soci\u00e9t\u00e9 de d\u00e9p\u00f4ts et de versement d\u2019actifs Euroclear d\u00e9tenant la majorit\u00e9 des 210 milliards d\u2019euros d\u2019avoirs russes gel\u00e9s. <\/p>\n<p class=\"sc-cPiKLX AiZTS text-element\">Plusieurs heures de n\u00e9gociations ont \u00e9t\u00e9 n\u00e9cessaires pour parvenir \u00e0 cette proposition, qui sera \u00e0 l\u2019agenda du prochain sommet europ\u00e9en en d\u00e9cembre, selon les sources cit\u00e9es par l\u2019Agence France presse.<\/p>\n<p class=\"sc-cPiKLX AiZTS text-element\">Plus t\u00f4t ce jeudi,<b> <\/b>le pr\u00e9sident ukrainien Volodymyr Zelensky avait exhort\u00e9 les dirigeants europ\u00e9ens \u00e0 utiliser les avoirs gel\u00e9s russes pour soutenir son effort de guerre, au lendemain de <a href=\"https:\/\/www.liberation.fr\/international\/amerique\/nos-conversations-ne-menent-nulle-part-donald-trump-hausse-le-ton-face-a-poutine-de-nouvelles-sanctions-contre-moscou-20251023_YLJOHYFMLFEFVNVGSVHBIBBQKA\/\" target=\"_blank\" rel=\"noreferrer nofollow noopener\" title=\"https:\/\/www.liberation.fr\/international\/amerique\/nos-conversations-ne-menent-nulle-part-donald-trump-hausse-le-ton-face-a-poutine-de-nouvelles-sanctions-contre-moscou-20251023_YLJOHYFMLFEFVNVGSVHBIBBQKA\/\">l\u2019annonce de sanctions am\u00e9ricaines contre Moscou<\/a>. \u00abJ\u2019esp\u00e8re qu\u2019ils prendront une d\u00e9cision politique, une d\u00e9cision positive d\u2019une mani\u00e8re ou d\u2019une autre pour aider l\u2019Ukraine\u00bb, avait-il d\u00e9clar\u00e9 devant la presse \u00e0 Bruxelles, en marge du sommet des 27. <\/p>\n<p class=\"sc-cPiKLX AiZTS text-element\">Bloqu\u00e9s depuis 2022, ces avoirs de la Banque centrale russe n\u2019en ont pas moins produit des int\u00e9r\u00eats entre 1,5 et 2 milliards d\u2019euros par an, que les Europ\u00e9ens ont d\u00e9cid\u00e9 d\u2019utiliser pour financer un pr\u00eat de 45 milliards d\u2019euros \u00e0 l\u2019Ukraine. Plusieurs versements ont d\u00e9j\u00e0 \u00e9t\u00e9 effectu\u00e9s.<\/p>\n<p class=\"sc-cPiKLX AiZTS text-element\">Une grande partie de ces avoirs, soit quelque 185 milliards d\u2019euros sont ou vont arriver \u00e0 maturit\u00e9 cette ann\u00e9e. Ils sont donc disponibles sous forme liquide. L\u2019Union europ\u00e9enne veut utiliser une partie de ces liquidit\u00e9s pour financer un nouveau pr\u00eat de 140 milliards d\u2019euros \u00e0 l\u2019Ukraine.<\/p>\n<p class=\"sc-cPiKLX AiZTS text-element\">L\u2019id\u00e9e est d\u2019emprunter cette somme aupr\u00e8s d\u2019Euroclear et de la pr\u00eater \u00e0 l\u2019Ukraine. Celle-ci ne remboursera que si la Russie lui paie des r\u00e9parations de guerre. Si Moscou s\u2019y refuse, les sanctions ne seront pas lev\u00e9es, les actifs resteront immobilis\u00e9s et l\u2019Ukraine n\u2019aura pas besoin de rembourser.<\/p>\n","protected":false},"excerpt":{"rendered":"Si elle se r\u00e9alise, l\u2019op\u00e9ration serait in\u00e9dite. Les dirigeants de l\u2019UE ont demand\u00e9 ce jeudi 23 octobre \u00e0&hellip;\n","protected":false},"author":2,"featured_media":485733,"comment_status":"","ping_status":"","sticky":false,"template":"","format":"standard","meta":{"footnotes":""},"categories":[1590],"tags":[11,1777,674,12,132,220,297,364],"class_list":{"0":"post-485732","1":"post","2":"type-post","3":"status-publish","4":"format-standard","5":"has-post-thumbnail","7":"category-ukraine","8":"tag-actualites","9":"tag-eu","10":"tag-europe","11":"tag-news","12":"tag-russie","13":"tag-ukraine","14":"tag-ukraine-la-crise","15":"tag-union-europeenne"},"share_on_mastodon":{"url":"https:\/\/pubeurope.com\/@fr\/115426760061897683","error":""},"_links":{"self":[{"href":"https:\/\/www.europesays.com\/fr\/wp-json\/wp\/v2\/posts\/485732","targetHints":{"allow":["GET"]}}],"collection":[{"href":"https:\/\/www.europesays.com\/fr\/wp-json\/wp\/v2\/posts"}],"about":[{"href":"https:\/\/www.europesays.com\/fr\/wp-json\/wp\/v2\/types\/post"}],"author":[{"embeddable":true,"href":"https:\/\/www.europesays.com\/fr\/wp-json\/wp\/v2\/users\/2"}],"replies":[{"embeddable":true,"href":"https:\/\/www.europesays.com\/fr\/wp-json\/wp\/v2\/comments?post=485732"}],"version-history":[{"count":0,"href":"https:\/\/www.europesays.com\/fr\/wp-json\/wp\/v2\/posts\/485732\/revisions"}],"wp:featuredmedia":[{"embeddable":true,"href":"https:\/\/www.europesays.com\/fr\/wp-json\/wp\/v2\/media\/485733"}],"wp:attachment":[{"href":"https:\/\/www.europesays.com\/fr\/wp-json\/wp\/v2\/media?parent=485732"}],"wp:term":[{"taxonomy":"category","embeddable":true,"href":"https:\/\/www.europesays.com\/fr\/wp-json\/wp\/v2\/categories?post=485732"},{"taxonomy":"post_tag","embeddable":true,"href":"https:\/\/www.europesays.com\/fr\/wp-json\/wp\/v2\/tags?post=485732"}],"curies":[{"name":"wp","href":"https:\/\/api.w.org\/{rel}","templated":true}]}}