{"id":485738,"date":"2025-10-24T02:24:14","date_gmt":"2025-10-24T02:24:14","guid":{"rendered":"https:\/\/www.europesays.com\/fr\/485738\/"},"modified":"2025-10-24T02:24:14","modified_gmt":"2025-10-24T02:24:14","slug":"france-f-heure-chaine-tv-comment-suivre-le-match-a-la-television-ou-en-streaming","status":"publish","type":"post","link":"https:\/\/www.europesays.com\/fr\/485738\/","title":{"rendered":"France (F) : heure, cha\u00eene TV&#8230; Comment suivre le match \u00e0 la t\u00e9l\u00e9vision ou en\u00a0streaming\u00a0?"},"content":{"rendered":"<p>Le match entre l&rsquo;Allemagne et la France d\u00e9butera \u00e0 17h45 et sera retransmis en direct sur France 4. Pour ceux qui pr\u00e9f\u00e8rent regarder en ligne, les plateformes concern\u00e9es proposeront \u00e9galement la diffusion en streaming.<\/p>\n<p>Ce match promet forc\u00e9ment des \u00e9motions pour les supporters des deux \u00e9quipes, et est l\u2019occasion id\u00e9ale pour les passionn\u00e9s de football de profiter d\u2019une soir\u00e9e sportive. Assurez-vous de ne rien manquer de l\u2019action en suivant la rencontre en direct.<\/p>\n<p>   Partagez cette info avec vos amis et vos proches en cliquant ici<br \/> Pour r\u00e9sumer<\/p>\n<p>Ne manquez pas le match entre l&rsquo;Allemagne et la France, et retrouvez toutes les informations utiles\u00a0! Le match sera diffus\u00e9 en direct \u00e0 17h45. Vous pourrez suivre la rencontre sur France 4 et en streaming sur les plateformes concern\u00e9es pour vivre chaque moment en temps r\u00e9el.<\/p>\n<p>R\u00e9dacteur<\/p>\n<p><img decoding=\"async\" width=\"76\" height=\"76\" loading=\"lazy\" src=\"https:\/\/www.europesays.com\/fr\/wp-content\/uploads\/2025\/04\/avatar-onze.webp.webp\" alt=\"Nathan Bricout\"\/><\/p>\n","protected":false},"excerpt":{"rendered":"Le match entre l&rsquo;Allemagne et la France d\u00e9butera \u00e0 17h45 et sera retransmis en direct sur France 4.&hellip;\n","protected":false},"author":2,"featured_media":485739,"comment_status":"","ping_status":"","sticky":false,"template":"","format":"standard","meta":{"footnotes":""},"categories":[1587],"tags":[11,672,1804,1805,1803,64,1777,674,1801,12,1802],"class_list":{"0":"post-485738","1":"post","2":"type-post","3":"status-publish","4":"format-standard","5":"has-post-thumbnail","7":"category-allemagne","8":"tag-actualites","9":"tag-allemagne","10":"tag-bundesrepublik-deutschland","11":"tag-de","12":"tag-deutschland","13":"tag-equipe-de-france","14":"tag-eu","15":"tag-europe","16":"tag-germany","17":"tag-news","18":"tag-republique-federale-dallemagne"},"share_on_mastodon":{"url":"https:\/\/pubeurope.com\/@fr\/115426772394521993","error":""},"_links":{"self":[{"href":"https:\/\/www.europesays.com\/fr\/wp-json\/wp\/v2\/posts\/485738","targetHints":{"allow":["GET"]}}],"collection":[{"href":"https:\/\/www.europesays.com\/fr\/wp-json\/wp\/v2\/posts"}],"about":[{"href":"https:\/\/www.europesays.com\/fr\/wp-json\/wp\/v2\/types\/post"}],"author":[{"embeddable":true,"href":"https:\/\/www.europesays.com\/fr\/wp-json\/wp\/v2\/users\/2"}],"replies":[{"embeddable":true,"href":"https:\/\/www.europesays.com\/fr\/wp-json\/wp\/v2\/comments?post=485738"}],"version-history":[{"count":0,"href":"https:\/\/www.europesays.com\/fr\/wp-json\/wp\/v2\/posts\/485738\/revisions"}],"wp:featuredmedia":[{"embeddable":true,"href":"https:\/\/www.europesays.com\/fr\/wp-json\/wp\/v2\/media\/485739"}],"wp:attachment":[{"href":"https:\/\/www.europesays.com\/fr\/wp-json\/wp\/v2\/media?parent=485738"}],"wp:term":[{"taxonomy":"category","embeddable":true,"href":"https:\/\/www.europesays.com\/fr\/wp-json\/wp\/v2\/categories?post=485738"},{"taxonomy":"post_tag","embeddable":true,"href":"https:\/\/www.europesays.com\/fr\/wp-json\/wp\/v2\/tags?post=485738"}],"curies":[{"name":"wp","href":"https:\/\/api.w.org\/{rel}","templated":true}]}}