{"id":485742,"date":"2025-10-24T02:26:12","date_gmt":"2025-10-24T02:26:12","guid":{"rendered":"https:\/\/www.europesays.com\/fr\/485742\/"},"modified":"2025-10-24T02:26:12","modified_gmt":"2025-10-24T02:26:12","slug":"kurt-angle-jai-eu-une-meilleure-carriere-a-la-tna","status":"publish","type":"post","link":"https:\/\/www.europesays.com\/fr\/485742\/","title":{"rendered":"Kurt Angle : \u00ab J&rsquo;ai eu une meilleure carri\u00e8re \u00e0 la TNA \u00bb"},"content":{"rendered":"<p>\u00a0<\/p>\n<p style=\"text-align: justify;\"><strong>La carri\u00e8re de Kurt Angle<\/strong> est bien remplie.<\/p>\n<p style=\"text-align: justify;\">Ancien athl\u00e8te olympique, Kurt s&rsquo;est lanc\u00e9e dans le catch<strong> \u00e0 la fin des ann\u00e9es 90<\/strong> et n&rsquo;a laiss\u00e9 personne indiff\u00e9rent au fil des ann\u00e9es. Pendant un peu moins de 20 ans, le multiple champion a brill\u00e9 dans le ring \u00e0 la WWE et \u00e0 la TNA. Mais quelle compagnie am\u00e9ricaine pr\u00e9f\u00e8re-t-il ? Interrog\u00e9 <strong>par Ariel Helwani sur le sujet,<\/strong> Kurt Angle a d\u00fb trancher :<\/p>\n<blockquote><p>&#13;<\/p>\n<p style=\"text-align: justify;\"><strong>\u00ab\u00a0J&rsquo;ai eu une meilleure carri\u00e8re \u00e0 la TNA. J&rsquo;ai eu de meilleurs matchs. C&rsquo;est difficile \u00e0 dire parce que j&rsquo;en ai eu de tr\u00e8s bons \u00e0 la WWE. Quand j&rsquo;ai quitt\u00e9 la compagnie, je salivais \u00e0 l&rsquo;id\u00e9e de voir tant de talents \u00e0 la TNA. Donc oui, je pense que j&rsquo;ai eu une meilleure carri\u00e8re l\u00e0-bas.\u00a0\u00bb<\/strong><\/p>\n<p>&#13;\n<\/p><\/blockquote>\n<p>Et pour vous ? Kurt Angle a \u00e9t\u00e9 meilleur <strong>\u00e0 la WWE ou \u00e0 la TNA ?<\/strong><\/p>\n<p style=\"text-align: justify;\">L&rsquo;interview de Kurt Angle <strong>par Ariel Helwani<\/strong> est disponible sur YouTube !<\/p>\n<\/p>\n<p style=\"text-align: right;\">Cr\u00e9dit photo : WWE<\/p>\n","protected":false},"excerpt":{"rendered":"\u00a0 La carri\u00e8re de Kurt Angle est bien remplie. Ancien athl\u00e8te olympique, Kurt s&rsquo;est lanc\u00e9e dans le catch&hellip;\n","protected":false},"author":2,"featured_media":485743,"comment_status":"","ping_status":"","sticky":false,"template":"","format":"standard","meta":{"footnotes":""},"categories":[1586],"tags":[8409,47,11,7039,1777,674,1779,1011,3844,27,21070,23728,2070,23730,7998,12,23729,2043,25,1778,364],"class_list":{"0":"post-485742","1":"post","2":"type-post","3":"status-publish","4":"format-standard","5":"has-post-thumbnail","7":"category-europe","8":"tag-aaa","9":"tag-actualite","10":"tag-actualites","11":"tag-catch","12":"tag-eu","13":"tag-europe","14":"tag-european-union","15":"tag-fr","16":"tag-francais","17":"tag-france","18":"tag-independant","19":"tag-indy","20":"tag-japon","21":"tag-lucha","22":"tag-lutte","23":"tag-news","24":"tag-njpw","25":"tag-nouvelle","26":"tag-republique-francaise","27":"tag-ue","28":"tag-union-europeenne"},"share_on_mastodon":{"url":"https:\/\/pubeurope.com\/@fr\/115426779844604351","error":""},"_links":{"self":[{"href":"https:\/\/www.europesays.com\/fr\/wp-json\/wp\/v2\/posts\/485742","targetHints":{"allow":["GET"]}}],"collection":[{"href":"https:\/\/www.europesays.com\/fr\/wp-json\/wp\/v2\/posts"}],"about":[{"href":"https:\/\/www.europesays.com\/fr\/wp-json\/wp\/v2\/types\/post"}],"author":[{"embeddable":true,"href":"https:\/\/www.europesays.com\/fr\/wp-json\/wp\/v2\/users\/2"}],"replies":[{"embeddable":true,"href":"https:\/\/www.europesays.com\/fr\/wp-json\/wp\/v2\/comments?post=485742"}],"version-history":[{"count":0,"href":"https:\/\/www.europesays.com\/fr\/wp-json\/wp\/v2\/posts\/485742\/revisions"}],"wp:featuredmedia":[{"embeddable":true,"href":"https:\/\/www.europesays.com\/fr\/wp-json\/wp\/v2\/media\/485743"}],"wp:attachment":[{"href":"https:\/\/www.europesays.com\/fr\/wp-json\/wp\/v2\/media?parent=485742"}],"wp:term":[{"taxonomy":"category","embeddable":true,"href":"https:\/\/www.europesays.com\/fr\/wp-json\/wp\/v2\/categories?post=485742"},{"taxonomy":"post_tag","embeddable":true,"href":"https:\/\/www.europesays.com\/fr\/wp-json\/wp\/v2\/tags?post=485742"}],"curies":[{"name":"wp","href":"https:\/\/api.w.org\/{rel}","templated":true}]}}