{"id":485748,"date":"2025-10-24T02:29:16","date_gmt":"2025-10-24T02:29:16","guid":{"rendered":"https:\/\/www.europesays.com\/fr\/485748\/"},"modified":"2025-10-24T02:29:16","modified_gmt":"2025-10-24T02:29:16","slug":"lalpe-dhuez-plutot-deux-fois-quune","status":"publish","type":"post","link":"https:\/\/www.europesays.com\/fr\/485748\/","title":{"rendered":"l&rsquo;Alpe d&rsquo;Huez, plut\u00f4t deux fois qu&rsquo;une"},"content":{"rendered":"<p style=\"text-align:\">L&rsquo;Alpe d&rsquo;Huez, ascension mythique du Tour de France, accueillera deux arriv\u00e9es d&rsquo;\u00e9tape en 2026, dont celle terriblement difficile plac\u00e9e \u00e0 la veille du terminus \u00e0 Paris o\u00f9 la butte Montmartre sera une nouvelle fois au programme le 26 juillet.<\/p>\n<p><a href=\"https:\/\/lecourrier.vn\/tour-de-france-pogacar-vivement-la-fin\/1287563.html\" title=\"Tour de France : Pogacar, vivement la fin\" rel=\"nofollow noopener\" target=\"_blank\">&gt;&gt; Tour de France : Pogacar, vivement la fin<\/a><\/p>\n<p><a href=\"https:\/\/lecourrier.vn\/tour-de-france-alerte-sur-la-maigreur-des-coureuses-et-leur-sante\/1287961.html\" title=\"Tour de France : alerte sur la maigreur des coureuses et leur sant\u00e9\" rel=\"nofollow noopener\" target=\"_blank\">&gt;&gt; Tour de France : alerte sur la maigreur des coureuses et leur sant\u00e9<\/a><\/p>\n<p><a href=\"https:\/\/lecourrier.vn\/tour-de-france-le-phenomene-squiban-recidive-a-chambery\/1288010.html\" title=\"Tour de France : le ph\u00e9nom\u00e8ne Squiban r\u00e9cidive \u00e0 Chamb\u00e9ry\" rel=\"nofollow noopener\" target=\"_blank\">&gt;&gt; Tour de France : le ph\u00e9nom\u00e8ne Squiban r\u00e9cidive \u00e0 Chamb\u00e9ry<\/a><\/p>\n<tr>\n<td class=\"pic\"><img decoding=\"async\" class=\"lazyload\" src=\"https:\/\/www.europesays.com\/fr\/wp-content\/uploads\/2025\/10\/222705-field_media_image-2962957-7b21d8b08aaf2c45cb1934440b025ebef0d6ee20.webp.webp\" alt=\"\"\/><\/td>\n<\/tr>\n<tr>\n<td class=\"caption\">Le directeur du Tour de France Christian Prudhomme pr\u00e9sente le parcours de l&rsquo;\u00e9dition 2026, le 23 octobre 2025 \u00e0 Paris.<\/td>\n<\/tr>\n<tr align=\"right\">\n<td class=\"author\">Photo : AFP\/VNA\/CVN<\/td>\n<\/tr>\n<p style=\"text-align:left\">Chaque pr\u00e9sentation de la Grande Boucle a son \u00ab\u00a0effet waouh\u00a0\u00bb et jeudi 23 octobre il a fallu attendre les derniers instants au Palais des Congr\u00e8s de Paris pour d\u00e9couvrir le clou du spectacle de la 113e \u00e9dition qui s&rsquo;\u00e9lancera le 4 juillet de Barcelone.<\/p>\n<p style=\"text-align:left\">En 2026, l&rsquo;Alpe d&rsquo;Huez, la c\u00e9l\u00e8bre montagne des Hollandais qui se transforme en discoth\u00e8que \u00e0 ciel ouvert au passage des coureurs, sera au menu deux jours de suite lors des 19e et 20e \u00e9tapes.<\/p>\n<p style=\"text-align:left\">La premi\u00e8re vendredi au d\u00e9part de Gap se terminera par l&rsquo;ascension classique des 21 virages venimeux. Le lendemain, le peloton passera par le col de Sarenne, une premi\u00e8re dans le Tour, pour rallier la station is\u00e9roise (les quatre derniers km seront les m\u00eames) \u00e0 l&rsquo;issue d&rsquo;une \u00e9tape-reine d\u00e9mentielle (5.600 m de d\u00e9nivel\u00e9 positif !) empruntant aussi la Croix-de-Fer et le Galibier.<\/p>\n<p style=\"text-align:left\">\u00ab\u00a0J&rsquo;avais tr\u00e8s envie qu&rsquo;on arrive par le col de Sarenne mais on se disait qu&rsquo;on ne pouvait pas aller \u00e0 l&rsquo;Alpe d&rsquo;Huez sans passer par les 21 virages. Les gens ne le comprendraient pas. Le seul moyen \u00e9tait donc de le faire deux fois\u00a0\u00bb, explique Christian Prudhomme, le directeur du Tour, \u00e0 l&rsquo;AFP.<\/p>\n<p style=\"text-align:left\">Spectaculaire, le projet n&rsquo;est toutefois pas compl\u00e8tement in\u00e9dit puisqu&rsquo;il y avait d\u00e9j\u00e0 eu deux arriv\u00e9es deux jours de suite \u00e0 l&rsquo;Alpe d&rsquo;Huez en 1979. C&rsquo;\u00e9tait \u00e0 l&rsquo;\u00e9poque une d\u00e9cision prise \u00e0 la derni\u00e8re minute lorsque la station de Vars avait d\u00e9clar\u00e9 forfait, n&rsquo;ayant plus les moyens de loger les coureurs et la caravane.<\/p>\n<p style=\"text-align:left\"><b>Suspense<\/b><\/p>\n<p style=\"text-align:left\">Le Portugais Joaquim Agostinho, qui allait mourir quelques jours plus tard dans une chute sur une petite course au Portugal, avait gagn\u00e9 la premi\u00e8re, et le N\u00e9erlandais Joop Zoetemelk la deuxi\u00e8me, sans parvenir \u00e0 priver Bernard Hinault de son deuxi\u00e8me Tour de France.<\/p>\n<p style=\"text-align:left\">\u00ab\u00a0En 1979, les organisateurs s&rsquo;\u00e9taient repli\u00e9s sur l&rsquo;Alpe. Cette fois, c&rsquo;est compl\u00e8tement voulu et \u00e7a tombe 40 ans apr\u00e8s la victoire de Bernard Hinault main dans la main avec Greg LeMond\u00a0\u00bb, insiste Prudhomme qui esp\u00e8re entretenir le suspense jusqu&rsquo;au bout avec cette \u00ab\u00a0avant-derni\u00e8re \u00e9tape XXL\u00a0\u00bb.<\/p>\n<p style=\"text-align:left\">C&rsquo;est d&rsquo;ailleurs le sens de l&rsquo;architecture g\u00e9n\u00e9rale de l&rsquo;\u00e9dition 2026, pens\u00e9e pour \u00e9viter que Tadej Pogacar, en lice pour une cinqui\u00e8me victoire, ne plie le match trop vite.<\/p>\n<p style=\"text-align:left\">Apr\u00e8s deux premiers jours et demi en Espagne et un contre-la-montre par \u00e9quipes lors de la premi\u00e8re \u00e9tape \u00e0 Barcelone, le peloton aura ainsi droit \u00e0 une travers\u00e9e \u00ab\u00a0adoucie\u00a0\u00bb des Pyr\u00e9n\u00e9es. Les trois \u00e9tapes, dont celle in\u00e9dite arrivant dans le magnifique cirque de Gavarnie en passant par le Tourmalet, y sont davantage dessin\u00e9es pour des baroudeurs de la montagne que pour des purs grimpeurs.<\/p>\n<p style=\"text-align:left\">Le trac\u00e9 rejoindra ensuite Bordeaux avant d&rsquo;entamer une grande diagonale vers l&rsquo;est, en passant par le Massif Central pour une \u00e9tape de montagne tr\u00e8s attendue au Lioran le 14 juillet, et le Jura.<\/p>\n<p style=\"text-align:left\"><b>Montmartre, \u00ab\u00a0une \u00e9vidence\u00a0\u00bb<\/b><\/p>\n<p style=\"text-align:left\">Dans les Vosges, le Markstein, qu&rsquo;on ira chercher par le col in\u00e9dit et tout juste asphalt\u00e9 du Haag, proposera une autre \u00e9tape pour grimpeurs, tout comme celle arrivant au splendide plateau de Solaison, en Haute-Savoie, le dimanche 19 juillet.<\/p>\n<p style=\"text-align:left\">L&rsquo;accent mis sur les massifs interm\u00e9diaires et ses pentes tr\u00e8s raides \u00e0 d\u00e9faut d&rsquo;\u00eatre aussi longues que les cols des Alpes est une volont\u00e9 assum\u00e9e des organisateurs pour cr\u00e9er du spectacle.<\/p>\n<p style=\"text-align:left\">Le contre-la-montre de 26 km entre Evian-les-Bains et Thonon-les-Bains, au lendemain de la deuxi\u00e8me journ\u00e9e de repos, ne devrait pas bouleverser le classement g\u00e9n\u00e9ral.<\/p>\n<p style=\"text-align:left\">\u00ab\u00a0Le but est d&rsquo;aller crescendo et de garder le plus grand panel possible de coureurs dans le coup\u00a0\u00bb, souligne Prudhomme en citant des animateurs comme Ben Healy ou Kevin Vauquelin.<\/p>\n<p style=\"text-align:left\">Les \u00e9tapes sont souvent courtes et le cumul des ascensions raisonnable.<\/p>\n<p style=\"text-align:left\">Il y aura tout de m\u00eame pr\u00e8s de 55.000 m\u00e8tres de d\u00e9nivel\u00e9 au total, \u00ab\u00a0dans la fourchette haute\u00a0\u00bb, mais \u00ab\u00a0c&rsquo;est une montagne qui n&rsquo;a \u00e9t\u00e9 pouss\u00e9e \u00e0 l&rsquo;extr\u00eame qu&rsquo;\u00e0 la fin\u00a0\u00bb, avec trois arriv\u00e9es au sommet lors des quatre dernier jours, r\u00e9sume le directeur du Tour.<\/p>\n<p style=\"text-align:left\">\u00c0 Paris, le triple passage comme en 2025 par la butte Montmartre sonnait lui comme \u00ab\u00a0une \u00e9vidence\u00a0\u00bb pour le patron de la Grande Boucle, confort\u00e9 \u00e0 la fois par le spectacle offert et \u00ab\u00a0notre meilleur pic d&rsquo;audience de ces 25 derni\u00e8res ann\u00e9es\u00a0\u00bb avec plus de 9 millions de t\u00e9l\u00e9spectateurs.<\/p>\n<p style=\"text-align:left\">Reste \u00e0 tenir la promesse de plus de suspense. Car comme le dit le grimpeur fran\u00e7ais Valentin Paret-Peintre : \u00ab\u00a0que le Tour soit dur ou moins dur va peut-\u00eatre changer les minutes avec lesquelles il va gagner le Tour. Mais Pogacar reste dans tous les cas le grand favori\u00a0\u00bb.<\/p>\n<p style=\"text-align:right\"><b>AFP\/VNA\/CVN<\/b><\/p>\n","protected":false},"excerpt":{"rendered":"L&rsquo;Alpe d&rsquo;Huez, ascension mythique du Tour de France, accueillera deux arriv\u00e9es d&rsquo;\u00e9tape en 2026, dont celle terriblement difficile&hellip;\n","protected":false},"author":2,"featured_media":485749,"comment_status":"","ping_status":"","sticky":false,"template":"","format":"standard","meta":{"footnotes":""},"categories":[4],"tags":[11,60912,1011,27,12,25,210],"class_list":{"0":"post-485748","1":"post","2":"type-post","3":"status-publish","4":"format-standard","5":"has-post-thumbnail","7":"category-france","8":"tag-actualites","9":"tag-alpe-d","10":"tag-fr","11":"tag-france","12":"tag-news","13":"tag-republique-francaise","14":"tag-tour-de-france"},"share_on_mastodon":{"url":"https:\/\/pubeurope.com\/@fr\/115426792105520511","error":""},"_links":{"self":[{"href":"https:\/\/www.europesays.com\/fr\/wp-json\/wp\/v2\/posts\/485748","targetHints":{"allow":["GET"]}}],"collection":[{"href":"https:\/\/www.europesays.com\/fr\/wp-json\/wp\/v2\/posts"}],"about":[{"href":"https:\/\/www.europesays.com\/fr\/wp-json\/wp\/v2\/types\/post"}],"author":[{"embeddable":true,"href":"https:\/\/www.europesays.com\/fr\/wp-json\/wp\/v2\/users\/2"}],"replies":[{"embeddable":true,"href":"https:\/\/www.europesays.com\/fr\/wp-json\/wp\/v2\/comments?post=485748"}],"version-history":[{"count":0,"href":"https:\/\/www.europesays.com\/fr\/wp-json\/wp\/v2\/posts\/485748\/revisions"}],"wp:featuredmedia":[{"embeddable":true,"href":"https:\/\/www.europesays.com\/fr\/wp-json\/wp\/v2\/media\/485749"}],"wp:attachment":[{"href":"https:\/\/www.europesays.com\/fr\/wp-json\/wp\/v2\/media?parent=485748"}],"wp:term":[{"taxonomy":"category","embeddable":true,"href":"https:\/\/www.europesays.com\/fr\/wp-json\/wp\/v2\/categories?post=485748"},{"taxonomy":"post_tag","embeddable":true,"href":"https:\/\/www.europesays.com\/fr\/wp-json\/wp\/v2\/tags?post=485748"}],"curies":[{"name":"wp","href":"https:\/\/api.w.org\/{rel}","templated":true}]}}