{"id":485752,"date":"2025-10-24T02:33:20","date_gmt":"2025-10-24T02:33:20","guid":{"rendered":"https:\/\/www.europesays.com\/fr\/485752\/"},"modified":"2025-10-24T02:33:20","modified_gmt":"2025-10-24T02:33:20","slug":"solide-ugo-humbert-elimine-taylor-fritz-en-8e-de-finale-a-bale","status":"publish","type":"post","link":"https:\/\/www.europesays.com\/fr\/485752\/","title":{"rendered":"solide, Ugo Humbert \u00e9limine Taylor Fritz en 8e de finale \u00e0 B\u00e2le"},"content":{"rendered":"<p>\n    Ce jeudi, le Fran\u00e7ais Ugo Humbert a \u00e9limin\u00e9 le 4e mondial Taylor Fitz en huiti\u00e8mes de l\u2019ATP 500 de B\u00e2le.<\/p>\n<p class=\"fig-paragraph\">Le num\u00e9ro un fran\u00e7ais\u00a0<a href=\"http:\/\/www.lefigaro.fr\/sports\/tennis\/tennis-ugo-humbert-balaye-en-finale-a-stockholm-par-casper-ruud-20251019\" target=\"_blank\" data-fig-type=\"NewsFlash\" rel=\"noopener\" data-gtm-custom-categorie=\"navigation\" data-gtm-custom-action=\"crossclick\" data-gtm-custom-label=\"Contextuel\" data-gtm-event=\"customEventSPE\" data-fig-domain=\"LEFIGARO\">Ugo Humbert<\/a>\u00a0a r\u00e9alis\u00e9 une belle performance en \u00e9liminant l&rsquo;Am\u00e9ricain Taylor Fritz, 4e mondial, 6-3, 6-4, jeudi en huiti\u00e8mes de finale de l&rsquo;ATP 500 de B\u00e2le.<\/p>\n<p class=\"fig-paragraph\">Sans trembler sur ses mises en jeu, Humbert, 24e \u00e0 l&rsquo;ATP, s&rsquo;est empar\u00e9 du service de son adversaire au d\u00e9but de chacune des manches pour conclure en 1h19. Taylor Fritz, t\u00eate de s\u00e9rie N.1, est apparu quelque peu \u00e9mouss\u00e9. Au tour pr\u00e9c\u00e9dent, il avait bataill\u00e9 pendant 2h36 pour \u00e9liminer en trois sets le Mon\u00e9gasque\u00a0<a href=\"http:\/\/www.lefigaro.fr\/sports\/tennis\/tennis-valentin-vacherot-retour-sur-terre-a-bale-20251023\" target=\"_blank\" data-fig-type=\"NewsFlash\" rel=\"noopener\" data-gtm-custom-categorie=\"navigation\" data-gtm-custom-action=\"crossclick\" data-gtm-custom-label=\"Contextuel\" data-gtm-event=\"customEventSPE\" data-fig-domain=\"LEFIGARO\">Valentin Vacherot\u00a0<\/a>(39e), tout r\u00e9cent vainqueur surprise de l&rsquo;ATP 1000 de Shanghai.<\/p>\n<p>                                    <a class=\"fig-a11y-skip a11y-hidden\" href=\"#fig-a11y-skip-main-inarticle\"><br \/>\n        Passer la publicit\u00e9<br \/>\n    <\/a><\/p>\n<p class=\"fig-paragraph\">En quart de finale, Humbert sera oppos\u00e9 \u00e0 l&rsquo;Am\u00e9ricain Reilly Opelka (62e), issu des qualifications et qui a battu le N\u00e9erlandais Botic van De Zandschulp (82e) 7-6 (7\/5), 6-7 (9-7), 6-3. Le Fran\u00e7ais, finaliste dimanche du tournoi de Stockholm (ATP 250) o\u00f9 il a \u00e9t\u00e9 balay\u00e9 par le Norv\u00e9gien Casper Ruud, est en qu\u00eate d&rsquo;un deuxi\u00e8me titre en 2025 apr\u00e8s celui d\u00e9croch\u00e9 \u00e0 Marseille en f\u00e9vrier.<\/p>\n","protected":false},"excerpt":{"rendered":"Ce jeudi, le Fran\u00e7ais Ugo Humbert a \u00e9limin\u00e9 le 4e mondial Taylor Fitz en huiti\u00e8mes de l\u2019ATP 500&hellip;\n","protected":false},"author":2,"featured_media":485753,"comment_status":"","ping_status":"","sticky":false,"template":"","format":"standard","meta":{"footnotes":""},"categories":[1415],"tags":[4169,1011,27,60,1467,6602],"class_list":{"0":"post-485752","1":"post","2":"type-post","3":"status-publish","4":"format-standard","5":"has-post-thumbnail","7":"category-tennis","8":"tag-atp","9":"tag-fr","10":"tag-france","11":"tag-sports","12":"tag-tennis","13":"tag-ugo-humbert"},"share_on_mastodon":{"url":"https:\/\/pubeurope.com\/@fr\/115426807183311473","error":""},"_links":{"self":[{"href":"https:\/\/www.europesays.com\/fr\/wp-json\/wp\/v2\/posts\/485752","targetHints":{"allow":["GET"]}}],"collection":[{"href":"https:\/\/www.europesays.com\/fr\/wp-json\/wp\/v2\/posts"}],"about":[{"href":"https:\/\/www.europesays.com\/fr\/wp-json\/wp\/v2\/types\/post"}],"author":[{"embeddable":true,"href":"https:\/\/www.europesays.com\/fr\/wp-json\/wp\/v2\/users\/2"}],"replies":[{"embeddable":true,"href":"https:\/\/www.europesays.com\/fr\/wp-json\/wp\/v2\/comments?post=485752"}],"version-history":[{"count":0,"href":"https:\/\/www.europesays.com\/fr\/wp-json\/wp\/v2\/posts\/485752\/revisions"}],"wp:featuredmedia":[{"embeddable":true,"href":"https:\/\/www.europesays.com\/fr\/wp-json\/wp\/v2\/media\/485753"}],"wp:attachment":[{"href":"https:\/\/www.europesays.com\/fr\/wp-json\/wp\/v2\/media?parent=485752"}],"wp:term":[{"taxonomy":"category","embeddable":true,"href":"https:\/\/www.europesays.com\/fr\/wp-json\/wp\/v2\/categories?post=485752"},{"taxonomy":"post_tag","embeddable":true,"href":"https:\/\/www.europesays.com\/fr\/wp-json\/wp\/v2\/tags?post=485752"}],"curies":[{"name":"wp","href":"https:\/\/api.w.org\/{rel}","templated":true}]}}