{"id":485760,"date":"2025-10-24T02:38:10","date_gmt":"2025-10-24T02:38:10","guid":{"rendered":"https:\/\/www.europesays.com\/fr\/485760\/"},"modified":"2025-10-24T02:38:10","modified_gmt":"2025-10-24T02:38:10","slug":"lol-a-la-traine-dans-le-classement-des-meilleurs-clubs-formateurs","status":"publish","type":"post","link":"https:\/\/www.europesays.com\/fr\/485760\/","title":{"rendered":"L\u2019OL \u00e0 la traine dans le classement des meilleurs clubs formateurs"},"content":{"rendered":"<p itemprop=\"description\"><strong>L\u2019Academy de l\u2019OL a perdu de son prestige.<\/strong><\/p>\n<p>L\u2019Observatoire du football a publi\u00e9 son Top 100 des <a href=\"https:\/\/football-observatory.com\/WeeklyPost518\" target=\"_blank\" rel=\"noopener nofollow\">meilleurs clubs formateurs<\/a> pour l\u2019ann\u00e9e \u00e9coul\u00e9e. Trois centres de formation fran\u00e7ais figurent dans ce classement, domin\u00e9 par le Benfica Lisbonne, le FC Barcelone et River Plate.<\/p>\n<p>Le premier club fran\u00e7ais arrive \u00e0 la 19e place. Il s\u2019agit du PSG. L\u2019OL se classe de son c\u00f4t\u00e9 \u00e0 la 34e place, devant Rennes, 44e.\u00a0<\/p>\n<p>Parmi les crit\u00e8res retenus pour \u00e9tablir ce classement, le CIES a tenu compte du nombre de joueurs form\u00e9s, du niveau des clubs pour lesquels ils ont jou\u00e9 l\u2019ann\u00e9e derni\u00e8re et du nombre de minutes officielles jou\u00e9es.<\/p>\n<p>L\u2019OL compte ainsi 48 joueurs form\u00e9s au club en activit\u00e9, pour 2647 minutes jou\u00e9es l\u2019ann\u00e9e derni\u00e8re.<\/p>\n","protected":false},"excerpt":{"rendered":"L\u2019Academy de l\u2019OL a perdu de son prestige. L\u2019Observatoire du football a publi\u00e9 son Top 100 des meilleurs&hellip;\n","protected":false},"author":2,"featured_media":485761,"comment_status":"","ping_status":"","sticky":false,"template":"","format":"standard","meta":{"footnotes":""},"categories":[1410],"tags":[1111,11,2813,1109,1112,2257,63,1011,27,1922,1110,1114,2851,241,517,60],"class_list":{"0":"post-485760","1":"post","2":"type-post","3":"status-publish","4":"format-standard","5":"has-post-thumbnail","7":"category-football","8":"tag-actu","9":"tag-actualites","10":"tag-article","11":"tag-breves","12":"tag-depeches","13":"tag-foot","14":"tag-football","15":"tag-fr","16":"tag-france","17":"tag-info","18":"tag-informations","19":"tag-infos","20":"tag-lyonfoot","21":"tag-ol","22":"tag-sport","23":"tag-sports"},"share_on_mastodon":{"url":"https:\/\/pubeurope.com\/@fr\/115426826955831300","error":""},"_links":{"self":[{"href":"https:\/\/www.europesays.com\/fr\/wp-json\/wp\/v2\/posts\/485760","targetHints":{"allow":["GET"]}}],"collection":[{"href":"https:\/\/www.europesays.com\/fr\/wp-json\/wp\/v2\/posts"}],"about":[{"href":"https:\/\/www.europesays.com\/fr\/wp-json\/wp\/v2\/types\/post"}],"author":[{"embeddable":true,"href":"https:\/\/www.europesays.com\/fr\/wp-json\/wp\/v2\/users\/2"}],"replies":[{"embeddable":true,"href":"https:\/\/www.europesays.com\/fr\/wp-json\/wp\/v2\/comments?post=485760"}],"version-history":[{"count":0,"href":"https:\/\/www.europesays.com\/fr\/wp-json\/wp\/v2\/posts\/485760\/revisions"}],"wp:featuredmedia":[{"embeddable":true,"href":"https:\/\/www.europesays.com\/fr\/wp-json\/wp\/v2\/media\/485761"}],"wp:attachment":[{"href":"https:\/\/www.europesays.com\/fr\/wp-json\/wp\/v2\/media?parent=485760"}],"wp:term":[{"taxonomy":"category","embeddable":true,"href":"https:\/\/www.europesays.com\/fr\/wp-json\/wp\/v2\/categories?post=485760"},{"taxonomy":"post_tag","embeddable":true,"href":"https:\/\/www.europesays.com\/fr\/wp-json\/wp\/v2\/tags?post=485760"}],"curies":[{"name":"wp","href":"https:\/\/api.w.org\/{rel}","templated":true}]}}