{"id":485762,"date":"2025-10-24T02:39:14","date_gmt":"2025-10-24T02:39:14","guid":{"rendered":"https:\/\/www.europesays.com\/fr\/485762\/"},"modified":"2025-10-24T02:39:14","modified_gmt":"2025-10-24T02:39:14","slug":"ces-images-un-peu-dures-qui-ont-fait-vriller-julien-courbet-ne-me-montrez-pas-ca-ca-me-rend-fou","status":"publish","type":"post","link":"https:\/\/www.europesays.com\/fr\/485762\/","title":{"rendered":"ces \u00ab\u00a0images un peu dures\u00a0\u00bb qui ont fait vriller Julien Courbet, \u00ab\u00a0Ne me montrez pas \u00e7a, \u00e7a me rend fou !\u00a0\u00bb"},"content":{"rendered":"<p>Dans son \u00e9mission \u00c7a peut vous arriver, Julien Courbet<br \/>\nest habitu\u00e9 \u00e0 affronter des situations d\u00e9licates, des arnaques et<br \/>\ndes litiges qui poussent parfois les t\u00e9l\u00e9spectateurs \u00e0 bout. Mais<br \/>\nmercredi 22 octobre 2025, l\u2019animateur embl\u00e9matique de M6 a<br \/>\n\u00e9t\u00e9 <strong>confront\u00e9 \u00e0 des images vraiment choquantes<\/strong>. Et<br \/>\nselon le magazine <a href=\"https:\/\/www.femmeactuelle.fr\/actu\/news-actu\/ne-me-montrez-pas-ca-ca-me-rend-fou-julien-courbet-revolte-par-des-images-choquantes-dans-ca-peut-vous-arriver-2200019\" target=\"_blank\" rel=\"nofollow noopener\">Femme<br \/>\nActuelle<\/a>, elles l\u2019ont m\u00eame litt\u00e9ralement boulevers\u00e9.<\/p>\n<p>Julien courbet choqu\u00e9 par les images d\u2019un appartement<\/p>\n<p>Tout commence avec Mourad, un salari\u00e9 d\u2019une entreprise de<br \/>\nbricolage dans le M\u00e9doc, qui a lou\u00e9 son appartement \u00e0 une m\u00e8re de<br \/>\nfamille \u00e0 Macau, en Gironde. Apr\u00e8s plusieurs mois de location,<br \/>\n<strong>la locataire dispara\u00eet du jour au lendemain<\/strong>. Quand<br \/>\nle propri\u00e9taire p\u00e9n\u00e8tre dans son appartement apr\u00e8s le d\u00e9part<br \/>\npr\u00e9cipit\u00e9 de sa locataire, il d\u00e9couvre un spectacle d\u00e9solant. Le<br \/>\nlogement, compar\u00e9 \u00e0 \u00ab\u00a0une d\u00e9charge publique\u00a0\u00bb par <a href=\"https:\/\/www.mariefrance.fr\/news-people\/taxez-moi-sur-gros-salaire-julien-courbet-pousse-violent-coup-gueule-apres-proposition-injuste-macronistes-sur-heritage-francais-1212843.html\" target=\"_blank\" rel=\"noopener nofollow\">Julien Courbet<\/a>, est<br \/>\nm\u00e9connaissable. Des poubelles d\u00e9bordent, des rongeurs pullulent, et<br \/>\nune odeur naus\u00e9abonde s\u2019\u00e9chappe des pi\u00e8ces. Les voisins, alert\u00e9s<br \/>\npar cette situation, n\u2019ont pas h\u00e9sit\u00e9 \u00e0 signaler les nuisances.<\/p>\n<p>Mais ce qui a le plus marqu\u00e9 l\u2019animateur, ce sont les deux<br \/>\nchiens, abandonn\u00e9s dans un \u00e9tat de maigreur extr\u00eame. Pour Julien<br \/>\nCourbet, ma\u00eetre d\u2019une chienne pr\u00e9nomm\u00e9e Simone, ces images sont<br \/>\ninsupportables. \u00ab\u00a0C&rsquo;est d\u00e9gueulasse, je n\u2019avais jamais vu \u00e7a. Et<br \/>\nil y avait des enfants ! C\u2019est n\u2019importe quoi\u00a0\u00bb,<br \/>\ns\u2019indigne-t-il. La situation est d\u2019autant plus incompr\u00e9hensible que<br \/>\nMourad avait accept\u00e9 de louer son appartement \u00e0 cette femme, m\u00e8re<br \/>\nde quatre enfants, pensant lui rendre service. Mais au lieu de<br \/>\ntrouver un foyer propre et bien entretenu, <strong>il se retrouve<br \/>\navec un bien invendable<\/strong>, tant les d\u00e9g\u00e2ts sont<br \/>\nimportants.<\/p>\n<p><img loading=\"lazy\" decoding=\"async\" aria-describedby=\"caption-attachment-843902\" itemprop=\"thumbnailUrl\" class=\"size-full wp-image-843902 img-responsive\" src=\"https:\/\/www.europesays.com\/fr\/wp-content\/uploads\/2025\/10\/4-274.jpg\" alt=\"Julien Courbet \u00e7a peut vous arriver\" width=\"1200\" height=\"630\"\/> \u00a9 M6<\/p>\n<p id=\"caption-attachment-843902\" class=\"wp-caption-text\">Julien<br \/>\nCourbet a \u00e9t\u00e9 horrifi\u00e9 par ces images.<\/p>\n<p>L\u2019incompr\u00e9hension de Julien Courbet<\/p>\n<p>Ce qui a particuli\u00e8rement r\u00e9volt\u00e9 <a href=\"https:\/\/www.mariefrance.fr\/tele\/8000-euros-arnaques-julien-courbet-choc-ancien-footballeur-tete-escroquerie-revelee-emission-1196354.html\" target=\"_blank\" rel=\"noopener nofollow\">Julien Courbet<\/a>, c\u2019est la<br \/>\npr\u00e9sence d\u2019enfants dans cet environnement insalubre. Comment une<br \/>\nm\u00e8re de famille a-t-elle pu laisser ses enfants vivre dans de<br \/>\ntelles conditions ? Pour l\u2019animateur, cette affaire est bien plus<br \/>\nqu\u2019un simple litige locatif : <strong>c\u2019est une question de dignit\u00e9<br \/>\nhumaine<\/strong>. \u00ab\u00a0C&rsquo;est terrible ce qu\u2019on est en train de<br \/>\nraconter\u00a0\u00bb, confie-t-il, visiblement marqu\u00e9 par ce qu\u2019il a vu.<br \/>\nMourad, de son c\u00f4t\u00e9, a d\u00fb suspendre la vente de son appartement,<br \/>\ntant les d\u00e9g\u00e2ts \u00e9taient importants. Mais gr\u00e2ce \u00e0 l\u2019\u00e9mission, il a<br \/>\npu trouver une solution pour nettoyer et r\u00e9nover son bien.<\/p>\n<p>Pourtant, une question reste en suspens : o\u00f9 est pass\u00e9e la<br \/>\nlocataire ? Pourquoi a-t-elle abandonn\u00e9 son logement dans un tel<br \/>\n\u00e9tat, sans se soucier des cons\u00e9quences pour ses enfants, ses<br \/>\nanimaux, ou m\u00eame pour le propri\u00e9taire ? Julien Courbet, lui, n\u2019a<br \/>\npas de r\u00e9ponse. Mais une chose est s\u00fbre : <strong>cette affaire a<br \/>\nmarqu\u00e9 un moment fort dans son \u00e9mission<\/strong>, rappelant que<br \/>\nparfois, la r\u00e9alit\u00e9 d\u00e9passe l\u2019entendement.<\/p>\n<p><img loading=\"lazy\" decoding=\"async\" aria-describedby=\"caption-attachment-843904\" class=\"size-full wp-image-843904 img-responsive\" src=\"https:\/\/www.europesays.com\/fr\/wp-content\/uploads\/2025\/10\/6-196.jpg\" alt=\"Julien Courbet\u00a0\" width=\"1200\" height=\"630\"\/><br \/>\n\u00a9<br \/>\nM6<\/p>\n<p id=\"caption-attachment-843904\" class=\"wp-caption-text\">Pour<br \/>\nJulien Courbet, cette situation d\u00e9passe l&rsquo;entendement.<\/p>\n<p>Quand la r\u00e9alit\u00e9 d\u00e9passe la fiction<br \/>\nchez Julien Courbet<\/p>\n<p>Cette histoire, aussi incroyable qu\u2019elle puisse para\u00eetre, montre<br \/>\n\u00e0 quel point Julien Courbet et son \u00e9quipe sont souvent confront\u00e9s \u00e0<br \/>\n<strong>des situations qui d\u00e9fient l\u2019imagination<\/strong>. Entre<br \/>\nles arnaques, les litiges et les cas de maltraitance, l\u2019\u00e9mission<br \/>\n\u00c7a peut vous arriver est devenue un refuge pour ceux qui<br \/>\nn\u2019ont plus personne vers qui se tourner. Mais cette fois, c\u2019est<br \/>\nl\u2019animateur lui-m\u00eame qui a \u00e9t\u00e9 profond\u00e9ment touch\u00e9 par ce qu\u2019il a<br \/>\nvu. \u00ab\u00a0Ne me montrez pas \u00e7a, \u00e7a me rend fou !\u00a0\u00bb : cette<br \/>\nphrase, prononc\u00e9e en direct, r\u00e9sume toute l\u2019\u00e9motion et<br \/>\nl\u2019incompr\u00e9hension de <a href=\"https:\/\/www.mariefrance.fr\/news-people\/julien-courbet-ose-blague-sur-fellation-mimee-patrick-sebastien-cap-dagde-et-fait-reagir-excellent-1191986.html\" target=\"_blank\" rel=\"noopener nofollow\">Julien Courbet<\/a> face \u00e0 une<br \/>\nsituation aussi extr\u00eame.<\/p>\n<blockquote class=\"twitter-tweet\"><p><a class=\"twitter-link\" rel=\"noindex, nofollow noopener\" href=\"https:\/\/twitter.com\/mariefrancemag\/status\/1976712041655070861\" target=\"_blank\"><\/p><\/blockquote>\n<p>Pour Mourad, l&rsquo;\u00e9mission derri\u00e8re cette \u00e9preuve a \u00e9t\u00e9<br \/>\n<strong>l\u2019occasion de trouver une solution<\/strong>, mais pour<br \/>\nJulien Courbet, elle soul\u00e8ve une question bien plus large : comment<br \/>\nen arrive-t-on l\u00e0 ? Comment une m\u00e8re de famille peut-elle laisser<br \/>\nson logement et ses enfants dans un tel \u00e9tat de d\u00e9gradation ? Une<br \/>\naffaire qui, sans doute, restera grav\u00e9e dans les m\u00e9moires des<br \/>\nt\u00e9l\u00e9spectateurs.<\/p>\n<p><script async src=\"https:\/\/platform.twitter.com\/widgets.js\" charset=\"utf-8\"><\/script><\/p>\n","protected":false},"excerpt":{"rendered":"Dans son \u00e9mission \u00c7a peut vous arriver, Julien Courbet est habitu\u00e9 \u00e0 affronter des situations d\u00e9licates, des arnaques&hellip;\n","protected":false},"author":2,"featured_media":485763,"comment_status":"","ping_status":"","sticky":false,"template":"","format":"standard","meta":{"footnotes":""},"categories":[1359],"tags":[21303,58,59,1011,27,973],"class_list":{"0":"post-485762","1":"post","2":"type-post","3":"status-publish","4":"format-standard","5":"has-post-thumbnail","7":"category-people","8":"tag-buzz_nonli","9":"tag-divertissement","10":"tag-entertainment","11":"tag-fr","12":"tag-france","13":"tag-people"},"share_on_mastodon":{"url":"https:\/\/pubeurope.com\/@fr\/115426831306904725","error":""},"_links":{"self":[{"href":"https:\/\/www.europesays.com\/fr\/wp-json\/wp\/v2\/posts\/485762","targetHints":{"allow":["GET"]}}],"collection":[{"href":"https:\/\/www.europesays.com\/fr\/wp-json\/wp\/v2\/posts"}],"about":[{"href":"https:\/\/www.europesays.com\/fr\/wp-json\/wp\/v2\/types\/post"}],"author":[{"embeddable":true,"href":"https:\/\/www.europesays.com\/fr\/wp-json\/wp\/v2\/users\/2"}],"replies":[{"embeddable":true,"href":"https:\/\/www.europesays.com\/fr\/wp-json\/wp\/v2\/comments?post=485762"}],"version-history":[{"count":0,"href":"https:\/\/www.europesays.com\/fr\/wp-json\/wp\/v2\/posts\/485762\/revisions"}],"wp:featuredmedia":[{"embeddable":true,"href":"https:\/\/www.europesays.com\/fr\/wp-json\/wp\/v2\/media\/485763"}],"wp:attachment":[{"href":"https:\/\/www.europesays.com\/fr\/wp-json\/wp\/v2\/media?parent=485762"}],"wp:term":[{"taxonomy":"category","embeddable":true,"href":"https:\/\/www.europesays.com\/fr\/wp-json\/wp\/v2\/categories?post=485762"},{"taxonomy":"post_tag","embeddable":true,"href":"https:\/\/www.europesays.com\/fr\/wp-json\/wp\/v2\/tags?post=485762"}],"curies":[{"name":"wp","href":"https:\/\/api.w.org\/{rel}","templated":true}]}}