{"id":485766,"date":"2025-10-24T02:41:15","date_gmt":"2025-10-24T02:41:15","guid":{"rendered":"https:\/\/www.europesays.com\/fr\/485766\/"},"modified":"2025-10-24T02:41:15","modified_gmt":"2025-10-24T02:41:15","slug":"bande-dessinee-les-poids-lourds-de-lautomne-2025","status":"publish","type":"post","link":"https:\/\/www.europesays.com\/fr\/485766\/","title":{"rendered":"Bande dessin\u00e9e : les poids lourds de l&rsquo;automne 2025"},"content":{"rendered":"<p>Du 22\u00a0novembre au 19\u00a0avril 2026, le mus\u00e9e de Grenoble organise la r\u00e9trospective \u00c9pop\u00e9es graphiques. Elle retrace l&rsquo;histoire du 9e art depuis le xxe si\u00e8cle en pr\u00e9sentant plus de 400\u00a0planches de 200\u00a0artistes europ\u00e9ens, am\u00e9ricains et japonais. Quoi de mieux pour cl\u00f4turer une ann\u00e9e plac\u00e9e sous le signe de la bande dessin\u00e9e\u00a0? Alors qu&rsquo;Ast\u00e9rix en Lusitanie de <strong>Fabcaro<\/strong> et <strong>Didier Conrad<\/strong> (Albert Ren\u00e9, 23\u00a0octobre), <a href=\"https:\/\/www.livreshebdo.fr\/article\/asterix-en-lusitanie-pret-envahir-les-librairies\" target=\"_blank\" rel=\"noopener\">tir\u00e9 \u00e0 2 millions d&rsquo;exemplaires en France<\/a>, va tr\u00e8s probablement chambouler les meilleures ventes, d&rsquo;autres poids lourds entendent s\u00e9duire lecteurs et lectrices.<\/p>\n<p>L&rsquo;historien <strong>Yuval Noah Harari<\/strong>, le sc\u00e9nariste <strong>David Vandermeulen<\/strong> et le dessinateur <strong>Daniel Casanave<\/strong> poursuivent leur \u00ab\u00a0br\u00e8ve histoire de l&rsquo;humanit\u00e9\u00a0\u00bb avec le quatri\u00e8me volume de Sapiens, La r\u00e9volution scientifique (Albin Michel, 5\u00a0nov.). Ph\u00e9nom\u00e8ne d&rsquo;\u00e9dition, les trois tomes pr\u00e9c\u00e9dents se sont \u00e9coul\u00e9s \u00e0 pr\u00e8s de 500\u00a0000 exemplaires, selon les donn\u00e9es GFK. Avec Le sang du roi (Casterman, 12\u00a0nov.), <strong>Xavier Dorison<\/strong> et <strong>F\u00e9lix Delep<\/strong> publient le quatri\u00e8me et dernier volume du Ch\u00e2teau des animaux. Cette s\u00e9rie inspir\u00e9e de La ferme des animaux de <strong>George Orwell<\/strong> s&rsquo;est vendue \u00e0 plus de 350\u00a0000\u00a0exemplaires, selon GFK.<\/p>\n<p>Garfield, Lucky Luke, Spirou&#8230;<\/p>\n<p><strong>Patrick Sobral<\/strong> et <strong>Lowenael<\/strong> continuent Les L\u00e9gendaires. Les chroniques de Darkhell avec le sixi\u00e8me volume L&rsquo;escadron Ravage (Delcourt, 13\u00a0nov.). <strong>Fanny Soubiran<\/strong> traduit Un chat qui a du chien (Dargaud, 14\u00a0nov.), le 80e volume des aventures du c\u00e9l\u00e8bre Garfield de <strong>Jim Davis<\/strong>. Dupuis \u00e9dite le septi\u00e8me volume de Lucky Luke\u00a0: l&rsquo;int\u00e9grale de <strong>Ren\u00e9 Goscinny<\/strong> et <strong>Morris (<\/strong>15\u00a0nov.) et r\u00e9unit le 21\u00a0novembre les premiers r\u00e9cits consacr\u00e9s \u00e0 Spirou par <strong>Andr\u00e9 Franquin<\/strong> dans Spirou et Fantasio\u00a0: l&rsquo;int\u00e9grale, vol. 1. 1946-1950.\u00a0L&rsquo;\u00e9diteur publie \u00e9galement le 7\u00a0novembre le 25e tome de Largo Winch avec <strong>J\u00e9r\u00e9mie Guez<\/strong> comme nouveau sc\u00e9nariste aux c\u00f4t\u00e9s de l&rsquo;illustrateur historique <strong>Philippe Francq<\/strong>.\u00a0<a href=\"https:\/\/www.livreshebdo.fr\/article\/le-25e-tome-de-largo-winch-plus-gros-tirage-de-lannee-pour-dupuis\" target=\"_blank\" rel=\"noopener\">L&rsquo;album b\u00e9n\u00e9ficie d&rsquo;un tirage de 200\u00a0000 exemplaires<\/a>.<\/p>\n<p><strong>Didier Alcante<\/strong> et <strong>Steven Dupr\u00e9<\/strong> continuent leur lecture graphique des Piliers de la terre de <strong>Ken Follett<\/strong> (disponible dans le catalogue de Robert Laffont, traduit par <strong>Jean Rosenthal<\/strong>) avec le troisi\u00e8me volume Le chantier de l&rsquo;espoir (Gl\u00e9nat, 19\u00a0nov.).<\/p>\n<p><strong>Luc Parthoens<\/strong>, <strong>Thierry Culliford<\/strong> et <strong>Laurent Cagniat<\/strong> s&rsquo;int\u00e9ressent \u00e0 L&rsquo;\u00e9trange Sortil\u00e8ge de T\u00e9n\u00e9f\u00e9e Falibula dans le huiti\u00e8me volume des Schtroumpfs et le village des filles (Le Lombard, 21\u00a0nov.). <strong>Yves Sente<\/strong> et <strong>Peter van Dongen<\/strong> continuent de donner vie aux personnages d&rsquo;<strong>Edgar P. Jacobs<\/strong> avec le 31e\u00a0volume des Aventures de Blake et Mortimer\u00a0: La menace atlante (Blake et Mortimer, 21\u00a0nov.). Dargaud propose l&rsquo;int\u00e9grale de Blast en deux volumes le 21\u00a0novembre. La s\u00e9rie de quatre volumes de <strong>Manu Larcenet<\/strong> publi\u00e9e entre\u00a02009 et\u00a02014 s&rsquo;est \u00e9coul\u00e9e \u00e0 plus de 420\u00a0000 exemplaires, selon les estimations GFK.<\/p>\n","protected":false},"excerpt":{"rendered":"Du 22\u00a0novembre au 19\u00a0avril 2026, le mus\u00e9e de Grenoble organise la r\u00e9trospective \u00c9pop\u00e9es graphiques. Elle retrace l&rsquo;histoire du&hellip;\n","protected":false},"author":2,"featured_media":485767,"comment_status":"","ping_status":"","sticky":false,"template":"","format":"standard","meta":{"footnotes":""},"categories":[1357],"tags":[1379,58,59,1011,27,1380],"class_list":{"0":"post-485766","1":"post","2":"type-post","3":"status-publish","4":"format-standard","5":"has-post-thumbnail","7":"category-livres","8":"tag-books","9":"tag-divertissement","10":"tag-entertainment","11":"tag-fr","12":"tag-france","13":"tag-livres"},"share_on_mastodon":{"url":"https:\/\/pubeurope.com\/@fr\/115426838859321104","error":""},"_links":{"self":[{"href":"https:\/\/www.europesays.com\/fr\/wp-json\/wp\/v2\/posts\/485766","targetHints":{"allow":["GET"]}}],"collection":[{"href":"https:\/\/www.europesays.com\/fr\/wp-json\/wp\/v2\/posts"}],"about":[{"href":"https:\/\/www.europesays.com\/fr\/wp-json\/wp\/v2\/types\/post"}],"author":[{"embeddable":true,"href":"https:\/\/www.europesays.com\/fr\/wp-json\/wp\/v2\/users\/2"}],"replies":[{"embeddable":true,"href":"https:\/\/www.europesays.com\/fr\/wp-json\/wp\/v2\/comments?post=485766"}],"version-history":[{"count":0,"href":"https:\/\/www.europesays.com\/fr\/wp-json\/wp\/v2\/posts\/485766\/revisions"}],"wp:featuredmedia":[{"embeddable":true,"href":"https:\/\/www.europesays.com\/fr\/wp-json\/wp\/v2\/media\/485767"}],"wp:attachment":[{"href":"https:\/\/www.europesays.com\/fr\/wp-json\/wp\/v2\/media?parent=485766"}],"wp:term":[{"taxonomy":"category","embeddable":true,"href":"https:\/\/www.europesays.com\/fr\/wp-json\/wp\/v2\/categories?post=485766"},{"taxonomy":"post_tag","embeddable":true,"href":"https:\/\/www.europesays.com\/fr\/wp-json\/wp\/v2\/tags?post=485766"}],"curies":[{"name":"wp","href":"https:\/\/api.w.org\/{rel}","templated":true}]}}