{"id":485770,"date":"2025-10-24T02:43:17","date_gmt":"2025-10-24T02:43:17","guid":{"rendered":"https:\/\/www.europesays.com\/fr\/485770\/"},"modified":"2025-10-24T02:43:17","modified_gmt":"2025-10-24T02:43:17","slug":"people-la-chanteuse-lizzo-poursuivie-pour-plagiat-apres-setre-moquee-de-lactrice-sydney-sweeney","status":"publish","type":"post","link":"https:\/\/www.europesays.com\/fr\/485770\/","title":{"rendered":"People. La chanteuse Lizzo poursuivie pour plagiat apr\u00e8s s&rsquo;\u00eatre moqu\u00e9e de l&rsquo;actrice Sydney Sweeney"},"content":{"rendered":"<p>Sa parodie n&rsquo;a pas plu \u00e0 tout le monde. La chanteuse am\u00e9ricaine Lizzo, qui avait r\u00e9alis\u00e9 une chanson non publi\u00e9e, mais devenue virale en raison d&rsquo;une r\u00e9f\u00e9rence \u00e0 Sydney Sweeney, est poursuivie devant un tribunal californien. L&rsquo;extrait en question, publi\u00e9 sur les r\u00e9seaux sociaux cet \u00e9t\u00e9, montre l&rsquo;artiste en train de laver une voiture, v\u00eatue d&rsquo;une veste et d&rsquo;un mini-short en jeans, avec les paroles \u00ab\u00a0I got good jeans like I&rsquo;m Sydney\u00a0\u00bb (J&rsquo;ai de bons jeans comme Sydney). Il s&rsquo;agissait d&rsquo;un clin d&rsquo;\u0153il \u00e0 <a href=\"https:\/\/www.ledauphine.com\/societe\/2025\/07\/30\/pourquoi-la-campagne-des-jeans-american-eagle-avec-l-actrice-sydney-sweeney-cree-la-polemique\" target=\"_blank\" rel=\"nofollow noopener\">une r\u00e9cente publicit\u00e9 pol\u00e9mique de l&rsquo;actrice<\/a> pour la marque de jeans American Eagle.<\/p>\n<p>La campagne de Sydney Sweeney avait \u00e9t\u00e9 assimil\u00e9e cet \u00e9t\u00e9 \u00e0 de la propagande eug\u00e9niste par certains, car son slogan \u00ab\u00a0Sydney has great jeans\u00a0\u00bb (\u00ab\u00a0Sydney a des jeans formidables\u00a0\u00bb), jouait sur l&rsquo;ambigu\u00eft\u00e9 entre \u00ab\u00a0jeans\u00a0\u00bb et \u00ab\u00a0g\u00e8nes\u00a0\u00bb, deux mots qui se prononcent de la m\u00eame mani\u00e8re en anglais. La com\u00e9dienne blonde aux yeux bleus, connue pour ses r\u00f4les dans les s\u00e9ries The White Lotus et Euphoria, s&rsquo;y pavanait notamment en denim et collait une affiche o\u00f9 le mot \u00ab\u00a0g\u00e8nes\u00a0\u00bb \u00e9tait barr\u00e9 et remplac\u00e9 par \u00ab\u00a0jeans\u00a0\u00bb.\u00a0<\/p>\n<p>Ce contenu est bloqu\u00e9 car vous n&rsquo;avez pas accept\u00e9 les cookies et autres traceurs.<\/p>\n<p>En cliquant sur \u00ab J\u2019accepte \u00bb, les cookies et autres traceurs seront d\u00e9pos\u00e9s et vous pourrez visualiser les contenus  (<a href=\"\" class=\"consentModule_policy\" target=\"_blank\" title=\"Consulter la politique de protection des donn\u00e9es du fournisseur\">plus d&rsquo;informations<\/a>).<\/p>\n<p>En cliquant sur \u00ab J\u2019accepte tous les cookies \u00bb, vous autorisez des d\u00e9p\u00f4ts de cookies et autres traceurs pour le stockage de vos donn\u00e9es sur nos sites et applications \u00e0 des fins de personnalisation et de ciblage publicitaire.<\/p>\n<p class=\"consentModule_secondaryText\">Vous gardez la possibilit\u00e9 de retirer votre consentement \u00e0 tout moment en consultant notre <a href=\"https:\/\/www.ledauphine.com\/protection-des-donnees\" target=\"_blank\" title=\"Consulter notre politique de protection des donn\u00e9es\" rel=\"nofollow noopener\">politique de protection des donn\u00e9es<\/a>. <br \/>&#13;<br \/>\n            <a href=\"https:\/\/www.ledauphine.com\/societe\/2025\/10\/23\/javascript:Didomi.notice.show()\" class=\"consentModule_cmp\" rel=\"nofollow noopener\" target=\"_blank\">G\u00e9rer mes choix<\/a>&#13;\n        <\/p>\n<p>&#13;<br \/>\n                        J&rsquo;accepte&#13;<br \/>\n            J&rsquo;accepte tous les cookies&#13;\n        <\/p>\n<p>  La chanteuse est \u00ab\u00a0surprise\u00a0\u00bb<\/p>\n<p>Mais ce que reprochent aujourd&rsquo;hui les avocats de l&rsquo;entreprise musicale GRC Trust \u00e0 Lizzo, c&rsquo;est d&rsquo;avoir utilis\u00e9 dans son clip la musique de Win or Lose (We Tried), une ballade soul des ann\u00e9es 1970 du groupe am\u00e9ricain Windy Cityn, sans autorisation. La vid\u00e9o de Lizzo, depuis supprim\u00e9e de son compte Instragram, n&rsquo;a jamais d\u00e9bouch\u00e9 sur la commercialisation d&rsquo;une chanson.<\/p>\n<p>GRC Trust, qui d\u00e9tient les droits du titre, r\u00e9clame une indemnisation \u00e0 Lizzo parce qu&rsquo;elle \u00ab\u00a0a obtenu des b\u00e9n\u00e9fices qu&rsquo;elle n&rsquo;aurait pas r\u00e9alis\u00e9s sans cette atteinte\u00a0\u00bb au droit d&rsquo;auteur. Dans leur plainte, d\u00e9pos\u00e9e mardi, les avocats affirment avoir tent\u00e9 de parvenir \u00e0 un accord informel avec l&rsquo;\u00e9quipe de Lizzo, \u00ab\u00a0mais ont atteint une impasse\u00a0\u00bb, les poussant \u00e0 engager des poursuites.<\/p>\n<p>La plainte demande \u00e0 la justice d&#8217;emp\u00eacher la distribution de la chanson de Lizzo et une somme \u00e9quivalente aux profits r\u00e9alis\u00e9s par la chanteuse, \u00ab\u00a0plus toutes les pertes de GRC\u00a0\u00bb. Lizzo est \u00ab\u00a0surprise\u00a0\u00bb par cette plainte, selon une porte-parole. \u00ab\u00a0Pour \u00eatre clair, la chanson n&rsquo;a jamais \u00e9t\u00e9 commercialis\u00e9e ou mon\u00e9tis\u00e9e, et aucune d\u00e9cision n&rsquo;a \u00e9t\u00e9 prise \u00e0 ce jour concernant une \u00e9ventuelle sortie commerciale future de la chanson\u00a0\u00bb, a pr\u00e9cis\u00e9 cette repr\u00e9sentante.<\/p>\n","protected":false},"excerpt":{"rendered":"Sa parodie n&rsquo;a pas plu \u00e0 tout le monde. La chanteuse am\u00e9ricaine Lizzo, qui avait r\u00e9alis\u00e9 une chanson&hellip;\n","protected":false},"author":2,"featured_media":485771,"comment_status":"","ping_status":"","sticky":false,"template":"","format":"standard","meta":{"footnotes":""},"categories":[1355],"tags":[1687,58,59,107,1011,27,329,1361,873,973],"class_list":{"0":"post-485770","1":"post","2":"type-post","3":"status-publish","4":"format-standard","5":"has-post-thumbnail","7":"category-musique","8":"tag-culture-loisirs","9":"tag-divertissement","10":"tag-entertainment","11":"tag-fil-info","12":"tag-fr","13":"tag-france","14":"tag-france-monde","15":"tag-music","16":"tag-musique","17":"tag-people"},"share_on_mastodon":{"url":"https:\/\/pubeurope.com\/@fr\/115426846527234384","error":""},"_links":{"self":[{"href":"https:\/\/www.europesays.com\/fr\/wp-json\/wp\/v2\/posts\/485770","targetHints":{"allow":["GET"]}}],"collection":[{"href":"https:\/\/www.europesays.com\/fr\/wp-json\/wp\/v2\/posts"}],"about":[{"href":"https:\/\/www.europesays.com\/fr\/wp-json\/wp\/v2\/types\/post"}],"author":[{"embeddable":true,"href":"https:\/\/www.europesays.com\/fr\/wp-json\/wp\/v2\/users\/2"}],"replies":[{"embeddable":true,"href":"https:\/\/www.europesays.com\/fr\/wp-json\/wp\/v2\/comments?post=485770"}],"version-history":[{"count":0,"href":"https:\/\/www.europesays.com\/fr\/wp-json\/wp\/v2\/posts\/485770\/revisions"}],"wp:featuredmedia":[{"embeddable":true,"href":"https:\/\/www.europesays.com\/fr\/wp-json\/wp\/v2\/media\/485771"}],"wp:attachment":[{"href":"https:\/\/www.europesays.com\/fr\/wp-json\/wp\/v2\/media?parent=485770"}],"wp:term":[{"taxonomy":"category","embeddable":true,"href":"https:\/\/www.europesays.com\/fr\/wp-json\/wp\/v2\/categories?post=485770"},{"taxonomy":"post_tag","embeddable":true,"href":"https:\/\/www.europesays.com\/fr\/wp-json\/wp\/v2\/tags?post=485770"}],"curies":[{"name":"wp","href":"https:\/\/api.w.org\/{rel}","templated":true}]}}