{"id":485772,"date":"2025-10-24T02:44:27","date_gmt":"2025-10-24T02:44:27","guid":{"rendered":"https:\/\/www.europesays.com\/fr\/485772\/"},"modified":"2025-10-24T02:44:27","modified_gmt":"2025-10-24T02:44:27","slug":"pres-de-paimpol-un-film-pour-se-souvenir-de-la-marine-marchande-des-annees-50","status":"publish","type":"post","link":"https:\/\/www.europesays.com\/fr\/485772\/","title":{"rendered":"pr\u00e8s de Paimpol, un film pour se souvenir de la marine marchande des ann\u00e9es 50"},"content":{"rendered":"<p>            Par<br \/>\n        <strong><br \/>\n            <a href=\"https:\/\/actu.fr\/auteur\/annick-guillemot\" title=\"Consulter tous les articles de Annick Guillemot\" target=\"_blank\" rel=\"noopener\">Annick Guillemot<\/a><br \/>\n        <\/strong><\/p>\n<p>        Publi\u00e9 le<\/p>\n<p>            23 oct. 2025 \u00e0 12h41        <\/p>\n<p>La projection du film de Thierry Compain De l\u2019autre c\u00f4t\u00e9 de l\u2019eau raconte la <b>Marine Marchande<\/b> au temps des 30 Glorieuses. Des t\u00e9moins locaux, anciens marins du Tr\u00e9gor-Go\u00eblo, seront pr\u00e9sents pour raconter ce jeudi 23\u00a0octobre, \u00e0 20\u2009h\u200930, au <a href=\"https:\/\/actu.fr\/bretagne\/lanmodez_22111\/le-relais-de-lanmodez-un-cafe-epicerie-associatif-tres-populaire_59899748.html\" target=\"_blank\" rel=\"noopener\">Relais de Lanmodez<\/a> (C\u00f4tes-d\u2019Armor).<\/p>\n<p class=\" wall-content\">Thierry Compain est l\u2019auteur d\u2019une vingtaine de documentaires diffus\u00e9s sur France 3, Arte ou Plan\u00e8te.<\/p>\n<p>Une histoire d\u2019hommes et de femmes<\/p>\n<p class=\" wall-content\">Derri\u00e8re le clich\u00e9 du d\u00e9part du marin qui, dans les ann\u00e9es 50, part bourlinguer \u00e0 travers le monde sur un air de tango argentin, l\u2019histoire de la Marine Marchande est avant tout une histoire d\u2019hommes, de femmes et d\u2019enfants, de <b>s\u00e9parations difficiles<\/b>, d\u2019absences douloureuses du mari et p\u00e8re qui revient quelquefois comme un \u00e9tranger, mais aussi de <b>retours gais<\/b> et de bonheurs furtifs, compt\u00e9s.<\/p>\n<p class=\" wall-content\">Des vies qui ont souvent \u00e9t\u00e9 manqu\u00e9es, g\u00e2ch\u00e9es parfois, remplies de solitude quand l\u2019autre est loin, \u00ab\u2009De l\u2019autre c\u00f4t\u00e9 de l\u2019eau\u2009\u00bb.<\/p>\n<p class=\" wall-content\">Ce film de 61\u00a0minutes a re\u00e7u<b> plusieurs distinctions<\/b> (Festival de Groix, Douarnenez, prix des t\u00e9l\u00e9visions europ\u00e9ennes\u2026).<\/p>\n<p>Vid\u00e9os : en ce moment sur Actu<\/p>\n<p>Jeudi 23\u00a0octobre projection au Relais de Lanmodez \u00e0 20\u2009h\u200930. Participation libre.<\/p>\n<p class=\" wall-content\">Personnalisez votre actualit\u00e9 en ajoutant vos villes et m\u00e9dias en favori avec <a href=\"https:\/\/moncompte.actu.fr\" title=\"D\u00e9couvez Mon Actu\" rel=\"nofollow noopener\" data-trk=\"{&quot;cta&quot;:{&quot;action&quot;:&quot;https:\\\/\\\/moncompte.actu.fr&quot;,&quot;category&quot;:&quot;mon compte&quot;,&quot;from&quot;:&quot;article footer&quot;,&quot;name&quot;:&quot;Mon actu&quot;,&quot;type&quot;:&quot;cta&quot;}}\" target=\"_blank\">Mon Actu<\/a>.<\/p>\n","protected":false},"excerpt":{"rendered":"Par Annick Guillemot Publi\u00e9 le 23 oct. 2025 \u00e0 12h41 La projection du film de Thierry Compain De&hellip;\n","protected":false},"author":2,"featured_media":485773,"comment_status":"","ping_status":"","sticky":false,"template":"","format":"standard","meta":{"footnotes":""},"categories":[1354],"tags":[9439,650,58,59,1346,1011,27,1652,6127,1360],"class_list":{"0":"post-485772","1":"post","2":"type-post","3":"status-publish","4":"format-standard","5":"has-post-thumbnail","7":"category-films","8":"tag-bretagne-nord","9":"tag-cinema","10":"tag-divertissement","11":"tag-entertainment","12":"tag-films","13":"tag-fr","14":"tag-france","15":"tag-loisirs-culture","16":"tag-mer","17":"tag-movies"},"share_on_mastodon":{"url":"https:\/\/pubeurope.com\/@fr\/115426850549971935","error":""},"_links":{"self":[{"href":"https:\/\/www.europesays.com\/fr\/wp-json\/wp\/v2\/posts\/485772","targetHints":{"allow":["GET"]}}],"collection":[{"href":"https:\/\/www.europesays.com\/fr\/wp-json\/wp\/v2\/posts"}],"about":[{"href":"https:\/\/www.europesays.com\/fr\/wp-json\/wp\/v2\/types\/post"}],"author":[{"embeddable":true,"href":"https:\/\/www.europesays.com\/fr\/wp-json\/wp\/v2\/users\/2"}],"replies":[{"embeddable":true,"href":"https:\/\/www.europesays.com\/fr\/wp-json\/wp\/v2\/comments?post=485772"}],"version-history":[{"count":0,"href":"https:\/\/www.europesays.com\/fr\/wp-json\/wp\/v2\/posts\/485772\/revisions"}],"wp:featuredmedia":[{"embeddable":true,"href":"https:\/\/www.europesays.com\/fr\/wp-json\/wp\/v2\/media\/485773"}],"wp:attachment":[{"href":"https:\/\/www.europesays.com\/fr\/wp-json\/wp\/v2\/media?parent=485772"}],"wp:term":[{"taxonomy":"category","embeddable":true,"href":"https:\/\/www.europesays.com\/fr\/wp-json\/wp\/v2\/categories?post=485772"},{"taxonomy":"post_tag","embeddable":true,"href":"https:\/\/www.europesays.com\/fr\/wp-json\/wp\/v2\/tags?post=485772"}],"curies":[{"name":"wp","href":"https:\/\/api.w.org\/{rel}","templated":true}]}}