{"id":485781,"date":"2025-10-24T02:49:13","date_gmt":"2025-10-24T02:49:13","guid":{"rendered":"https:\/\/www.europesays.com\/fr\/485781\/"},"modified":"2025-10-24T02:49:13","modified_gmt":"2025-10-24T02:49:13","slug":"tva-des-auto-entrepreneurs-le-parlement-abroge-la-reforme-des-seuils-mesure-contestee-du-precedent-budget-23-10-2025-a-1810","status":"publish","type":"post","link":"https:\/\/www.europesays.com\/fr\/485781\/","title":{"rendered":"TVA des auto-entrepreneurs: le Parlement abroge la r\u00e9forme des seuils, mesure contest\u00e9e du pr\u00e9c\u00e9dent budget &#8211; 23\/10\/2025 \u00e0 18:10"},"content":{"rendered":"<p>        <img fetchpriority=\"high\" decoding=\"async\" src=\"https:\/\/www.europesays.com\/fr\/wp-content\/uploads\/2025\/10\/0e4fb91e0ca85a170c14543ca4d9d898-760x506.jpg\" alt=\"Le d\u00e9put\u00e9 Paul Midy, le 8 juillet 2024 \u00e0 l'Assembl\u00e9e nationale ( AFP \/ Bertrand GUAY )\" loading=\"eager\" width=\"760\" height=\"506\" style=\"max-width: 100%!important; height: auto;\"\/><\/p>\n<p class=\"c-image-news__legend\">Le d\u00e9put\u00e9 Paul Midy, le 8 juillet 2024 \u00e0 l&rsquo;Assembl\u00e9e nationale ( AFP \/ Bertrand GUAY )<\/p>\n<p>\n Le Parlement a ent\u00e9rin\u00e9 \u00e0 l&rsquo;unanimit\u00e9, jeudi, l&rsquo;abrogation d&rsquo;une r\u00e9forme contest\u00e9e des seuils d&rsquo;exemption de TVA pour les auto-entrepreneurs pr\u00e9vue dans le pr\u00e9c\u00e9dent budget. Un d\u00e9bat loin d&rsquo;\u00eatre clos, car le gouvernement revient \u00e0 la charge dans le projet de budget 2026.\n<\/p>\n<p>\n Un ultime vote du S\u00e9nat, \u00e0 l&rsquo;unanimit\u00e9, a permis \u00e0 la proposition de loi du d\u00e9put\u00e9 Paul Midy (Renaissance) d&rsquo;\u00eatre d\u00e9finitivement adopt\u00e9e au Parlement. L&rsquo;Assembl\u00e9e l&rsquo;avait elle aussi vot\u00e9e \u00e0 l&rsquo;unanimit\u00e9 en juin, \u00e0 l&rsquo;identique.\n<\/p>\n<p>\n Introduite \u00e0 la derni\u00e8re minute via un amendement gouvernemental l&rsquo;ann\u00e9e derni\u00e8re dans le projet de loi de finances, la r\u00e9forme pr\u00e9voyait d&rsquo;abaisser \u00e0 25.000 euros de chiffre d&rsquo;affaires annuel le seuil en de\u00e7\u00e0 duquel les micro-entreprises sont exempt\u00e9es de taxe sur la valeur ajout\u00e9e (TVA), au lieu de 37.500 euros actuellement pour les prestations de services et 85.000 euros pour les activit\u00e9s de commerce.\n<\/p>\n<p>\n Le dispositif, qui devait rapporter environ 780 millions d&rsquo;euros par an, dont la moiti\u00e9 pour l&rsquo;Etat, avait suscit\u00e9 une lev\u00e9e de boucliers des acteurs \u00e9conomiques, en premier lieu desquels les micro-entreprises, particuli\u00e8rement cibl\u00e9es.\n<\/p>\n<p>\n \u00ab\u00a0Ce changement radical aurait conduit d\u00e8s cette ann\u00e9e pr\u00e8s de 200.000 structures, dont 135.000 micro-entrepreneurs, \u00e0 devenir redevables de la TVA\u00a0\u00bb, s&rsquo;est insurg\u00e9e la s\u00e9natrice LR Christine Lavarde.\n<\/p>\n<p>\n Face aux critiques, le gouvernement Bayrou avait annonc\u00e9 fin avril la suspension de la r\u00e9forme jusqu&rsquo;\u00e0 fin 2025, renvoyant la discussion au budget 2026.\n<\/p>\n<p>\n Face \u00e0 ce que Paul Midy a qualifi\u00e9 de \u00ab\u00a0traquenard fiscal\u00a0\u00bb, les parlementaires ont donc propos\u00e9 l&rsquo;abrogation pure et simple du dispositif, pour en revenir \u00e0 la situation de 2024.\n<\/p>\n<p>\n \u00ab\u00a0Prot\u00e9ger les auto-entrepreneurs, c\u2019est d\u00e9fendre l\u2019emploi, le travail et la confiance dans notre \u00e9conomie r\u00e9elle\u00a0\u00bb, a salu\u00e9 le pr\u00e9sident du groupe macroniste au S\u00e9nat, Fran\u00e7ois Patriat.\n<\/p>\n<p> &#8211; \u00ab\u00a0Un vote qui tient compte du terrain\u00a0\u00bb &#8211;<\/p>\n<p>\n Mais le d\u00e9bat est loin d&rsquo;\u00eatre termin\u00e9 autour de la fiscalit\u00e9 des auto-entrepreneurs.\n<\/p>\n<p>\n En effet, le nouveau gouvernement de S\u00e9bastien Lecornu propose dans son projet de budget pour 2026 une voie m\u00e9diane, avec un seuil de \u00ab\u00a0droit commun\u00a0\u00bb fix\u00e9 \u00e0 37.500 euros, et un seuil sp\u00e9cifique abaiss\u00e9 \u00e0 25.000 euros pour les micro-entreprises du b\u00e2timent.\n<\/p>\n<p>\n \u00ab\u00a0L&rsquo;approche du gouvernement est pragmatique. Elle divise par quatre le nombre d&rsquo;entit\u00e9s affect\u00e9es par rapport \u00e0 la r\u00e9forme de 2025\u00a0\u00bb, a d\u00e9fendu le ministre des Petites et moyennes entreprises, Serge Papin, assurant qu&rsquo;il fallait \u00ab\u00a0corriger les d\u00e9s\u00e9quilibres\u00a0\u00bb.\n<\/p>\n<p>\n Peu de s\u00e9nateurs ont souhait\u00e9 \u00e0 ce stade s&rsquo;exprimer sur cette nouvelle proposition, pr\u00e9f\u00e9rant \u00ab\u00a0s\u00e9curiser juridiquement\u00a0\u00bb la r\u00e9forme et renvoyant le d\u00e9bat \u00e0 la discussion budg\u00e9taire.\n<\/p>\n<p>\n A l&rsquo;Assembl\u00e9e nationale, le d\u00e9bat s&rsquo;est d\u00e9j\u00e0 ouvert en commission des Finances. Mercredi, les d\u00e9put\u00e9s avaient tout simplement&#8230; supprim\u00e9 la mesure, en attendant l&rsquo;examen dans l&rsquo;h\u00e9micycle.\n<\/p>\n<p>\n Le Syndicat des ind\u00e9pendants (SDI), jeudi, s&rsquo;est \u00ab\u00a0f\u00e9licit\u00e9 d&rsquo;un vote (du S\u00e9nat, NDLR) qui tient compte du terrain\u00a0\u00bb, et \u00ab\u00a0offre une stabilit\u00e9 juridique et fiscale pour les quelque 1,4 million de microentrepreneurs\u00a0\u00bb.\n<\/p>\n<p>\n Il souhaite n\u00e9anmoins &#8211; et le fera porter dans la discussion budg\u00e9taire par des amendements du \u00ab\u00a0socle majoritaire\u00a0\u00bb &#8211; \u00ab\u00a0le maintien du seuil actuel \u00e0 85.000 euros pour le commerce et l&rsquo;h\u00e9bergement, un seuil diff\u00e9renci\u00e9 \u00e0 25.000 euros pour le BTP et une \u00e9tude d&rsquo;impact\u00a0\u00bb avant toute remise en cause des seuils.\n<\/p>\n<p>\n \u00ab\u00a0La stabilit\u00e9 fiscale est une condition de survie pour nos TPE\u00a0\u00bb, selon le secr\u00e9taire g\u00e9n\u00e9ral du SDI Marc Sanchez.<\/p>\n","protected":false},"excerpt":{"rendered":"Le d\u00e9put\u00e9 Paul Midy, le 8 juillet 2024 \u00e0 l&rsquo;Assembl\u00e9e nationale ( AFP \/ Bertrand GUAY ) Le&hellip;\n","protected":false},"author":2,"featured_media":485782,"comment_status":"","ping_status":"","sticky":false,"template":"","format":"standard","meta":{"footnotes":""},"categories":[6],"tags":[400,398,408,35,405,33,34,1011,27,403,402,399,404,401,406,407],"class_list":{"0":"post-485781","1":"post","2":"type-post","3":"status-publish","4":"format-standard","5":"has-post-thumbnail","7":"category-economie","8":"tag-action-cac-40","9":"tag-bourse-de-paris","10":"tag-boursorama","11":"tag-business","12":"tag-cotations","13":"tag-economie","14":"tag-economy","15":"tag-fr","16":"tag-france","17":"tag-indices-devises","18":"tag-investir","19":"tag-investissement","20":"tag-marche-boursier","21":"tag-sicav","22":"tag-trackers","23":"tag-warrants"},"share_on_mastodon":{"url":"https:\/\/pubeurope.com\/@fr\/115426871144143592","error":""},"_links":{"self":[{"href":"https:\/\/www.europesays.com\/fr\/wp-json\/wp\/v2\/posts\/485781","targetHints":{"allow":["GET"]}}],"collection":[{"href":"https:\/\/www.europesays.com\/fr\/wp-json\/wp\/v2\/posts"}],"about":[{"href":"https:\/\/www.europesays.com\/fr\/wp-json\/wp\/v2\/types\/post"}],"author":[{"embeddable":true,"href":"https:\/\/www.europesays.com\/fr\/wp-json\/wp\/v2\/users\/2"}],"replies":[{"embeddable":true,"href":"https:\/\/www.europesays.com\/fr\/wp-json\/wp\/v2\/comments?post=485781"}],"version-history":[{"count":0,"href":"https:\/\/www.europesays.com\/fr\/wp-json\/wp\/v2\/posts\/485781\/revisions"}],"wp:featuredmedia":[{"embeddable":true,"href":"https:\/\/www.europesays.com\/fr\/wp-json\/wp\/v2\/media\/485782"}],"wp:attachment":[{"href":"https:\/\/www.europesays.com\/fr\/wp-json\/wp\/v2\/media?parent=485781"}],"wp:term":[{"taxonomy":"category","embeddable":true,"href":"https:\/\/www.europesays.com\/fr\/wp-json\/wp\/v2\/categories?post=485781"},{"taxonomy":"post_tag","embeddable":true,"href":"https:\/\/www.europesays.com\/fr\/wp-json\/wp\/v2\/tags?post=485781"}],"curies":[{"name":"wp","href":"https:\/\/api.w.org\/{rel}","templated":true}]}}