{"id":485788,"date":"2025-10-24T02:55:15","date_gmt":"2025-10-24T02:55:15","guid":{"rendered":"https:\/\/www.europesays.com\/fr\/485788\/"},"modified":"2025-10-24T02:55:15","modified_gmt":"2025-10-24T02:55:15","slug":"une-interdiction-de-deplacement-pour-des-supporters-qui-boycottent-le-match","status":"publish","type":"post","link":"https:\/\/www.europesays.com\/fr\/485788\/","title":{"rendered":"une interdiction de d\u00e9placement pour des supporters qui boycottent le match"},"content":{"rendered":"<p data-start=\"127\" data-end=\"432\">Encore une sc\u00e8ne cocasse pour le football fran\u00e7ais alors que le 1er octobre dernier, plusieurs groupes de supporters st\u00e9phanois avaient annonc\u00e9 qu\u2019ils ne se d\u00e9placeraient pas pour la rencontre contre le Red Star le 1er novembre prochain \u00e0 Saint-Ouen. Pour ne pas faire de s\u00e9lection parmi leurs membres : \u00ab\u00a0Nous annon\u00e7ons la fermeture compl\u00e8te du parcage au Red Star. Aucune place de match ne sera d\u00e9livr\u00e9e par l&rsquo;ASSE, et aucun de nos groupes ne fera le d\u00e9placement.\u00a0\u00bb<\/p>\n<p data-start=\"603\" data-end=\"1160\">Malgr\u00e9 cette annonce publique, la pr\u00e9fecture de Seine-Saint-Denis a tout de m\u00eame tenu \u00e0 interdire le d\u00e9placement des supporters verts. Ainsi, entre midi et minuit le 1er novembre prochain, il est interdit aux supporters de l&rsquo;ASSE de circuler aux abords du stade et de se rendre \u00e0 Bauer. La pr\u00e9fecture avance que les d\u00e9placements des supporters st\u00e9phanois sont \u00ab\u00a0fr\u00e9quemment sources de troubles \u00e0 l&rsquo;ordre public\u00a0\u00bb et \u00e9voque l&rsquo;antagonisme entre les supporters de l&rsquo;ASSE et ceux du GF38, dont le groupe ultra, les Red Kaos, est ami avec les fans du Red Star.<\/p>\n<p>\u00ab\u00a0La pr\u00e9fecture du 93 au service de notre s\u00e9curit\u00e9, nos imp\u00f4ts pour l&rsquo;efficience de l&rsquo;\u00c9tat fran\u00e7ais\u00a0\u00bb<\/p>\n<p data-start=\"1162\" data-end=\"1369\">En r\u00e9ponse \u00e0 cette d\u00e9cision, les Magic Fans, c\u00e9l\u00e8bre groupe de supporters st\u00e9phanois, ont ironis\u00e9 sur cette interdiction alors que la majorit\u00e9 des supporters avaient de toute fa\u00e7on d\u00e9cid\u00e9 de le boycotter : \u00ab\u00a0Interdire des supporters qui annoncent un boycott, la pr\u00e9fecture du 93 au service de notre s\u00e9curit\u00e9, nos imp\u00f4ts pour l&rsquo;efficience de l&rsquo;\u00c9tat fran\u00e7ais.\u00a0\u00bb Une d\u00e9cision qui s&rsquo;inscrit dans un climat o\u00f9 supporters de foot et institutions semblent de plus en plus d\u00e9connect\u00e9s.<\/p>\n<p>Saint-\u00c9tienne : les supporters vont boycotter une interdiction de d\u00e9placement<\/p>\n<p>La pr\u00e9fecture de Seine-Saint-Denis interdit le d\u00e9placement des supporters de Saint-\u00c9tienne pour le match contre le Red Star, malgr\u00e9 leur boycott annonc\u00e9. Les Magic Fans d\u00e9noncent une d\u00e9cision absurde, illustrant la d\u00e9connexion entre supporters et institutions.<\/p>\n<p> <img decoding=\"async\" width=\"76\" height=\"76\" loading=\"lazy\" src=\"https:\/\/static.wui.fr\/images_v3\/avatar-footnational.png\" alt=\"Clement Fradique\"\/><\/p>\n","protected":false},"excerpt":{"rendered":"Encore une sc\u00e8ne cocasse pour le football fran\u00e7ais alors que le 1er octobre dernier, plusieurs groupes de supporters&hellip;\n","protected":false},"author":2,"featured_media":485789,"comment_status":"","ping_status":"","sticky":false,"template":"","format":"standard","meta":{"footnotes":""},"categories":[9653],"tags":[1111,11,2430,1777,674,1011,27,59995,12,25,4001],"class_list":{"0":"post-485788","1":"post","2":"type-post","3":"status-publish","4":"format-standard","5":"has-post-thumbnail","7":"category-saint-etienne","8":"tag-actu","9":"tag-actualites","10":"tag-auvergne-rhone-alpes","11":"tag-eu","12":"tag-europe","13":"tag-fr","14":"tag-france","15":"tag-ligue-2-actus","16":"tag-news","17":"tag-republique-francaise","18":"tag-saint-etienne"},"share_on_mastodon":{"url":"https:\/\/pubeurope.com\/@fr\/115426894273245284","error":""},"_links":{"self":[{"href":"https:\/\/www.europesays.com\/fr\/wp-json\/wp\/v2\/posts\/485788","targetHints":{"allow":["GET"]}}],"collection":[{"href":"https:\/\/www.europesays.com\/fr\/wp-json\/wp\/v2\/posts"}],"about":[{"href":"https:\/\/www.europesays.com\/fr\/wp-json\/wp\/v2\/types\/post"}],"author":[{"embeddable":true,"href":"https:\/\/www.europesays.com\/fr\/wp-json\/wp\/v2\/users\/2"}],"replies":[{"embeddable":true,"href":"https:\/\/www.europesays.com\/fr\/wp-json\/wp\/v2\/comments?post=485788"}],"version-history":[{"count":0,"href":"https:\/\/www.europesays.com\/fr\/wp-json\/wp\/v2\/posts\/485788\/revisions"}],"wp:featuredmedia":[{"embeddable":true,"href":"https:\/\/www.europesays.com\/fr\/wp-json\/wp\/v2\/media\/485789"}],"wp:attachment":[{"href":"https:\/\/www.europesays.com\/fr\/wp-json\/wp\/v2\/media?parent=485788"}],"wp:term":[{"taxonomy":"category","embeddable":true,"href":"https:\/\/www.europesays.com\/fr\/wp-json\/wp\/v2\/categories?post=485788"},{"taxonomy":"post_tag","embeddable":true,"href":"https:\/\/www.europesays.com\/fr\/wp-json\/wp\/v2\/tags?post=485788"}],"curies":[{"name":"wp","href":"https:\/\/api.w.org\/{rel}","templated":true}]}}