{"id":485796,"date":"2025-10-24T02:59:10","date_gmt":"2025-10-24T02:59:10","guid":{"rendered":"https:\/\/www.europesays.com\/fr\/485796\/"},"modified":"2025-10-24T02:59:10","modified_gmt":"2025-10-24T02:59:10","slug":"etats-unis-un-condamne-a-mort-execute-par-inhalation-dazote","status":"publish","type":"post","link":"https:\/\/www.europesays.com\/fr\/485796\/","title":{"rendered":"\u00c9tats-Unis\u00a0: un condamn\u00e9 \u00e0 mort ex\u00e9cut\u00e9 par inhalation d\u2019azote"},"content":{"rendered":"<p>Un homme condamn\u00e9 pour enl\u00e8vement et meurtre a \u00e9t\u00e9 ex\u00e9cut\u00e9 jeudi en Alabama, dans le sud des \u00c9tats-Unis, par inhalation d\u2019azote, m\u00e9thode compar\u00e9e par des experts de l\u2019Onu \u00e0 une forme de <strong>\u00ab\u00a0torture\u00a0\u00bb,<\/strong> ont annonc\u00e9 les autorit\u00e9s locales, cit\u00e9es par l\u2019Agence France-Presse (AFP).<\/p>\n<p>Anthony Boyd avait \u00e9t\u00e9 condamn\u00e9 <a href=\"https:\/\/www.ouest-france.fr\/societe\/peine-de-mort\/\" target=\"_self\" rel=\"noopener\">\u00e0 la peine capitale<\/a> pour l\u2019enl\u00e8vement et le meurtre en 1993 de Gregory Huguley, qui avait \u00e9t\u00e9 br\u00fbl\u00e9 vif par ses ravisseurs pour une dette de 200\u00a0dollars dans une affaire de trafic de drogue.<\/p>\n<p>Absence de preuve mat\u00e9rielle<\/p>\n<p>Condamn\u00e9 sur la base des t\u00e9moignages d\u2019un coaccus\u00e9, en l\u2019absence de preuve mat\u00e9rielle de sa pr\u00e9sence sur les lieux du crime, Anthony Boyd continuait \u00e0 se dire innocent.<\/p>\n<p>Cette ex\u00e9cution est <a href=\"https:\/\/rennes.maville.com\/actu\/actudet_-etats-unis-un-homme-condamne-pour-un-quadruple-meurtre-execute-en-arizona-_54135-7025634_actu.Htm\" target=\"_self\" rel=\"noopener\">la 40e r\u00e9alis\u00e9e aux \u00c9tats-Unis depuis le d\u00e9but de l\u2019ann\u00e9e,<\/a> d\u00e9passant les 39\u00a0enregistr\u00e9es en 2013.<\/p>\n<p>Six autres sont programm\u00e9es d\u2019ici la fin de l\u2019ann\u00e9e.<\/p>\n<p>Injection l\u00e9tale<\/p>\n<p>La grande majorit\u00e9 des ex\u00e9cutions sont r\u00e9alis\u00e9es par injection l\u00e9tale, soit 33 \u00e0 ce jour en 2025 dans le pays.<\/p>\n<p>Cinq l\u2019ont \u00e9t\u00e9 par inhalation d\u2019azote, une m\u00e9thode utilis\u00e9e pour la premi\u00e8re fois au monde par l\u2019Alabama en 2024 et compar\u00e9e par des experts de l\u2019Onu \u00e0 une forme de<strong> \u00ab\u00a0torture\u00a0\u00bb,<\/strong> et deux par peloton d\u2019ex\u00e9cution en Caroline du Sud, pour la premi\u00e8re fois aux \u00c9tats-Unis depuis 2010.<\/p>\n<p>La peine de mort a \u00e9t\u00e9 abolie dans 23\u00a0des 50\u00a0\u00c9tats am\u00e9ricains. Trois autres, la Californie, l\u2019Oregon et la Pennsylvanie, observent un moratoire des ex\u00e9cutions sur d\u00e9cision du gouverneur.<\/p>\n<p>\u00a0<\/p>\n","protected":false},"excerpt":{"rendered":"Un homme condamn\u00e9 pour enl\u00e8vement et meurtre a \u00e9t\u00e9 ex\u00e9cut\u00e9 jeudi en Alabama, dans le sud des \u00c9tats-Unis,&hellip;\n","protected":false},"author":2,"featured_media":485797,"comment_status":"","ping_status":"","sticky":false,"template":"","format":"standard","meta":{"footnotes":""},"categories":[9619],"tags":[1111,11,42188,8652,73,1777,674,60915,1011,27,60916,18,12,882,25,2310],"class_list":{"0":"post-485796","1":"post","2":"type-post","3":"status-publish","4":"format-standard","5":"has-post-thumbnail","7":"category-toulon","8":"tag-actu","9":"tag-actualites","10":"tag-azote","11":"tag-condamne","12":"tag-etats-unis","13":"tag-eu","14":"tag-europe","15":"tag-execute","16":"tag-fr","17":"tag-france","18":"tag-inhalation","19":"tag-mort","20":"tag-news","21":"tag-provence-alpes-cote-dazur","22":"tag-republique-francaise","23":"tag-toulon"},"share_on_mastodon":{"url":"https:\/\/pubeurope.com\/@fr\/115426909434680621","error":""},"_links":{"self":[{"href":"https:\/\/www.europesays.com\/fr\/wp-json\/wp\/v2\/posts\/485796","targetHints":{"allow":["GET"]}}],"collection":[{"href":"https:\/\/www.europesays.com\/fr\/wp-json\/wp\/v2\/posts"}],"about":[{"href":"https:\/\/www.europesays.com\/fr\/wp-json\/wp\/v2\/types\/post"}],"author":[{"embeddable":true,"href":"https:\/\/www.europesays.com\/fr\/wp-json\/wp\/v2\/users\/2"}],"replies":[{"embeddable":true,"href":"https:\/\/www.europesays.com\/fr\/wp-json\/wp\/v2\/comments?post=485796"}],"version-history":[{"count":0,"href":"https:\/\/www.europesays.com\/fr\/wp-json\/wp\/v2\/posts\/485796\/revisions"}],"wp:featuredmedia":[{"embeddable":true,"href":"https:\/\/www.europesays.com\/fr\/wp-json\/wp\/v2\/media\/485797"}],"wp:attachment":[{"href":"https:\/\/www.europesays.com\/fr\/wp-json\/wp\/v2\/media?parent=485796"}],"wp:term":[{"taxonomy":"category","embeddable":true,"href":"https:\/\/www.europesays.com\/fr\/wp-json\/wp\/v2\/categories?post=485796"},{"taxonomy":"post_tag","embeddable":true,"href":"https:\/\/www.europesays.com\/fr\/wp-json\/wp\/v2\/tags?post=485796"}],"curies":[{"name":"wp","href":"https:\/\/api.w.org\/{rel}","templated":true}]}}