{"id":485800,"date":"2025-10-24T03:02:14","date_gmt":"2025-10-24T03:02:14","guid":{"rendered":"https:\/\/www.europesays.com\/fr\/485800\/"},"modified":"2025-10-24T03:02:14","modified_gmt":"2025-10-24T03:02:14","slug":"montpellier-gache-la-fete-de-lalterna-stade-poitevin-a-larena","status":"publish","type":"post","link":"https:\/\/www.europesays.com\/fr\/485800\/","title":{"rendered":"Montpellier g\u00e2che la f\u00eate de l\u2019Alterna Stade Poitevin \u00e0 l\u2019Arena"},"content":{"rendered":"<p><strong>Poitiers\u00a0&#8211; Montpellier\u00a0: 0-3<\/strong><\/p>\n<p>Ils avaient mis les petits plats dans les grands. Choisis un magnifique \u00e9crin pour ce premier match \u00e0 domicile de la saison et propos\u00e9 un concert de L2B \u00e0 l\u2019issue de la rencontre pour attirer un public de jeunes. Cela a plut\u00f4t bien fonctionn\u00e9 m\u00eame si l\u2019Arena n\u2019a pas fait le plein, un jeudi soir n\u2019\u00e9tant pas le jour le plus attractif de la semaine, ils \u00e9taient cependant 2.864 \u00e0 avoir fait le d\u00e9placement.<\/p>\n<p>Sauf que, sur le taraflex, s\u2019ils ont assist\u00e9 \u00e0 de belles actions, ils ont \u00e9galement pu constater la sup\u00e9riorit\u00e9 de Montpellier. Emmen\u00e9 par son pointu allemand Simon Hirsch (14 points) et son champion olympique Nicolas Le Goff (13 points \u00e0 73\u00a0% en attaque), sans oublier le passeur argentin aux doigts de f\u00e9e Matias Sanchez Pages, l\u2019\u00e9quipe de Lo\u00efc Le Marrec a impressionn\u00e9, confirmant son statut de gros bras du championnat&#8230;. <\/p>\n<p>    Cet article a \u00e9t\u00e9 tronqu\u00e9. Abonnez-vous pour lire l&rsquo;article complet sur notre site.<\/p>\n<p style=\"margin: 0 !important; padding: 0 !important; font-size: 12px !important;\">Cet article a \u00e9t\u00e9 tronqu\u00e9. Abonnez-vous pour lire l&rsquo;article complet.<\/p>\n<p>    <a href=\"https:\/\/www.lanouvellerepublique.fr\/abonnements\" style=\"display: inline-block; margin-top: 5px !important; padding: 6px 12px !important; background: #cb1c27; color: white; text-decoration: none; border-radius: 4px; font-size: 12px !important;\" target=\"_blank\" rel=\"noopener\"><br \/>\n      S&rsquo;abonner<br \/>\n    <\/a><\/p>\n","protected":false},"excerpt":{"rendered":"Poitiers\u00a0&#8211; Montpellier\u00a0: 0-3 Ils avaient mis les petits plats dans les grands. Choisis un magnifique \u00e9crin pour ce&hellip;\n","protected":false},"author":2,"featured_media":485801,"comment_status":"","ping_status":"","sticky":false,"template":"","format":"standard","meta":{"footnotes":""},"categories":[9599],"tags":[1392,1111,11,1654,1777,674,1011,27,2208,12,2680,1653,25,60,1584,1470],"class_list":{"0":"post-485800","1":"post","2":"type-post","3":"status-publish","4":"format-standard","5":"has-post-thumbnail","7":"category-montpellier","8":"tag-a-la-une-local","9":"tag-actu","10":"tag-actualites","11":"tag-alterna-stade-poitevin-volley-ball","12":"tag-eu","13":"tag-europe","14":"tag-fr","15":"tag-france","16":"tag-montpellier","17":"tag-news","18":"tag-occitanie","19":"tag-poitiers","20":"tag-republique-francaise","21":"tag-sports","22":"tag-vienne","23":"tag-volley"},"share_on_mastodon":{"url":"https:\/\/pubeurope.com\/@fr\/115426921215776817","error":""},"_links":{"self":[{"href":"https:\/\/www.europesays.com\/fr\/wp-json\/wp\/v2\/posts\/485800","targetHints":{"allow":["GET"]}}],"collection":[{"href":"https:\/\/www.europesays.com\/fr\/wp-json\/wp\/v2\/posts"}],"about":[{"href":"https:\/\/www.europesays.com\/fr\/wp-json\/wp\/v2\/types\/post"}],"author":[{"embeddable":true,"href":"https:\/\/www.europesays.com\/fr\/wp-json\/wp\/v2\/users\/2"}],"replies":[{"embeddable":true,"href":"https:\/\/www.europesays.com\/fr\/wp-json\/wp\/v2\/comments?post=485800"}],"version-history":[{"count":0,"href":"https:\/\/www.europesays.com\/fr\/wp-json\/wp\/v2\/posts\/485800\/revisions"}],"wp:featuredmedia":[{"embeddable":true,"href":"https:\/\/www.europesays.com\/fr\/wp-json\/wp\/v2\/media\/485801"}],"wp:attachment":[{"href":"https:\/\/www.europesays.com\/fr\/wp-json\/wp\/v2\/media?parent=485800"}],"wp:term":[{"taxonomy":"category","embeddable":true,"href":"https:\/\/www.europesays.com\/fr\/wp-json\/wp\/v2\/categories?post=485800"},{"taxonomy":"post_tag","embeddable":true,"href":"https:\/\/www.europesays.com\/fr\/wp-json\/wp\/v2\/tags?post=485800"}],"curies":[{"name":"wp","href":"https:\/\/api.w.org\/{rel}","templated":true}]}}