{"id":485807,"date":"2025-10-24T03:08:13","date_gmt":"2025-10-24T03:08:13","guid":{"rendered":"https:\/\/www.europesays.com\/fr\/485807\/"},"modified":"2025-10-24T03:08:13","modified_gmt":"2025-10-24T03:08:13","slug":"cette-annee-lorchestre-metropolitain-de-rennes-propose-un-patchwork-symphonique-3","status":"publish","type":"post","link":"https:\/\/www.europesays.com\/fr\/485807\/","title":{"rendered":"Cette ann\u00e9e, l\u2019Orchestre m\u00e9tropolitain de Rennes propose un \u00ab\u00a0patchwork symphonique\u00a0\u00bb"},"content":{"rendered":"<p>La symphonie est-elle une forme musicale fixe\u00a0? Et bien, non. Certaines sont inachev\u00e9es et d\u2019autres qui vont jusqu\u2019\u00e0 huit\u00a0mouvements. La musique et les compositeurs montrent que cette r\u00e8gle d\u2019or des quatre\u00a0mouvements fix\u00e9e au XVIIIe\u00a0si\u00e8cle par Joseph Haydn n\u2019a pas toujours \u00e9t\u00e9 ob\u00e9ie.<\/p>\n<p>\u00a0Beaucoup de compositeurs n\u2019en ont fait qu\u2019\u00e0 leur t\u00eate de toute fa\u00e7on, ils devaient\u00a0commencer par le d\u00e9but, la porte d\u2019entr\u00e9e de leur projet musical\u00a0, expliquent Philippe Legrand, chef de l\u2019Orchestre m\u00e9tropolitain de Rennes (OMR), et ses musiciens qui invitent justement \u00e0 leur prochain concert, dimanche 2\u00a0novembre, au Ponant, \u00e0 Pac\u00e9.<\/p>\n<p>\u00ab\u00a0Comme un lever de rideau\u00a0\u00bb<\/p>\n<p>Cette ann\u00e9e, ils ont d\u00e9cid\u00e9 de proposer un\u00a0patchwork symphonique\u00a0. Un \u00e9ventail tr\u00e8s large, in\u00e9dit et libre, en rapport bien s\u00fbr avec \u00a0l\u2019adn\u00a0 des orchestres\u00a0: le 1er mouvement de la symphonie n\u00b0\u00a040 de Mozart, celui de la symphonie pastorale de Beethoven, celui de la 3e de Borodine, inachev\u00e9e,\u00a0etc.<\/p>\n<p>L\u2019ORM invite ainsi \u00e0 d\u00e9couvrir ces ouvertures sur\u00a0de la musique qu\u2019on ne conna\u00eet pas encore. \u00a0C\u2019est comme un lever de rideau sur le langage et l\u2019univers de ces grands compositeurs\u00a0, expliquent les musiciens qui nous rappellent que Camille Saint-Sa\u00ebns, brillant compositeur parisien, a d\u00e9couvert la tr\u00e8s particuli\u00e8re musique Bretonne. \u00a0On honore la Bretagne et ses cantiques. Le g\u00e9nie de Saint-Sa\u00ebns s\u2019y d\u00e9veloppe\u00a0sur des th\u00e8mes qui nous parlent, gr\u00e2ce \u00e0 cette musique qu\u2019on ne conna\u00eet pas toujours bien.\u00a0<\/p>\n<p>Les derniers concerts de l\u2019OMR ont fait ressortir un attrait du public pour la musique classique, \u00a0m\u00eame s\u2019il n\u2019en \u00e9coute pas toujours chez lui. Nous, on ne pense pas vraiment qu\u2019elle va mourir\u00a0\u00bb. Avec toujours en ligne de conduite cette p\u00e9dagogie visant \u00e0 \u00a0faire d\u00e9couvrir\u00a0.<\/p>\n<p>Quatre violonistes ont rejoint leurs rangs cette ann\u00e9e. De quoi poursuivre leur activit\u00e9 avec s\u00e9r\u00e9nit\u00e9 et passion.<\/p>\n<p><strong>Dimanche 2\u00a0novembre<\/strong>, \u00e0 16\u00a0h, au Ponant. Tarifs\u00a0: 10\u00a0\u20ac ou 15\u00a0\u20ac. La Bulle \u00e9tant ferm\u00e9e, les tickets sont en vente au Saint-Melaine, Billetterie \u00e9galement disponible sur Hello asso ou sur place.<\/p>\n<p>\u00a0<\/p>\n","protected":false},"excerpt":{"rendered":"La symphonie est-elle une forme musicale fixe\u00a0? Et bien, non. Certaines sont inachev\u00e9es et d\u2019autres qui vont jusqu\u2019\u00e0&hellip;\n","protected":false},"author":2,"featured_media":484990,"comment_status":"","ping_status":"","sticky":false,"template":"","format":"standard","meta":{"footnotes":""},"categories":[2821],"tags":[1111,11,5648,829,1777,674,1011,27,52535,12,14196,60820,6088,3086,584,25,32866],"class_list":{"0":"post-485807","1":"post","2":"type-post","3":"status-publish","4":"format-standard","5":"has-post-thumbnail","7":"category-rennes","8":"tag-actu","9":"tag-actualites","10":"tag-annee","11":"tag-bretagne","12":"tag-eu","13":"tag-europe","14":"tag-fr","15":"tag-france","16":"tag-metropolitain","17":"tag-news","18":"tag-orchestre","19":"tag-patchwork","20":"tag-propose","21":"tag-redon","22":"tag-rennes","23":"tag-republique-francaise","24":"tag-symphonique"},"share_on_mastodon":{"url":"https:\/\/pubeurope.com\/@fr\/115426944947259157","error":""},"_links":{"self":[{"href":"https:\/\/www.europesays.com\/fr\/wp-json\/wp\/v2\/posts\/485807","targetHints":{"allow":["GET"]}}],"collection":[{"href":"https:\/\/www.europesays.com\/fr\/wp-json\/wp\/v2\/posts"}],"about":[{"href":"https:\/\/www.europesays.com\/fr\/wp-json\/wp\/v2\/types\/post"}],"author":[{"embeddable":true,"href":"https:\/\/www.europesays.com\/fr\/wp-json\/wp\/v2\/users\/2"}],"replies":[{"embeddable":true,"href":"https:\/\/www.europesays.com\/fr\/wp-json\/wp\/v2\/comments?post=485807"}],"version-history":[{"count":0,"href":"https:\/\/www.europesays.com\/fr\/wp-json\/wp\/v2\/posts\/485807\/revisions"}],"wp:featuredmedia":[{"embeddable":true,"href":"https:\/\/www.europesays.com\/fr\/wp-json\/wp\/v2\/media\/484990"}],"wp:attachment":[{"href":"https:\/\/www.europesays.com\/fr\/wp-json\/wp\/v2\/media?parent=485807"}],"wp:term":[{"taxonomy":"category","embeddable":true,"href":"https:\/\/www.europesays.com\/fr\/wp-json\/wp\/v2\/categories?post=485807"},{"taxonomy":"post_tag","embeddable":true,"href":"https:\/\/www.europesays.com\/fr\/wp-json\/wp\/v2\/tags?post=485807"}],"curies":[{"name":"wp","href":"https:\/\/api.w.org\/{rel}","templated":true}]}}