{"id":485810,"date":"2025-10-24T03:10:33","date_gmt":"2025-10-24T03:10:33","guid":{"rendered":"https:\/\/www.europesays.com\/fr\/485810\/"},"modified":"2025-10-24T03:10:33","modified_gmt":"2025-10-24T03:10:33","slug":"panichelli-arrache-un-nul-frustrant-pour-strasbourg","status":"publish","type":"post","link":"https:\/\/www.europesays.com\/fr\/485810\/","title":{"rendered":"Panichelli arrache un nul frustrant pour Strasbourg"},"content":{"rendered":"<p class=\"mb-4 text-lg md:leading-8 break-words\">Dominateur toute la partie mais en mal d&rsquo;efficacit\u00e9, Strasbourg a d\u00fb se contenter du match nul face aux Polonais de Jagiellonia Bialystok (1-1) arrach\u00e9 gr\u00e2ce \u00e0 l&rsquo;entrant Joaquin Panichelli, jeudi lors de la deuxi\u00e8me journ\u00e9e de Ligue Conf\u00e9rence.<\/p>\n<p class=\"mb-4 text-lg md:leading-8 break-words\">Malgr\u00e9 un onze de d\u00e9part largement remani\u00e9, Strasbourg aurait pu conna\u00eetre une soir\u00e9e plus tranquille. Mais longtemps incapables de trouver la faille face au gardien du Jagiellonia, auteur de plusieurs arr\u00eats d\u00e9cisifs, les Alsaciens ont conc\u00e9d\u00e9 l&rsquo;ouverture du score au retour des vestiaires. Ils ont d\u00fb s&rsquo;en remettre \u00e0 Panichelli, auteur d&rsquo;un doubl\u00e9 face au Paris SG la semaine derni\u00e8re, pour arracher un point.<\/p>\n<p class=\"mb-4 text-lg md:leading-8 break-words\">Entr\u00e9 \u00e0 l&rsquo;heure de jeu en compagnie de Valentin Barco et Diego Moreira, l&rsquo;avant-centre argentin de 23 ans a d\u00e9livr\u00e9 la Meinau d&rsquo;un retourn\u00e9 acrobatique imparable dans les six m\u00e8tres (79e). Le Racing a alors pouss\u00e9 dans les derni\u00e8res minutes mais l&rsquo;ultime rempart polonais Milosz Piekutowski s&rsquo;est encore illustr\u00e9 dans le temps additionnel.<\/p>\n<p class=\"mb-4 text-lg md:leading-8 break-words\">Le gardien de 19 ans s&rsquo;est montr\u00e9 d\u00e8s la quatri\u00e8me minute, impeccable devant une reprise de Sebastian Nanasi, qui n&rsquo;avait plus jou\u00e9 depuis le mois d&rsquo;ao\u00fbt en raison d&rsquo;une blessure \u00e0 une \u00e9paule.<\/p>\n<p class=\"mb-4 text-lg md:leading-8 break-words\">Malmen\u00e9 par le pressing des Alsaciens,\u00a0le leader du championnat de Pologne a fait le dos rond et a pu compter sur son gardien, encore d\u00e9cisif devant F\u00e9lix Lemar\u00e9chal (28e) et Nanasi (49e).<\/p>\n<p class=\"mb-4 text-lg md:leading-8 break-words\">Dominateur mais st\u00e9rile, et aussi un peu malchanceux \u00e0 l&rsquo;image du poteau trouv\u00e9 par Kendry Paez (50e), Strasbourg s&rsquo;est fait surprendre en d\u00e9but de seconde mi-temps. Sur un coup franc excentr\u00e9, le d\u00e9fenseur Dusan Stojinovic a propuls\u00e9 un ballon mal d\u00e9gag\u00e9 dans le but de Mike Penders, impuissant (52e).<\/p>\n<p class=\"mb-4 text-lg md:leading-8 break-words\">Avec ses entrants \u00e0 l&rsquo;heure de jeu, le Racing a d&rsquo;abord pein\u00e9 \u00e0 se montrer plus dangereux avant que Panichelli ne trouve la faille. L&rsquo;attaquant argentin, Martial Godo ou encore Lemar\u00e9chal ont eu l&rsquo;occasion de donner l&rsquo;avantage aux Strasbourgeois dans les ultimes minutes.<\/p>\n<p class=\"mb-4 text-lg md:leading-8 break-words\">Mais l&rsquo;efficacit\u00e9 \u00e0 encore manqu\u00e9: un probl\u00e8me qu&rsquo;il faudra corriger pour ramener des points d&rsquo;un d\u00e9placement p\u00e9rilleux \u00e0 Lyon dimanche.<\/p>\n<p class=\"mb-4 text-lg md:leading-8 break-words\">bdu\/cyj<\/p>\n","protected":false},"excerpt":{"rendered":"Dominateur toute la partie mais en mal d&rsquo;efficacit\u00e9, Strasbourg a d\u00fb se contenter du match nul face aux&hellip;\n","protected":false},"author":2,"featured_media":485811,"comment_status":"","ping_status":"","sticky":false,"template":"","format":"standard","meta":{"footnotes":""},"categories":[2820],"tags":[1111,11,4244,60919,60918,1777,674,1011,27,775,60917,43670,2428,37529,12,54751,25,60920,640,40628],"class_list":{"0":"post-485810","1":"post","2":"type-post","3":"status-publish","4":"format-standard","5":"has-post-thumbnail","7":"category-strasbourg","8":"tag-actu","9":"tag-actualites","10":"tag-diego-moreira","11":"tag-dominateur","12":"tag-double-face","13":"tag-eu","14":"tag-europe","15":"tag-fr","16":"tag-france","17":"tag-grand-est","18":"tag-jagiellonia-bialystok","19":"tag-ligue-conference","20":"tag-lyon","21":"tag-mike-penders","22":"tag-news","23":"tag-panichelli","24":"tag-republique-francaise","25":"tag-sebastian-nanasi","26":"tag-strasbourg","27":"tag-valentin-barco"},"share_on_mastodon":{"url":"https:\/\/pubeurope.com\/@fr\/115426952706224418","error":""},"_links":{"self":[{"href":"https:\/\/www.europesays.com\/fr\/wp-json\/wp\/v2\/posts\/485810","targetHints":{"allow":["GET"]}}],"collection":[{"href":"https:\/\/www.europesays.com\/fr\/wp-json\/wp\/v2\/posts"}],"about":[{"href":"https:\/\/www.europesays.com\/fr\/wp-json\/wp\/v2\/types\/post"}],"author":[{"embeddable":true,"href":"https:\/\/www.europesays.com\/fr\/wp-json\/wp\/v2\/users\/2"}],"replies":[{"embeddable":true,"href":"https:\/\/www.europesays.com\/fr\/wp-json\/wp\/v2\/comments?post=485810"}],"version-history":[{"count":0,"href":"https:\/\/www.europesays.com\/fr\/wp-json\/wp\/v2\/posts\/485810\/revisions"}],"wp:featuredmedia":[{"embeddable":true,"href":"https:\/\/www.europesays.com\/fr\/wp-json\/wp\/v2\/media\/485811"}],"wp:attachment":[{"href":"https:\/\/www.europesays.com\/fr\/wp-json\/wp\/v2\/media?parent=485810"}],"wp:term":[{"taxonomy":"category","embeddable":true,"href":"https:\/\/www.europesays.com\/fr\/wp-json\/wp\/v2\/categories?post=485810"},{"taxonomy":"post_tag","embeddable":true,"href":"https:\/\/www.europesays.com\/fr\/wp-json\/wp\/v2\/tags?post=485810"}],"curies":[{"name":"wp","href":"https:\/\/api.w.org\/{rel}","templated":true}]}}