{"id":485815,"date":"2025-10-24T03:14:15","date_gmt":"2025-10-24T03:14:15","guid":{"rendered":"https:\/\/www.europesays.com\/fr\/485815\/"},"modified":"2025-10-24T03:14:15","modified_gmt":"2025-10-24T03:14:15","slug":"compositions-chaine-tv-heure-et-cotes-22","status":"publish","type":"post","link":"https:\/\/www.europesays.com\/fr\/485815\/","title":{"rendered":"Compositions, Cha\u00eene TV, Heure et Cotes"},"content":{"rendered":"<p style=\"text-align: justify;\"><strong>LIGUE 1 2025-2026 \u2013 \u00c0 quelle heure et sur quelle cha\u00eene TV suivre le match de Ligue 1 entre le Paris FC et Nantes ? Retrouvez \u00e9galement les compositions probables des deux \u00e9quipes.<\/strong><\/p>\n<p style=\"text-align: justify;\">Le <strong>Paris FC<\/strong> r\u00e9alise un d\u00e9but de saison correct en Ligue 1, avec des hauts et des bas d\u2019une semaine \u00e0 l\u2019autre. Les <strong>Parisiens<\/strong> sont notamment all\u00e9s chercher un bon nul \u00e0 Nice avant de battre <strong>Lorient<\/strong>, mais ils se sont inclin\u00e9s face \u00e0 <strong>Strasbourg<\/strong> \u00e0 la maison ou <strong>Lens<\/strong> en d\u00e9placement. Le PFC pointe actuellement au onzi\u00e8me rang du classement de Ligue 1.<\/p>\n<p>Nantes veut retrouver le chemin de la victoire<\/p>\n<p style=\"text-align: justify;\"><strong>Nantes<\/strong> est de son c\u00f4t\u00e9 sur une s\u00e9rie de cinq matchs sans victoire. Les <strong>Canaris<\/strong> n\u2019ont plus gagn\u00e9 depuis leur succ\u00e8s face \u00e0 <strong>Auxerre<\/strong> \u00e0 la fin du mois d\u2019ao\u00fbt. Le week-end dernier, ils se sont inclin\u00e9s 2 \u00e0 0 \u00e0 la maison face \u00e0 <strong>Lille<\/strong>. Avant cela, ils ont encha\u00een\u00e9 trois matchs nuls cons\u00e9cutifs face au <strong>Stade Rennais<\/strong>, \u00e0 <strong>Toulouse<\/strong> et \u00e0 <strong>Brest<\/strong>.<\/p>\n<p style=\"text-align: justify;\">Les deux formations ne se sont encore jamais affront\u00e9es en match officiel. Ce sera donc une grande premi\u00e8re vendredi soir. Chez les bookmakers, le <strong>Paris FC<\/strong> est donn\u00e9 favori pour cette rencontre.<\/p>\n<p>Ligue 1 : Le programme TV de Paris FC-Nantes<br \/>\nVendredi 24 octobre 2025<\/p>\n<p style=\"text-align: justify;\"><b>Match diffus\u00e9 sur Ligue 1 +<\/b><b>\u00a0: <\/b>D\u00e9but du match \u00e0<strong> 21h00.<\/strong><\/p>\n<p>Les compositions probables de Paris FC-Nantes<br \/>\nLa composition du Paris FC<\/p>\n<p style=\"text-align: justify;\">\u00c0 venir<\/p>\n<p>La composition de Nantes<\/p>\n<p style=\"text-align: justify;\">\u00c0 venir<\/p>\n<p>Les cotes de Paris FC-Nantes<\/p>\n<p style=\"text-align: justify;\">Tentez votre chance en profitant de votre <a href=\"https:\/\/www.winamax.fr\/registration\/landing\/affiliation_Bonus100?banid=33423\" target=\"_blank\" rel=\"noopener\">1er d\u00e9p\u00f4t doubl\u00e9 jusqu\u2019\u00e0 100 \u20ac<\/a> direct en paris gratuits sur Winamax !<\/p>\n","protected":false},"excerpt":{"rendered":"LIGUE 1 2025-2026 \u2013 \u00c0 quelle heure et sur quelle cha\u00eene TV suivre le match de Ligue 1&hellip;\n","protected":false},"author":2,"featured_media":485816,"comment_status":"","ping_status":"","sticky":false,"template":"","format":"standard","meta":{"footnotes":""},"categories":[2818],"tags":[1111,11,2113,1777,674,63,1011,27,66,766,12,445,2636,502,25],"class_list":{"0":"post-485815","1":"post","2":"type-post","3":"status-publish","4":"format-standard","5":"has-post-thumbnail","7":"category-nantes","8":"tag-actu","9":"tag-actualites","10":"tag-breve","11":"tag-eu","12":"tag-europe","13":"tag-football","14":"tag-fr","15":"tag-france","16":"tag-ligue-1","17":"tag-nantes","18":"tag-news","19":"tag-paris-fc","20":"tag-pays-de-la-loire","21":"tag-programme-tv","22":"tag-republique-francaise"},"share_on_mastodon":{"url":"https:\/\/pubeurope.com\/@fr\/115426968536807334","error":""},"_links":{"self":[{"href":"https:\/\/www.europesays.com\/fr\/wp-json\/wp\/v2\/posts\/485815","targetHints":{"allow":["GET"]}}],"collection":[{"href":"https:\/\/www.europesays.com\/fr\/wp-json\/wp\/v2\/posts"}],"about":[{"href":"https:\/\/www.europesays.com\/fr\/wp-json\/wp\/v2\/types\/post"}],"author":[{"embeddable":true,"href":"https:\/\/www.europesays.com\/fr\/wp-json\/wp\/v2\/users\/2"}],"replies":[{"embeddable":true,"href":"https:\/\/www.europesays.com\/fr\/wp-json\/wp\/v2\/comments?post=485815"}],"version-history":[{"count":0,"href":"https:\/\/www.europesays.com\/fr\/wp-json\/wp\/v2\/posts\/485815\/revisions"}],"wp:featuredmedia":[{"embeddable":true,"href":"https:\/\/www.europesays.com\/fr\/wp-json\/wp\/v2\/media\/485816"}],"wp:attachment":[{"href":"https:\/\/www.europesays.com\/fr\/wp-json\/wp\/v2\/media?parent=485815"}],"wp:term":[{"taxonomy":"category","embeddable":true,"href":"https:\/\/www.europesays.com\/fr\/wp-json\/wp\/v2\/categories?post=485815"},{"taxonomy":"post_tag","embeddable":true,"href":"https:\/\/www.europesays.com\/fr\/wp-json\/wp\/v2\/tags?post=485815"}],"curies":[{"name":"wp","href":"https:\/\/api.w.org\/{rel}","templated":true}]}}